{"id":132426,"date":"2026-01-08T20:05:10","date_gmt":"2026-01-08T20:05:10","guid":{"rendered":"https:\/\/www.europesays.com\/no\/132426\/"},"modified":"2026-01-08T20:05:10","modified_gmt":"2026-01-08T20:05:10","slug":"like-distanser-blir-ikke-likt","status":"publish","type":"post","link":"https:\/\/www.europesays.com\/no\/132426\/","title":{"rendered":"\u2013 Like distanser blir ikke likt"},"content":{"rendered":"\n<p class=\"_lead_o9xde_2 _lead_xtcu6_50 layout-component text-serif-m layout-normal text-serif-l layout-component layout-wide layout-padded _wide_17hqh_1 layout-padded\">Sprintl\u00f8ypen til OL i Val di Fiemme utl\u00f8ste diskusjoner etter generalpr\u00f8ven i Tour de Ski. <\/p>\n<p><img alt=\"Harald \u00d8stberg Amundsen, norsk langrennstjerne.  Foto: Terje Pedersen \/ NTB\" class=\"_image_qp4xg_65 layout-component layout-wide\" data-fullscreen- data-track-element-type=\"Article image fullscreen\" data-track-name=\"ImageFullscreen\" fetchpriority=\"high\" decoding=\"sync\" loading=\"eager\" height=\"4000\" itemprop=\"image\"  src=\"https:\/\/www.europesays.com\/no\/wp-content\/uploads\/2026\/01\/98682f6e-9339-4ba9-bd3f-d9a0f2d602d7.jpeg\"  style=\"object-position:0% 0%\" width=\"6000\"\/>Harald \u00d8stberg Amundsen, norsk langrennstjerne.  Foto: Terje Pedersen \/ NTB<\/p>\n<ul aria-hidden=\"true\" class=\"_images_ntbth_112\">\n<li><a class=\"_link_ntbth_117\" href=\"https:\/\/www.vg.no\/forfatter\/herman-folvik\" style=\"z-index:2\" title=\"Herman Folvik\" rel=\"nofollow noopener\" target=\"_blank\"><img alt=\"Bilde av Herman Folvik\" class=\"_image_ntbth_93\" fetchpriority=\"low\" loading=\"lazy\" decoding=\"async\" itemprop=\"image\"  src=\"https:\/\/www.europesays.com\/no\/wp-content\/uploads\/2026\/01\/1767902709_10_b8d5eb91-9fa9-460c-b9f0-da310ffe35dd.png\"  width=\"480\"\/><\/a><\/li>\n<li><a class=\"_link_ntbth_117\" href=\"https:\/\/www.vg.no\/forfatter\/mikal-aaserud\" style=\"z-index:1\" title=\"Mikal Emil Aaserud\" rel=\"nofollow noopener\" target=\"_blank\"><img alt=\"Bilde av Mikal Emil Aaserud\" class=\"_image_ntbth_93\" fetchpriority=\"low\" loading=\"lazy\" decoding=\"async\" itemprop=\"image\"  src=\"https:\/\/www.europesays.com\/no\/wp-content\/uploads\/2026\/01\/1767902710_533_1f4bb18c-b7b1-46ba-9b49-79ae6afd7bbd.jpeg\"  width=\"480\"\/><\/a><\/li>\n<\/ul>\n<p>Val di Fiemme, Italia Oppdatert torsdag 8. januar kl. 20:58    <\/p>\n<ul class=\"_list_o9xde_3 _list_64s2r_85 _unordered_o9xde_106 text-sans-m\">\n<li class=\"_item_o9xde_30\">Den nye sprintl\u00f8ypen i Val di Fiemme vekker skaper etter Tour de Ski.<\/li>\n<li class=\"_item_o9xde_30\">Herrene liker l\u00f8ypa, mens mange kvinner mener den er for lang.<\/li>\n<li class=\"_item_o9xde_30\">Flere l\u00f8pere, inkludert Heidi Weng, \u00f8nsker endringer f\u00f8r OL.<\/li>\n<li class=\"_item_o9xde_30\">Flere store navn mener at avgj\u00f8relsen om at kvinner og herrer skal g\u00e5 like langt, er feil. <\/li>\n<\/ul>\n<p>Vis mer <\/p>\n<p class=\"_paragraph_o9xde_4 _paragraph_xtcu6_10 layout-component text-serif-m layout-normal text-serif-m layout-padded\">Dommen kan grovt sett oppsummeres slik:<\/p>\n<ul class=\"_list_o9xde_3 _list_xtcu6_9 _unordered_o9xde_106 layout-component text-serif-m layout-normal text-serif-m layout-padded\">\n<li class=\"_item_o9xde_30\">De fleste av mennene likte l\u00f8ypa godt. Vinneren Johannes H\u00f8sflot Kl\u00e6bo brukte 3.21 minutter.<\/li>\n<li class=\"_item_o9xde_30\">De fleste av kvinnene virket \u00e5 mislike l\u00f8ypa fordi den var for lang. Vinneren Jasmi Joensuu brukte 3.46 minutter.<\/li>\n<\/ul>\n<p class=\"_paragraph_o9xde_4 _paragraph_xtcu6_10 layout-component text-serif-m layout-normal text-serif-m layout-padded\">Heidi Weng og Ingrid Bergane Aabrek ba begge om at <a href=\"https:\/\/www.vg.no\/sport\/i\/ExWAO2\/ol-sprintloeypa-faar-kritikk-etter-tour-de-ski\" data-track-element-type=\"Link\" data-track-id=\"link:ExWAO2\" class=\"_link_o9xde_39\" rel=\"nofollow noopener\" target=\"_blank\">l\u00f8ypene m\u00e5 endres til OL.<\/a> Landslagstrener for kvinnene, Sjur Ole Svarstad, varsler at Norge vil melde fra om dette til FIS og arrang\u00f8ren.<\/p>\n<p class=\"_paragraph_o9xde_4 _paragraph_xtcu6_10 layout-component text-serif-m layout-normal text-serif-m layout-padded\">Kl\u00e6bo mener derimot at det var p\u00e5 tide at det var en l\u00f8ype som var s\u00e5pass lang at guttene fikk g\u00e5 litt mer enn rundt 2.30 minutter.<\/p>\n<p class=\"_paragraph_o9xde_4 _paragraph_xtcu6_10 layout-component text-serif-m layout-normal text-serif-m layout-padded\">\u2013 Det kan ikke v\u00e6re slik at det alltid er gutta som m\u00e5 g\u00e5 s\u00e5pass kort. Men det er dette som blir utfordringen n\u00e5r vi skal g\u00e5 samme distanse, sier Kl\u00e6bo.<\/p>\n<p class=\"_paragraph_o9xde_4 _paragraph_xtcu6_10 layout-component text-serif-m layout-normal text-serif-m layout-padded\">Tradisjonelt har herrene bestandig g\u00e5tt lenger enn kvinnene i langrenn. Tidligere FISFISDet internasjonale skiforbundet som organiserer og regulerer internasjonale ski- og snowboardkonkurranser. -topp Vegard Ulvang jobbet for at det skulle bli like distanser. Det ble testet ut i 2022\/23-sesongen, og siden har nasjonene stemt frem dette med klart flertall. <\/p>\n<p class=\"_paragraph_o9xde_4 _paragraph_xtcu6_10 layout-component text-serif-m layout-normal text-serif-m layout-padded\">Flere Tour de Ski-profiler mener det b\u00f8r reverseres.<\/p>\n<p class=\"_paragraph_o9xde_4 _paragraph_xtcu6_10 layout-component text-serif-m layout-normal text-serif-m layout-padded\">\u2013 Ingen l\u00f8pere jeg har pratet med har sagt at de jobbet for at vi skal g\u00e5 like distanser. P\u00e5 damesiden skiller det ekstremt, mens for oss gutter er det jevnt i dag, sier Harald \u00d8stberg Amundsen engasjert og fortsetter:<\/p>\n<p class=\"_paragraph_o9xde_4 _paragraph_xtcu6_10 layout-component text-serif-m layout-normal text-serif-m layout-padded\">\u2013 Det er det vi ut\u00f8vere har ment absolutt: Like distanser blir ikke likt. Det vi m\u00e5 jobbe for, er at l\u00f8pet blir like langt for kj\u00f8nnene i tid. Denne l\u00f8ypen er optimal for herrel\u00f8pere. Endelig f\u00e5r vi g\u00e5tt l\u00f8yper som er lenger enn 2.30, men ser jeg at den kan v\u00e6re for lang for kvinnene.<\/p>\n<p class=\"_paragraph_o9xde_4 _paragraph_xtcu6_10 layout-component text-serif-m layout-normal text-serif-m layout-padded\">Han advarer mot \u00e5 endre p\u00e5 sprintl\u00f8ypen til OL.<\/p>\n<p class=\"_paragraph_o9xde_4 _paragraph_xtcu6_10 layout-component text-serif-m layout-normal text-serif-m layout-padded\">\u2013 Men det dummeste vi kan gj\u00f8re er \u00e5 kutte ned herrel\u00f8ypa p\u00e5 denne arenaen. Da ber du om at vi bare skal stoppe p\u00e5 toppen av siste nedoverbakke inn mot m\u00e5l, sier Amundsen.<\/p>\n<p class=\"_paragraph_o9xde_4 _paragraph_xtcu6_10 layout-component text-serif-m layout-normal text-serif-m layout-padded\">\u2013 Hvorfor tror du ikke ut\u00f8vere blir h\u00f8rt?<\/p>\n<p class=\"_paragraph_o9xde_4 _paragraph_xtcu6_10 layout-component text-serif-m layout-normal text-serif-m layout-padded\">\u2013 Aner ikke, godt sp\u00f8rsm\u00e5l. Jeg aner ikke hvordan systemet funker. Det er umulig \u00e5 se hvordan ting henger sammen i idrett generelt, b\u00e5de i Norge og utlandet. Vi aner ikke hvem som tar avgj\u00f8relser. Men det er hvert fall ingen som prater med oss.<\/p>\n<p class=\"_paragraph_o9xde_4 _paragraph_xtcu6_10 layout-component text-serif-m layout-normal text-serif-m layout-padded\">Federico Pellegrino, Italias st\u00f8rste langrennsstjerne, st\u00f8tter Amundsen.<\/p>\n<p class=\"_paragraph_o9xde_4 _paragraph_xtcu6_10 layout-component text-serif-m layout-normal text-serif-m layout-padded\">\u2013 \u00c5 kj\u00f8re samme distanser er ikke rettferdig. Damer og herrer er forskjellige og har ulike kvaliteter. Tenk deg denne sprintl\u00f8ypa i Val di Fiemme for kvinner med tregt f\u00f8re som sn\u00f8 eller regn, da kan vi ikke fortsette \u00e5 kalle det sprint, sier Pellegrino og rister p\u00e5 hodet.<\/p>\n<p class=\"_paragraph_o9xde_4 _paragraph_xtcu6_10 layout-component text-serif-m layout-normal text-serif-m layout-padded\">Maja Dahlqvist, medaljeh\u00e5p for Sverige i OL, har samme oppfatning som Pellegrino og Amundsen. <\/p>\n<p class=\"_paragraph_o9xde_4 _paragraph_xtcu6_10 layout-component text-serif-m layout-normal text-serif-m layout-padded\">\u2013 P\u00e5 sprint synes jeg man skal g\u00e5 for \u00e5 f\u00e5 mest mulig like tider fremfor distanser. Og se p\u00e5 femmila i Holmenkollen, er det 20 kvinner det har v\u00e6rt p\u00e5 start der? Jeg vet ikke. Det g\u00e5r en grense for hvor mye den ekstra tiden sliter p\u00e5 for kvinnene \u2013 og hvor mye man vil ofre. Jeg synes man skal fokusere mer p\u00e5 \u00e5 g\u00e5 like lenge i tid \u2013 ikke distanse, sier Dahlqvist.<\/p>\n<p class=\"_paragraph_o9xde_4 _paragraph_xtcu6_10 layout-component text-serif-m layout-normal text-serif-m layout-padded\">\u2013 Vi er i 2026 og alle vet jo at vi kan g\u00e5 like langt. Det er jo ikke noe sp\u00f8rsm\u00e5l.<\/p>\n<p class=\"_paragraph_o9xde_4 _paragraph_xtcu6_10 layout-component text-serif-m layout-normal text-serif-m layout-padded\">Michal Lamplot, renndirekt\u00f8r i FIS, avviser hele diskusjonen.<\/p>\n<p class=\"_paragraph_o9xde_4 _paragraph_xtcu6_10 layout-component text-serif-m layout-normal text-serif-m layout-padded\">\u2013 Vi hadde diskusjonen om like distanser for noen \u00e5r siden, s\u00e5 jeg ser ingen grunn til \u00e5 endre det igjen n\u00e5, sier Lamplot.<\/p>\n<p class=\"_paragraph_o9xde_4 _paragraph_xtcu6_10 layout-component text-serif-m layout-normal text-serif-m layout-padded\">Han varsler at de vil evaluere l\u00f8ypen f\u00f8r OL, men tviler p\u00e5 at det vil bli justeringer.<\/p>\n<p class=\"_paragraph_o9xde_4 _paragraph_xtcu6_10 layout-component text-serif-m layout-normal text-serif-m layout-padded\">\u2013 Endring s\u00e5 tett p\u00e5 OL er ekstremt vanskelig. Men vi skal analysere og se p\u00e5 om det kan v\u00e6re noen muligheter, men det er fryktelig vanskelig, sier Lamplot.<\/p>\n<p class=\"_paragraph_o9xde_4 _paragraph_xtcu6_10 layout-component text-serif-m layout-normal text-serif-m layout-padded\">Johannes H\u00f8sflot Kl\u00e6bo og Jessie Diggins vant \u00e5rets Tour de Ski sammenlagt.<\/p>\n","protected":false},"excerpt":{"rendered":"Sprintl\u00f8ypen til OL i Val di Fiemme utl\u00f8ste diskusjoner etter generalpr\u00f8ven i Tour de Ski. Harald \u00d8stberg Amundsen,&hellip;\n","protected":false},"author":2,"featured_media":132427,"comment_status":"","ping_status":"","sticky":false,"template":"","format":"standard","meta":{"footnotes":""},"categories":[59],"tags":[398,30,28,29,83,82,12662,399],"class_list":{"0":"post-132426","1":"post","2":"type-post","3":"status-publish","4":"format-standard","5":"has-post-thumbnail","7":"category-sport","8":"tag-langrenn","9":"tag-no","10":"tag-norge","11":"tag-norway","12":"tag-sport","13":"tag-sports","14":"tag-tour-de-ski","15":"tag-vintersport"},"share_on_mastodon":{"url":"https:\/\/pubeurope.com\/@no\/115861279425351543","error":""},"_links":{"self":[{"href":"https:\/\/www.europesays.com\/no\/wp-json\/wp\/v2\/posts\/132426","targetHints":{"allow":["GET"]}}],"collection":[{"href":"https:\/\/www.europesays.com\/no\/wp-json\/wp\/v2\/posts"}],"about":[{"href":"https:\/\/www.europesays.com\/no\/wp-json\/wp\/v2\/types\/post"}],"author":[{"embeddable":true,"href":"https:\/\/www.europesays.com\/no\/wp-json\/wp\/v2\/users\/2"}],"replies":[{"embeddable":true,"href":"https:\/\/www.europesays.com\/no\/wp-json\/wp\/v2\/comments?post=132426"}],"version-history":[{"count":0,"href":"https:\/\/www.europesays.com\/no\/wp-json\/wp\/v2\/posts\/132426\/revisions"}],"wp:featuredmedia":[{"embeddable":true,"href":"https:\/\/www.europesays.com\/no\/wp-json\/wp\/v2\/media\/132427"}],"wp:attachment":[{"href":"https:\/\/www.europesays.com\/no\/wp-json\/wp\/v2\/media?parent=132426"}],"wp:term":[{"taxonomy":"category","embeddable":true,"href":"https:\/\/www.europesays.com\/no\/wp-json\/wp\/v2\/categories?post=132426"},{"taxonomy":"post_tag","embeddable":true,"href":"https:\/\/www.europesays.com\/no\/wp-json\/wp\/v2\/tags?post=132426"}],"curies":[{"name":"wp","href":"https:\/\/api.w.org\/{rel}","templated":true}]}}