{"id":132430,"date":"2026-01-08T20:10:28","date_gmt":"2026-01-08T20:10:28","guid":{"rendered":"https:\/\/www.europesays.com\/no\/132430\/"},"modified":"2026-01-08T20:10:28","modified_gmt":"2026-01-08T20:10:28","slug":"mange-raka-vatnet-kan-bli-vekke","status":"publish","type":"post","link":"https:\/\/www.europesays.com\/no\/132430\/","title":{"rendered":"Mange r\u00e5ka \u2013 vatnet kan bli vekke"},"content":{"rendered":"<p data-testid=\"textWithMarkup-text\" data-v-81d7dc2b=\"\" data-v-62d58f52=\"\">Det er brot p\u00e5 vassleidningsnettet og store deler av Nordfjordeid er r\u00e5ka. <\/p>\n<p data-testid=\"textWithMarkup-text\" data-v-81d7dc2b=\"\" data-v-62d58f52=\"\">Det melder kommunalteknikk i ei melding torsdag f\u00f8remiddag. Stad kommune melder ogs\u00e5 om dette p\u00e5 eigne nettsider. <\/p>\n<p data-testid=\"textWithMarkup-text\" data-v-81d7dc2b=\"\" data-v-62d58f52=\"\">P\u00e5 grunn av brotet p\u00e5 vassleidningsnettet kan vatnet bli avstengt for reparasjon utan vidare varsel. <\/p>\n<p data-testid=\"textWithMarkup-text\" data-v-81d7dc2b=\"\" data-v-62d58f52=\"\">Det ser ut til at Stad kommune har funne ut kvar brotet p\u00e5 vassleidningsnettet er. Stad kommune melder at p\u00e5 grunn av reparasjon av vassleidning kan det bli redusert framkome eller heilt stengt veg p\u00e5 kort varsel ved Skulevegen p\u00e5 Nordfjordeid torsdag. <\/p>\n<p data-testid=\"textWithMarkup-text\" data-v-81d7dc2b=\"\" data-v-62d58f52=\"\">Er du r\u00e5ka av brotet og vatnet blir tatt ved reperasjon torsdag, kan det medf\u00f8re noko forstyrrelse i mengde og kvalitet p\u00e5 vatn, if\u00f8lge kommunalteknikk. <\/p>\n<p data-testid=\"textWithMarkup-text\" data-v-81d7dc2b=\"\" data-v-62d58f52=\"\">Det kan bli luft og farge p\u00e5 vatnet, og anbefalinga er \u00e5 spyle ut kaldt vatn n\u00e6rast inntaket, til kvaliteten er tilfredsstillande, reins siler om trykktap blir varande. <\/p>\n","protected":false},"excerpt":{"rendered":"Det er brot p\u00e5 vassleidningsnettet og store deler av Nordfjordeid er r\u00e5ka. Det melder kommunalteknikk i ei melding&hellip;\n","protected":false},"author":2,"featured_media":132431,"comment_status":"","ping_status":"","sticky":false,"template":"","format":"standard","meta":{"footnotes":""},"categories":[10],"tags":[20,21,24,25,15,22,23,13,30,28,29,14,16,26,27],"class_list":{"0":"post-132430","1":"post","2":"type-post","3":"status-publish","4":"format-standard","5":"has-post-thumbnail","7":"category-norge","8":"tag-breaking-news","9":"tag-breakingnews","10":"tag-featured-news","11":"tag-featurednews","12":"tag-headlines","13":"tag-latest-news","14":"tag-latestnews","15":"tag-news","16":"tag-no","17":"tag-norge","18":"tag-norway","19":"tag-nyheter","20":"tag-overskrifter","21":"tag-top-stories","22":"tag-topstories"},"share_on_mastodon":{"url":"https:\/\/pubeurope.com\/@no\/115861299125109283","error":""},"_links":{"self":[{"href":"https:\/\/www.europesays.com\/no\/wp-json\/wp\/v2\/posts\/132430","targetHints":{"allow":["GET"]}}],"collection":[{"href":"https:\/\/www.europesays.com\/no\/wp-json\/wp\/v2\/posts"}],"about":[{"href":"https:\/\/www.europesays.com\/no\/wp-json\/wp\/v2\/types\/post"}],"author":[{"embeddable":true,"href":"https:\/\/www.europesays.com\/no\/wp-json\/wp\/v2\/users\/2"}],"replies":[{"embeddable":true,"href":"https:\/\/www.europesays.com\/no\/wp-json\/wp\/v2\/comments?post=132430"}],"version-history":[{"count":0,"href":"https:\/\/www.europesays.com\/no\/wp-json\/wp\/v2\/posts\/132430\/revisions"}],"wp:featuredmedia":[{"embeddable":true,"href":"https:\/\/www.europesays.com\/no\/wp-json\/wp\/v2\/media\/132431"}],"wp:attachment":[{"href":"https:\/\/www.europesays.com\/no\/wp-json\/wp\/v2\/media?parent=132430"}],"wp:term":[{"taxonomy":"category","embeddable":true,"href":"https:\/\/www.europesays.com\/no\/wp-json\/wp\/v2\/categories?post=132430"},{"taxonomy":"post_tag","embeddable":true,"href":"https:\/\/www.europesays.com\/no\/wp-json\/wp\/v2\/tags?post=132430"}],"curies":[{"name":"wp","href":"https:\/\/api.w.org\/{rel}","templated":true}]}}