{"id":132434,"date":"2026-01-08T20:12:07","date_gmt":"2026-01-08T20:12:07","guid":{"rendered":"https:\/\/www.europesays.com\/no\/132434\/"},"modified":"2026-01-08T20:12:07","modified_gmt":"2026-01-08T20:12:07","slug":"handball-norge-norge-raknet-etter-pause-nesten-ikke-til-a-tro","status":"publish","type":"post","link":"https:\/\/www.europesays.com\/no\/132434\/","title":{"rendered":"H\u00e5ndball, Norge | Norge raknet etter pause: \u2013 Nesten ikke til \u00e5 tro"},"content":{"rendered":"\n<p>Norge skal ogs\u00e5 m\u00f8te vertsnasjon Nederland i det som er de siste kampene f\u00f8r EM-sluttspillet tar til neste uke.<\/p>\n<p>Mot Danmark fikk Norge en kjempestart, og det sto 13-13 til pause etter at keeper Torbj\u00f8rn Bergerud hadde levert elleve redninger.<\/p>\n<p>\u2013 Jeg er veldig begeistret over det jeg s\u00e5 i 1. omgang. En glitrende Bergerud. Han er en vesentlig faktor til at det er uavgjort, sa TV 2-ekspert Gro Hammerseng-Edin i pausen.<\/p>\n<p>Men etter hvilen raknet det norske laget. Midtveis i omgangen hadde danskene fikset en tim\u00e5lsluke.<\/p>\n<p>\u2013 Nesten ikke til \u00e5 tro, sa TV 2-kommentator Harald Bredeli.<\/p>\n<p>P\u00e5 den andre siden hadde Danmark-keeper Emil Nielsen v\u00e5knet og reddet mange ganger. Norge reduserte flere ganger, men tapte klart.<\/p>\n<p>Alexander Blonz scoret seks m\u00e5l for Norge, mens Patrick Helland Anderson noterte seg for fem.<\/p>\n<p>Smell for profil<\/p>\n<p>Tobias Gr\u00f8ndahl gikk i gulvet snaut midtveis i 1. omgang etter en duell med Danmarks Rasmus Lauge. Gr\u00f8ndahl ble liggende f\u00f8r han fikk behandling. Han kom seg senere tilbake p\u00e5 banen.<\/p>\n<p>Norge r\u00f8k 33-38 for Danmark i Golden League-turneringen i Trondheim i oktober.<\/p>\n<p>Norge skal m\u00f8te Nederland l\u00f8rdag. Det er siste oppkj\u00f8ringskamp f\u00f8r EM tar til neste uke. Norge tapte ogs\u00e5 for Nederland i Trondheim i h\u00f8st.<\/p>\n<p>Busstur<\/p>\n<p>Danmark fikk en lang busstur som oppladning til turneringen i Nederland. Laget skulle opprinnelig fly fra Billund til Amsterdam onsdag, men d\u00e5rlig v\u00e6r f\u00f8rte til flyutsettelse. Dermed ble det \u00e5tte timer i buss i stedet.<\/p>\n<p>Norge reiste til Nederland allerede 2. januar.<\/p>\n<p>Norge m\u00f8ter Ukraina i f\u00f8rste EM-kamp neste torsdag. Deretter venter dueller mot Tsjekkia og Frankrike i puljespillet.<\/p>\n<p>(\u00a9NTB)<\/p>\n","protected":false},"excerpt":{"rendered":"Norge skal ogs\u00e5 m\u00f8te vertsnasjon Nederland i det som er de siste kampene f\u00f8r EM-sluttspillet tar til neste&hellip;\n","protected":false},"author":2,"featured_media":132435,"comment_status":"","ping_status":"","sticky":false,"template":"","format":"standard","meta":{"footnotes":""},"categories":[59],"tags":[30,28,29,83,82],"class_list":{"0":"post-132434","1":"post","2":"type-post","3":"status-publish","4":"format-standard","5":"has-post-thumbnail","7":"category-sport","8":"tag-no","9":"tag-norge","10":"tag-norway","11":"tag-sport","12":"tag-sports"},"share_on_mastodon":{"url":"https:\/\/pubeurope.com\/@no\/115861306928223678","error":""},"_links":{"self":[{"href":"https:\/\/www.europesays.com\/no\/wp-json\/wp\/v2\/posts\/132434","targetHints":{"allow":["GET"]}}],"collection":[{"href":"https:\/\/www.europesays.com\/no\/wp-json\/wp\/v2\/posts"}],"about":[{"href":"https:\/\/www.europesays.com\/no\/wp-json\/wp\/v2\/types\/post"}],"author":[{"embeddable":true,"href":"https:\/\/www.europesays.com\/no\/wp-json\/wp\/v2\/users\/2"}],"replies":[{"embeddable":true,"href":"https:\/\/www.europesays.com\/no\/wp-json\/wp\/v2\/comments?post=132434"}],"version-history":[{"count":0,"href":"https:\/\/www.europesays.com\/no\/wp-json\/wp\/v2\/posts\/132434\/revisions"}],"wp:featuredmedia":[{"embeddable":true,"href":"https:\/\/www.europesays.com\/no\/wp-json\/wp\/v2\/media\/132435"}],"wp:attachment":[{"href":"https:\/\/www.europesays.com\/no\/wp-json\/wp\/v2\/media?parent=132434"}],"wp:term":[{"taxonomy":"category","embeddable":true,"href":"https:\/\/www.europesays.com\/no\/wp-json\/wp\/v2\/categories?post=132434"},{"taxonomy":"post_tag","embeddable":true,"href":"https:\/\/www.europesays.com\/no\/wp-json\/wp\/v2\/tags?post=132434"}],"curies":[{"name":"wp","href":"https:\/\/api.w.org\/{rel}","templated":true}]}}