{"id":132436,"date":"2026-01-08T20:19:11","date_gmt":"2026-01-08T20:19:11","guid":{"rendered":"https:\/\/www.europesays.com\/no\/132436\/"},"modified":"2026-01-08T20:19:11","modified_gmt":"2026-01-08T20:19:11","slug":"kan-skje-allerede-i-kveld","status":"publish","type":"post","link":"https:\/\/www.europesays.com\/no\/132436\/","title":{"rendered":"&#8211; Kan skje allerede i kveld"},"content":{"rendered":"<p>    Amerikanske tjenestemenn skal ha diskutert \u00e5 betale en stor engangssum til gr\u00f8nlenderne for \u00e5 la Trump \u00aboverta\u00bb landet. &#8211; Ta Trump seri\u00f8st, r\u00e5der visepresidenten.<\/p>\n<p>\n    NY MOTIVASJON? If\u00f8lge Reuters kan gr\u00f8nlenderne bli fristet med penger for \u00e5 la USA bli de rettmessig eierne av landet deres. Foto: Odd Andersen \/ AFP \/ NTB\n  <\/p>\n<p>Amerikanske tjenestemenn har diskutert muligheten for \u00e5 sende en st\u00f8rre engangssum til gr\u00f8nlenderne som en del av planen med \u00e5 annektere \u00f8ya.\u00a0<\/p>\n<p>Det melder Reuters som siterer fire\u00a0 anonyme tjenestemenn p\u00e5 informasjonen.\u00a0\u00a0<\/p>\n<p>Meldingen kommer samtidig som Danmarks ambassad\u00f8r er i m\u00f8te i Det hvite hus, if\u00f8lge danske medier.\u00a0<\/p>\n<p>    <a itemprop=\"url\" href=\"https:\/\/www.dagbladet.no\/nyheter\/trump-venner-raser-mot-gronland-planene\/84069580\" rel=\"nofollow noopener\" target=\"_blank\"><\/p>\n<p>        <img loading=\"lazy\" decoding=\"async\" src=\"https:\/\/www.europesays.com\/no\/wp-content\/uploads\/2026\/01\/84069830.webp.webp\" width=\"980\" height=\"441\" title=\"Trump-venner raser mot Gr\u00f8nland-planene\" alt=\"\" class=\"lazyload\" style=\"--aspect-ratio-image: 2.22; \"\/><\/p>\n<p>        Trump-venner raser mot Gr\u00f8nland-planene<\/p>\n<p>    <\/a><\/p>\n<p>Kan bli \u00abbillig\u00bb\u00a0<\/p>\n<p>If\u00f8lge Reuters er det ingen enighet om potensiell sum eller hvordan betalingene potensielt kan foreg\u00e5. If\u00f8lge to av kildene varierer summene som har v\u00e6rt diskutert fra 10 000 dollar per person til 100 000 dollar, alts\u00e5 fra omkring 100 000 norske kroner til \u00e9n million.\u00a0<\/p>\n<p>Et slikt scenario ble ogs\u00e5 omtalt i form av et tankeeksperiment i et ferskt\u00a0<a href=\"https:\/\/ugebrev.dk\/wp-content\/uploads\/2026\/01\/global_daily_the_end_of_nato.pdf\" target=\"_blank\" rel=\"nofollow noopener\">nyhetsbrev<\/a>\u00a0fra storbanken Rabobank,\u00a0f\u00f8rst omtalt av danske\u00a0<a href=\"https:\/\/www.bt.dk\/politik\/storbank-har-bud-paa-trumps-tilbud-kaempe-beloeb-til-hver-groenlaender\" target=\"_blank\" rel=\"nofollow noopener\">BT<\/a>.\u00a0<\/p>\n<p>Banken viser til at Trump bruker for mye pisk og lite gulrot, men spekulerer i om det kan endre seg.\u00a0<\/p>\n<p>Sp\u00f8rsm\u00e5let er hva som da skjer, p\u00e5peker banken.\u00a0<\/p>\n<p>Med en befolkning p\u00e5 rundt 50 000 trenger det ikke \u00e5 koste mer enn 50 milliarder dollar, omkring en million dollar til hver gr\u00f8nlender, for at Gr\u00f8nland potensielt kan bli amerikansk.<\/p>\n<p>    <a itemprop=\"url\" href=\"https:\/\/www.dagbladet.no\/nyheter\/snart\/84052574\" rel=\"nofollow noopener\" target=\"_blank\"><\/p>\n<p>        <img loading=\"lazy\" decoding=\"async\" src=\"https:\/\/www.europesays.com\/no\/wp-content\/uploads\/2026\/01\/1767903550_289_84052587.webp.webp\" width=\"980\" height=\"441\" title=\"\u00abSnart\u00bb\" alt=\"\" class=\"lazyload\" style=\"--aspect-ratio-image: 2.22; \"\/><\/p>\n<p>        \u00abSnart\u00bb<\/p>\n<p>    <\/a><\/p>\n<p>Holdt krisem\u00f8te  <\/p>\n<p> Danmark\u00a0<a href=\"https:\/\/www.dagbladet.no\/nyheter\/bildet-som-tegnes-er-feil\/84063657\" rel=\"nofollow noopener\" target=\"_blank\">holdt tirsdag et krisem\u00f8te<\/a>\u00a0p\u00e5 Christiansborg slott som f\u00f8lge av gjentatte uttalelser fra USAs president Donald Trump om at USA trenger Gr\u00f8nland. <\/p>\n<p>&#8211; Vi m\u00e5 selvsagt ta p\u00e5 alvor at USAs president har en ambisjon om Gr\u00f8nland. V\u00e5r oppgave er \u00e5 fjerne noen av argumentene og gj\u00f8re dem til skamme, sa Danmarks utenriksminister Lars L\u00f8kke Rasmussen etter krisem\u00f8tet tirsdag.<\/p>\n<p>        VIL OVERTA: I et ferskt intervju med Fox News f\u00e5r USAs visepresident J.D. Vance sp\u00f8rsm\u00e5l om hvor langt USA er villig til \u00e5 g\u00e5 for \u00e5 ta over Gr\u00f8nland.<\/p>\n<p>Han la ogs\u00e5 til at bildet amerikanerne tegner av Gr\u00f8nland er feil. If\u00f8lge Trump \u00abkryr\u00bb det av russiske og kinesiske skip rundt \u00f8ya, noe Danmark er tydelig p\u00e5 at ikke stemmer.<\/p>\n<p>Kort tid etter\u00a0g<a href=\"https:\/\/www.dagbladet.no\/nyheter\/nye-gronland-utspill\/84064250\" rel=\"nofollow noopener\" target=\"_blank\">jentok Trump-administrasjonen budskapet <\/a>om at Gr\u00f8nland b\u00f8r bli en del av USA:\u00a0<\/p>\n<p> -Trump er ivrig p\u00e5 \u00e5 f\u00e5 p\u00e5 plass en avtale, til tross for innvendinger fra ledere i Nato, heter det i en uttalelse fra Det hvite hus som Reuters siterer. <\/p>\n<p>Vance: &#8211; Ta Trump seri\u00f8st<\/p>\n<p>Torsdag kveld ber ogs\u00e5 USAs visepresident J.D. Vance europeiske ledere om \u00e5 ta Trump seri\u00f8st i Gr\u00f8nland-saken.<\/p>\n<p>&#8211; R\u00e5det mitt til europeiske ledere og alle andre er \u00e5 ta USAs president seri\u00f8st p\u00e5 det han sier om Gr\u00f8nland, sier Vance p\u00e5 en pressekonferanse.<\/p>\n<p>Han mener at Europa har overreagert de siste dagene. Visepresidenten viser til tidligere uttalelser fra Trump, og koker det ned til to punkter:<\/p>\n<ul>\n<li class=\"lab-bodytext-line\">Gr\u00f8nland er viktig, ikke bare for USAs missilforsvar, men for hele verdens missilforsvar.<\/li>\n<li class=\"lab-bodytext-line\">Vance sier at USA har fiender som er sv\u00e6rt interessert i dette omr\u00e5det og spesifikt denne delen av verden.\u00a0<\/li>\n<\/ul>\n<p>&#8211; S\u00e5 det vi ber v\u00e5re europeiske venner om \u00e5 gj\u00f8re, er \u00e5 ta sikkerheten i dette omr\u00e5det mer seri\u00f8st. Hvis de ikke gj\u00f8r det, m\u00e5 USA gj\u00f8re noe med det. Hvordan det vil skje, blir opp til presidenten, sier Vance.<\/p>\n<p>    <a itemprop=\"url\" href=\"https:\/\/www.dagbladet.no\/nyheter\/danmarks-frykt-tvinger-fram-losning\/84057522\" rel=\"nofollow noopener\" target=\"_blank\"><\/p>\n<p>        <img loading=\"lazy\" decoding=\"async\" src=\"https:\/\/www.europesays.com\/no\/wp-content\/uploads\/2026\/01\/1767903551_432_84058410.webp.webp\" width=\"980\" height=\"441\" title=\"Danmarks frykt: - Tvinger fram l\u00f8sning\" alt=\"\" class=\"lazyload\" style=\"--aspect-ratio-image: 2.22; \"\/><\/p>\n<p>        Danmarks frykt: &#8211; Tvinger fram l\u00f8sning<\/p>\n<p>    <\/a><\/p>\n<p>I Det hvite hus<\/p>\n<p>Danmarks ambassad\u00f8r Jesper M\u00f8ller S\u00f8rensen har v\u00e6rt i m\u00f8te med amerikanske diplomater i Det hvite hus, if\u00f8lge danske medier.<\/p>\n<p>Det melder b\u00e5de\u00a0<a href=\"https:\/\/www.dr.dk\/nyheder\/indland\/groenland\/live-storpolitisk-drama-mellem-usa-danmark-og-groenland?focusId=10817647\" target=\"_blank\" rel=\"nofollow noopener\">Danmarks Radio<\/a>\u00a0og dansk\u00a0<a href=\"https:\/\/nyheder.tv2.dk\/live\/2025-01-06-kampen-om-groenlands-fremtid\/danmarks-ambassadoer-paa-vej-til-det-hvide-hus-erfarer-tv-2?entry=a1820925-8e13-423c-a414-cf518e90b845\" target=\"_blank\" rel=\"nofollow noopener\">TV2<\/a>.<\/p>\n<p>Gr\u00f8nlands representasjonssjef i USA Jacob Isbosethsen deltok ogs\u00e5, skriver de.<\/p>\n<p>M\u00f8tet skal v\u00e6re med h\u00f8ytst\u00e5ende amerikanske embetsmenn. Det er ikke kjent hva de snakker om.<\/p>\n<p> USAs utenriksminister Marco Rubio sa onsdag at han kom til \u00e5 ta imot representanter fra Danmark og Gr\u00f8nland<a href=\"https:\/\/www.dagbladet.no\/nyheter\/bekrefter-mote\/84068269\" rel=\"nofollow noopener\" target=\"_blank\">\u00a0i et m\u00f8te neste uke.<\/a><\/p>\n","protected":false},"excerpt":{"rendered":"Amerikanske tjenestemenn skal ha diskutert \u00e5 betale en stor engangssum til gr\u00f8nlenderne for \u00e5 la Trump \u00aboverta\u00bb landet.&hellip;\n","protected":false},"author":2,"featured_media":132437,"comment_status":"","ping_status":"","sticky":false,"template":"","format":"standard","meta":{"footnotes":""},"categories":[12],"tags":[20,21,24,25,15,179,22,23,13,30,28,29,14,16,188,26,27,489,50,412,42,43,44,45],"class_list":{"0":"post-132436","1":"post","2":"type-post","3":"status-publish","4":"format-standard","5":"has-post-thumbnail","7":"category-verden","8":"tag-breaking-news","9":"tag-breakingnews","10":"tag-featured-news","11":"tag-featurednews","12":"tag-headlines","13":"tag-krigen-i-ukraina","14":"tag-latest-news","15":"tag-latestnews","16":"tag-news","17":"tag-no","18":"tag-norge","19":"tag-norway","20":"tag-nyheter","21":"tag-overskrifter","22":"tag-russland","23":"tag-top-stories","24":"tag-topstories","25":"tag-ukraina","26":"tag-usa","27":"tag-utenriks","28":"tag-verden","29":"tag-world","30":"tag-world-news","31":"tag-worldnews"},"share_on_mastodon":{"url":"https:\/\/pubeurope.com\/@no\/115861334570353922","error":""},"_links":{"self":[{"href":"https:\/\/www.europesays.com\/no\/wp-json\/wp\/v2\/posts\/132436","targetHints":{"allow":["GET"]}}],"collection":[{"href":"https:\/\/www.europesays.com\/no\/wp-json\/wp\/v2\/posts"}],"about":[{"href":"https:\/\/www.europesays.com\/no\/wp-json\/wp\/v2\/types\/post"}],"author":[{"embeddable":true,"href":"https:\/\/www.europesays.com\/no\/wp-json\/wp\/v2\/users\/2"}],"replies":[{"embeddable":true,"href":"https:\/\/www.europesays.com\/no\/wp-json\/wp\/v2\/comments?post=132436"}],"version-history":[{"count":0,"href":"https:\/\/www.europesays.com\/no\/wp-json\/wp\/v2\/posts\/132436\/revisions"}],"wp:featuredmedia":[{"embeddable":true,"href":"https:\/\/www.europesays.com\/no\/wp-json\/wp\/v2\/media\/132437"}],"wp:attachment":[{"href":"https:\/\/www.europesays.com\/no\/wp-json\/wp\/v2\/media?parent=132436"}],"wp:term":[{"taxonomy":"category","embeddable":true,"href":"https:\/\/www.europesays.com\/no\/wp-json\/wp\/v2\/categories?post=132436"},{"taxonomy":"post_tag","embeddable":true,"href":"https:\/\/www.europesays.com\/no\/wp-json\/wp\/v2\/tags?post=132436"}],"curies":[{"name":"wp","href":"https:\/\/api.w.org\/{rel}","templated":true}]}}