{"id":132440,"date":"2026-01-08T20:21:08","date_gmt":"2026-01-08T20:21:08","guid":{"rendered":"https:\/\/www.europesays.com\/no\/132440\/"},"modified":"2026-01-08T20:21:08","modified_gmt":"2026-01-08T20:21:08","slug":"gronland-er-ikke-sa-viktig-nrk-nordland","status":"publish","type":"post","link":"https:\/\/www.europesays.com\/no\/132440\/","title":{"rendered":"\u2013 Gr\u00f8nland er ikke s\u00e5 viktig \u2013 NRK Nordland"},"content":{"rendered":"<p>USAs president Donald Trump <a href=\"https:\/\/www.nrk.no\/urix\/det-hvite-hus_-_-a-ta-over-gronland-er-en-nasjonal-sikkerhetsprioritet-1.17716804\" ec-id=\"pp:article:1.17716804\" ec-name=\"presser p\u00e5 i sine uttalelser om \u00e5 ta kontroll over Gr\u00f8nland\" rel=\"nofollow noopener\" target=\"_blank\">presser p\u00e5 i sine uttalelser om \u00e5 ta kontroll over Gr\u00f8nland<\/a>, og Det hvite hus <a href=\"https:\/\/www.nrk.no\/nyheter\/det-hvite-hus_-a-bruke-militaeret-for-a-fa-gronland-er-alltid-et-alternativ-1.17716791\" ec-id=\"pp:article:1.17716791\" ec-name=\"har ikke utelukket \u00e5 bruke milit\u00e6r makt\" rel=\"nofollow noopener\" target=\"_blank\">har ikke utelukket \u00e5 bruke milit\u00e6r makt<\/a>.<\/p>\n<p><strong>Det vil i s\u00e5 fall trolig v\u00e6re slutten p\u00e5 forsvarsalliansen Nato, mener sjefforsker Bj\u00f8rn Olav Knutsen ved Forsvarets forskningsinstitutt (FFI).<\/strong><\/p>\n<p>\u2013 Dersom USA g\u00e5r til annektering av Gr\u00f8nland, vil sjansen for et brudd i de transatlantiske relasjonene absolutt v\u00e6re veldig, veldig h\u00f8y.<\/p>\n<p><img decoding=\"async\"   src=\"data:image\/gif;base64,R0lGODlhAQABAIAAAAAAAP\/\/\/yH5BAEAAAAALAAAAAABAAEAAAIBRAA7\" loading=\"eager\" alt=\"En person st\u00e5r foran en fargerik vegg i et moderne lokale. Personen har p\u00e5 seg en r\u00f8d genser over en hvit skjorte. Belysningen i rommet er dempet, med flere lys langs veggene. Det er en myk og \u00e5pen atmosf\u00e6re i bakgrunnen med sitteplasser og en gang. \" title=\"Foto: Tobias Prosch Simonsen \/ NRK\"\/><\/p>\n<p class=\"\">Bj\u00f8rn Olav Knutsen er sjefforsker ved Forsvarets forskningsinstitutt (FFI).<\/p>\n<p>Foto: Tobias Prosch Simonsen \/ NRK<\/p>\n<p>Han viser blant annet til den danske statsministeren Mette Frederiksen som har v\u00e6rt tydelig p\u00e5 at hvis det skjer <a href=\"https:\/\/www.nrk.no\/urix\/mette-frederiksen_-_-dersom-usa-angriper-et-annet-nato-land_-stoppar-alt-opp-1.17714878\" ec-id=\"pp:article:1.17714878\" ec-name=\"\u00abstopper alt opp\u00bb\" rel=\"nofollow noopener\" target=\"_blank\">\u00abstopper alt opp\u00bb<\/a>.<\/p>\n<p>\u2013 Hun har ikke gitt noe n\u00e6rmere definisjon p\u00e5 hva det inneb\u00e6rer, men vi kan i s\u00e5 fall betrakte det som at Nato-alliansen har opph\u00f8rt \u00e5 eksistere.<\/p>\n<p>Danmarks statsminister Mette Frederiksen er klar n\u00e5r hun kommenterer Gr\u00f8nland-utsagnene fra Trump.<\/p>\n<p>For selv om Nato best\u00e5r av 32 medlemsland, er USA den ledende nasjonen i alliansen.<\/p>\n<p>Skulle USA annektere Gr\u00f8nland, ville det v\u00e6rt et brudd p\u00e5 Nato-traktaten. Artikkel 1 sier at alle stater skal l\u00f8se eventuelle konflikter p\u00e5 en fredelig m\u00e5te.<\/p>\n<p>\u2013 En annektering av Gr\u00f8nland vil p\u00e5 ingen m\u00e5te inneb\u00e6re en fredelig maktovertakelse, selv om det er lite sannsynlig at det blir direkte krigshandlinger, sier Knutsen.<\/p>\n<p>\u2013 Gr\u00f8nland er ikke s\u00e5 viktig for USA<\/p>\n<p>\u2013 Per n\u00e5 tviler jeg p\u00e5 at vi kommer s\u00e5 langt.<\/p>\n<p>Det sier Per Erik Solli, senior forsvarsanalytiker hos Norsk utenrikspolitisk institutt (Nupi).<\/p>\n<p>\u2013 Hvis det kommer til stykket, tror jeg det er krefter i b\u00e5de USA og Europa som vil gj\u00f8re at vi alle besinner oss.<\/p>\n<p>Han anser sannsynligheten for at de amerikanske kongresspolitikerne vil la Trump sette det transatlantiske samarbeidet p\u00e5 spill som sv\u00e6rt usannsynlig.<\/p>\n<p><strong>\u2013 Gr\u00f8nland er ikke s\u00e5 viktig for USA, legger Solli til.<\/strong><\/p>\n<p><img decoding=\"async\"   src=\"data:image\/gif;base64,R0lGODlhAQABAIAAAAAAAP\/\/\/yH5BAEAAAAALAAAAAABAAEAAAIBRAA7\" loading=\"eager\" alt=\"En mann i t-skjorte st\u00e5r foran et kart over Arktis og ser i kamera.\" title=\"Foto: Marius Eriksen Guttormsen \/ NRK\"\/><\/p>\n<p class=\"\">Per Erik Solli er senior forsvarsanalytiker ved Norsk utenrikspolitisk institutt (Nupi). <\/p>\n<p>Foto: Marius Eriksen Guttormsen \/ NRK<\/p>\n<p>Han viser til at flere republikanske kongresspolitikere var kritiske til at de ikke ble informert og konsultert om milit\u00e6roperasjonen i Venezuela f\u00f8r den ble gjennomf\u00f8rt.<\/p>\n<p>If\u00f8lge USAs grunnlov er det Kongressen som formelt skal godkjenne st\u00f8rre kriger, men i praksis har presidenter ofte kunnet innlede milit\u00e6roperasjoner uten eksplisitt forh\u00e5ndsgodkjenning, gjennom ulike juridiske omveier.<\/p>\n<p>N\u00e5 foreligger det forslag i Kongressen om \u00e5 begrense presidentens krigsmakt og i st\u00f8rre grad gi myndigheten over milit\u00e6roperasjoner tilbake til Kongressen.<\/p>\n<p>\u2013 At Nato-samarbeidet opph\u00f8rer er en ganske teoretisk mulighet akkurat n\u00e5.<\/p>\n<p>Han tror heller at den amerikanske presidenten tester ut hvilke reaksjoner han f\u00e5r p\u00e5 ulike utspill, b\u00e5de internt i USA og i Europa.<\/p>\n<p>\u2013 Det er et komplisert spill, sl\u00e5r han fast.<\/p>\n<p>Kan snu uavhengighetsbevegelse<\/p>\n<p>Solli viser til at det over tid har v\u00e6rt et flertall p\u00e5 Gr\u00f8nland som \u00f8nsker uavhengighet fra Danmark.<\/p>\n<p>\u2013 Men det som skjer n\u00e5 kan faktisk reversere den trenden. De ser kanskje at de vil v\u00e6re s\u00e5rbare ved \u00e5 st\u00e5 alene, og heller har nytte av \u00e5 v\u00e6re knyttet til Danmark og regjeringen i K\u00f8benhavn som kan f\u00e5 st\u00f8tte fra EU.<\/p>\n<p>Gr\u00f8nland og F\u00e6r\u00f8yene er ikke medlem av EU, men begge er tilknyttet Nato.<\/p>\n<p>\u2013 Gr\u00f8nland har v\u00e6rt sikkerhetspolitisk viktig siden 2. verdenskrig, og derfor har det v\u00e6rt amerikansk tilstedev\u00e6relse p\u00e5 \u00f8ya siden 1941. F\u00f8r var det et viktig transittland, men n\u00e5 er det viktig med tanke p\u00e5 missilforsvar, Russland og Kina og deres atomv\u00e5pen.<\/p>\n<p>Solli viser til at den st\u00f8rste milit\u00e6rbasen p\u00e5 Gr\u00f8nland er nettopp amerikansk, p\u00e5 Pituffik p\u00e5 nordvest-siden av \u00f8ya.<\/p>\n<p><strong>\u2013 En invasjon er egentlig absurd, for de har en avtale med Danmark om \u00e5 v\u00e6re ansvarlig for forsvaret av \u00f8ya.<\/strong><\/p>\n<p>\u2013 Blir det bruk av tvangsmidler, b\u00e5de mot selvstyremyndighetene p\u00e5 Gr\u00f8nland men ogs\u00e5 mot Danmark, vil det f\u00e5 mye alvorligere konsekvenser enn ved forhandlinger og frivillige prosesser.<\/p>\n<p><strong>Men hvis Nato-alliansen skulle ryke, hva b\u00f8r Norge gj\u00f8re da? <\/strong><\/p>\n<p>Hvordan b\u00f8r Norge respondere p\u00e5 Trump n\u00e5? Se Debatten torsdag kveld klokken 21.10.<\/p>\n<p>Mener Norge m\u00e5 se til EU<\/p>\n<p>\u2013 Det vil inneb\u00e6re at norsk sikkerhetspolitikk vil henge i l\u00f8se luften, fordi den baserer seg p\u00e5 at USA er v\u00e5r viktigste milit\u00e6re allierte, sier Knutsen i FFI.<\/p>\n<p>Da m\u00e5 svaret bli \u00e5 se til Europa og til Den europeiske union (EU), mener han.<\/p>\n<p><strong>\u2013 Selv om de har en helt annen milit\u00e6r evne enn det USA har.<\/strong><\/p>\n<p>Han tror at EU vil f\u00e5 en st\u00f8rre rolle i sikkerhetspolitikken, og ikke bare som handelsunion, uavhengig av hva som skjer med Nato-alliansen.<\/p>\n<p><img decoding=\"async\"   src=\"data:image\/gif;base64,R0lGODlhAQABAIAAAAAAAP\/\/\/yH5BAEAAAAALAAAAAABAAEAAAIBRAA7\" loading=\"eager\" alt=\"En eldre mann sitter p\u00e5 en r\u00f8d sofa i et moderne milj\u00f8. Han er if\u00f8rt en r\u00f8d genser og holder en mobiltelefon i hendene. Omgivelsene har et fargesterkt gulv og vegger, som gir en livlig atmosf\u00e6re. Mannen ser ned p\u00e5 telefonen, tydelig opptatt av skjermen.\" title=\"Foto: Tobias Prosch Simonsen \/ NRK\"\/><\/p>\n<p>Foto: Tobias Prosch Simonsen \/ NRK<\/p>\n<p><strong>\u2013 EU har hatt en utrolig utvikling p\u00e5 det sikkerhetspolitiske omr\u00e5det siden Russlands fullskalainvasjon av Ukraina i 2022.<\/strong><\/p>\n<p>\u2013 Uavhengig av hva som skjer med Gr\u00f8nland, er det klinkende klart at Europa ta et langt st\u00f8rre ansvar for egen sikkerhet.<\/p>\n<p>\u2013 Et er det et problem at Norge ikke er medlem av EU med tanke p\u00e5 en sikkerhetsallianse?<\/p>\n<p>\u2013 Det er viktig \u00e5 ha med seg at regjeringen undertegnet en partnerskapsavtale med EU om et sterkere sikkerhetspolitisk samarbeid i slutten av mai 2024, sier Knutsen og fortsetter:<\/p>\n<p><strong>\u2013 Men n\u00e5r sikkerhetspolitikk inng\u00e5r i all EU-politikk, vil forskjellen mellom medlemskap og ikke-medlemskap st\u00f8rre. S\u00e5 det blir et problem for Norge \u00e5 st\u00e5 utenfor medlemskretsen i EU.<\/strong><\/p>\n<p>Flere \u00e5r unna<\/p>\n<p>Og selv om de europeiske landene for tiden ruster opp forsvarene sitt kraftig, er man fortsatt flere \u00e5r unna \u00e5 kunne st\u00e5 p\u00e5 egne ben p\u00e5 en effektiv m\u00e5te milit\u00e6rt, mener Knutsen.<\/p>\n<p>\u2013 Vi er avhengig av USA n\u00e5r det gjelder kommando, kontroll, etterretning, overv\u00e5kning, rekognosering, luft-til-luft tanking.<\/p>\n<p>Han peker ogs\u00e5 p\u00e5 de europeiske landene i stor grad har bygd opp forsvarene sine hver for seg, og ikke som en samlet enhet.<\/p>\n<p>\u2013 Man snakker om i 2030, og det er ikke mer enn fire \u00e5r til. S\u00e5 det er utrolig mye som skal gj\u00f8res p\u00e5 kort tid i europeisk forsvar, og det illustrerer den s\u00e6rdeles alvorlige situasjonen som vi er i dag.<\/p>\n<p>Publisert<\/p>\n<p>08.01.2026, kl. 20.33<\/p>\n<p>Oppdatert<\/p>\n<p>08.01.2026, kl. 21.10<\/p>\n","protected":false},"excerpt":{"rendered":"USAs president Donald Trump presser p\u00e5 i sine uttalelser om \u00e5 ta kontroll over Gr\u00f8nland, og Det hvite&hellip;\n","protected":false},"author":2,"featured_media":132441,"comment_status":"","ping_status":"","sticky":false,"template":"","format":"standard","meta":{"footnotes":""},"categories":[5],"tags":[20,21,24,25,15,19,22,23,17,18,13,30,28,29,14,16,26,27],"class_list":{"0":"post-132440","1":"post","2":"type-post","3":"status-publish","4":"format-standard","5":"has-post-thumbnail","7":"category-overskrifter","8":"tag-breaking-news","9":"tag-breakingnews","10":"tag-featured-news","11":"tag-featurednews","12":"tag-headlines","13":"tag-hovedoppslag","14":"tag-latest-news","15":"tag-latestnews","16":"tag-main-news","17":"tag-mainnews","18":"tag-news","19":"tag-no","20":"tag-norge","21":"tag-norway","22":"tag-nyheter","23":"tag-overskrifter","24":"tag-top-stories","25":"tag-topstories"},"share_on_mastodon":{"url":"https:\/\/pubeurope.com\/@no\/115861342384034966","error":""},"_links":{"self":[{"href":"https:\/\/www.europesays.com\/no\/wp-json\/wp\/v2\/posts\/132440","targetHints":{"allow":["GET"]}}],"collection":[{"href":"https:\/\/www.europesays.com\/no\/wp-json\/wp\/v2\/posts"}],"about":[{"href":"https:\/\/www.europesays.com\/no\/wp-json\/wp\/v2\/types\/post"}],"author":[{"embeddable":true,"href":"https:\/\/www.europesays.com\/no\/wp-json\/wp\/v2\/users\/2"}],"replies":[{"embeddable":true,"href":"https:\/\/www.europesays.com\/no\/wp-json\/wp\/v2\/comments?post=132440"}],"version-history":[{"count":0,"href":"https:\/\/www.europesays.com\/no\/wp-json\/wp\/v2\/posts\/132440\/revisions"}],"wp:featuredmedia":[{"embeddable":true,"href":"https:\/\/www.europesays.com\/no\/wp-json\/wp\/v2\/media\/132441"}],"wp:attachment":[{"href":"https:\/\/www.europesays.com\/no\/wp-json\/wp\/v2\/media?parent=132440"}],"wp:term":[{"taxonomy":"category","embeddable":true,"href":"https:\/\/www.europesays.com\/no\/wp-json\/wp\/v2\/categories?post=132440"},{"taxonomy":"post_tag","embeddable":true,"href":"https:\/\/www.europesays.com\/no\/wp-json\/wp\/v2\/tags?post=132440"}],"curies":[{"name":"wp","href":"https:\/\/api.w.org\/{rel}","templated":true}]}}