{"id":132442,"date":"2026-01-08T20:22:10","date_gmt":"2026-01-08T20:22:10","guid":{"rendered":"https:\/\/www.europesays.com\/no\/132442\/"},"modified":"2026-01-08T20:22:10","modified_gmt":"2026-01-08T20:22:10","slug":"stjernens-nye-liv-de-far-det-ikke-til-a-henge-sammen","status":"publish","type":"post","link":"https:\/\/www.europesays.com\/no\/132442\/","title":{"rendered":"Stjernens nye liv: &#8211; De f\u00e5r det ikke til \u00e5 henge sammen"},"content":{"rendered":"<p> 25 \u00e5r etter at Marcus Hellner pakket sakene sine og flyttet 133 mil nordover for \u00e5 g\u00e5 p\u00e5 skigymnas, bor han fortsatt i G\u00e4llivare.\u00a0<\/p>\n<p>Men i dag er det ikke ski som st\u00e5r i sentrum for 40-\u00e5ringen,\u00a0<a href=\"https:\/\/www.expressen.se\/sport\/langdskidor\/marcus-hellners-nya-liv-som-pilot-far-inte-ihop-det\/\" target=\"_blank\" rel=\"nofollow noopener\">melder Expressen<\/a>.<\/p>\n<p>\u2013 Folk blir litt paffe. Det er som om de ikke kobler hva jeg gj\u00f8r der. De f\u00e5r liksom ikke det til \u00e5 henge sammen, sier Hellner og ler.<\/p>\n<p>Den tidligere langrennsl\u00f8peren, som la opp for \u00e5tte \u00e5r siden, jobber n\u00e5 som helikopterpilot for selskapet Fiskflyg i Norrbottensfjellene.\u00a0Han begynte utdannelsen \u00e5ret etter at han avsluttet skikarrieren.<\/p>\n<p>        <img class=\"image__img lazyload\" itemprop=\"image\" title=\"Foto: Instagram \u2013 @mhellner\" alt=\"HELIKOPTERET: Her er Hellner p\u00e5 jobb. Foto: Instagram \u2013 @mhellner\" width=\"675\" height=\"432\" bad-src=\"https:\/\/www.europesays.com\/no\/wp-content\/uploads\/2026\/01\/18443213.webp.jpeg\" fetchpriority=\"auto\" \/><\/p>\n<p>      HELIKOPTERET: Her er Hellner p\u00e5 jobb.<br \/>\n         Foto: Instagram \u2013 @mhellner<\/p>\n<p>\u2013 Trives veldig godt<\/p>\n<p>Fra Ritsem flyr Hellner ut kunder til Sveriges st\u00f8rste villmarksomr\u00e5der, blant annet nasjonalparken Sarek. Passasjerene er alt fra vandrere og fiskere til jegere og ansatte i fylkesforvaltningen.<\/p>\n<p>\u2013 Jeg trives veldig godt. Det er veldig variert, mye \u00e5 l\u00e6re hele tiden \u2013 og s\u00e5 treffer man jo alle mulige mennesker, forteller Hellner.<\/p>\n<p>Som 15-\u00e5ring fikk Hellner avslag fra fire av Sveriges fem skigymnaser. Bare G\u00e4llivare sa ja \u2013 og ga ham den siste plassen.\u00a0<\/p>\n<p>Det skulle vise seg \u00e5 v\u00e6re gull verdt. Hellner hadde en str\u00e5lende karriere med tre OL-gull (stafett i 2010 og 2014, samt 30 kilometer duatlon i 2010) og ett VM-gull.\u00a0<\/p>\n<p>Han ble verdensmester i sprint i Holmenkollen i 2011, da han slo Petter Northug i finalen.<\/p>\n<p>        <img class=\"image__img lazyload\" itemprop=\"image\" title=\"Foto: Heiko Junge \/ NTB\" alt=\"RIVALER: Petter Northug gratulerer Hellner med VM-gullet i 2011. Tr\u00f8nderen tok s\u00f8lvet, mens Emil J\u00f6nsson bak de to knep bronsen. Foto: Heiko Junge \/ NTB\" width=\"675\" height=\"379\" bad-src=\"https:\/\/www.europesays.com\/no\/wp-content\/uploads\/2026\/01\/18443173.webp.jpeg\" fetchpriority=\"auto\" \/><\/p>\n<p>      RIVALER: Petter Northug gratulerer Hellner med VM-gullet i 2011. Tr\u00f8nderen tok s\u00f8lvet, mens Emil J\u00f6nsson bak de to knep bronsen.<br \/>\n         Foto: Heiko Junge \/ NTB<\/p>\n<p>Helikopter og kl\u00e6r<\/p>\n<p>I dag har han to bein \u00e5 st\u00e5 p\u00e5, som han selv kaller det. Ved siden av helikopterflygingen har han sin egen kolleksjon med trenings- og friluftskl\u00e6r hos merkevaren Outnorth.<\/p>\n<p>Hellner bor fortsatt i G\u00e4llivare med kona Anna og deres to d\u00f8tre. Han innr\u00f8mmer at m\u00f8rket og kulden kan bli i overkant i januar.<\/p>\n<p>\u2013 Da kan man faktisk bli litt sugen p\u00e5 \u00e5 v\u00e6re et annet sted, sier han.<\/p>\n<p class=\"italic m-italic\" data-lab-italic=\"italic\">Denne saken er skrevet ved hjelp av kunstig intelligens (KI) og kvalitetssikret av TV 2s journalister.\u00a0<a href=\"https:\/\/hjelp.tv2.no\/info\/artikkel\/slik-jobber-vi-med-ki-i-tv-2\" target=\"_blank\" style=\"font-style: italic; letter-spacing: 0.01em;\" rel=\"nofollow noopener\">Slik jobber vi med KI.<\/a><\/p>\n","protected":false},"excerpt":{"rendered":"25 \u00e5r etter at Marcus Hellner pakket sakene sine og flyttet 133 mil nordover for \u00e5 g\u00e5 p\u00e5&hellip;\n","protected":false},"author":2,"featured_media":132443,"comment_status":"","ping_status":"","sticky":false,"template":"","format":"standard","meta":{"footnotes":""},"categories":[59],"tags":[30,28,29,83,82],"class_list":{"0":"post-132442","1":"post","2":"type-post","3":"status-publish","4":"format-standard","5":"has-post-thumbnail","7":"category-sport","8":"tag-no","9":"tag-norge","10":"tag-norway","11":"tag-sport","12":"tag-sports"},"share_on_mastodon":{"url":"https:\/\/pubeurope.com\/@no\/115861346219902248","error":""},"_links":{"self":[{"href":"https:\/\/www.europesays.com\/no\/wp-json\/wp\/v2\/posts\/132442","targetHints":{"allow":["GET"]}}],"collection":[{"href":"https:\/\/www.europesays.com\/no\/wp-json\/wp\/v2\/posts"}],"about":[{"href":"https:\/\/www.europesays.com\/no\/wp-json\/wp\/v2\/types\/post"}],"author":[{"embeddable":true,"href":"https:\/\/www.europesays.com\/no\/wp-json\/wp\/v2\/users\/2"}],"replies":[{"embeddable":true,"href":"https:\/\/www.europesays.com\/no\/wp-json\/wp\/v2\/comments?post=132442"}],"version-history":[{"count":0,"href":"https:\/\/www.europesays.com\/no\/wp-json\/wp\/v2\/posts\/132442\/revisions"}],"wp:featuredmedia":[{"embeddable":true,"href":"https:\/\/www.europesays.com\/no\/wp-json\/wp\/v2\/media\/132443"}],"wp:attachment":[{"href":"https:\/\/www.europesays.com\/no\/wp-json\/wp\/v2\/media?parent=132442"}],"wp:term":[{"taxonomy":"category","embeddable":true,"href":"https:\/\/www.europesays.com\/no\/wp-json\/wp\/v2\/categories?post=132442"},{"taxonomy":"post_tag","embeddable":true,"href":"https:\/\/www.europesays.com\/no\/wp-json\/wp\/v2\/tags?post=132442"}],"curies":[{"name":"wp","href":"https:\/\/api.w.org\/{rel}","templated":true}]}}