{"id":132446,"date":"2026-01-08T20:27:07","date_gmt":"2026-01-08T20:27:07","guid":{"rendered":"https:\/\/www.europesays.com\/no\/132446\/"},"modified":"2026-01-08T20:27:07","modified_gmt":"2026-01-08T20:27:07","slug":"vaer-kulde-tomme-hyller-sa-pa-termometeret-og-skjonte-at-det-kom-haugesunds-avis","status":"publish","type":"post","link":"https:\/\/www.europesays.com\/no\/132446\/","title":{"rendered":"V\u00e6r, Kulde | Tomme hyller: \u2013 S\u00e5 p\u00e5 termometeret og skj\u00f8nte at det kom &#8211; Haugesunds Avis"},"content":{"rendered":"<ol>\n<li><a href=\"https:\/\/news.google.com\/rss\/articles\/CBMilAFBVV95cUxPRTFsckQwU0tRaGs1bkRVNkROUXZuSnJTd01XcFJUTmpDZlI4c2Q2Q1FxdUZSaTl3bmF4M3JEMlNzZnVLSVF3eEtXZ1lCbW1IQUdtb1ZZTXZWcnpRVEo3S0w5bmZJUFlhV3R2dGswaTVGMEdwTFF3UUp5LVhKbURjdW9YMWt4Y1VWR3R6T3lEQTBmUTVm?oc=5\" target=\"_blank\" rel=\"nofollow noopener\">V\u00e6r, Kulde | Tomme hyller: \u2013 S\u00e5 p\u00e5 termometeret og skj\u00f8nte at det kom<\/a>&nbsp;&nbsp;Haugesunds Avis<\/li>\n<li><a href=\"https:\/\/news.google.com\/rss\/articles\/CBMimAFBVV95cUxQWnN6SjdTZ3lVNTVjN3RMdDBZU3E5YVZINm5PUUZ1aF9yUmVHY3RrZ1l2RVpEZFhybGktZG1jZjVQcTdLTUtFN1huazMxaXJFMi1NYzlpY3pLQzladTZEOWZ3bkRvVVRVZXAwWXhoOHVCUUxMMW9MODFjeFJhTDBPM0hNQnJBelZrVzZOcENxVVNXOEozaGpocw?oc=5\" target=\"_blank\" rel=\"nofollow noopener\">N\u00e5 rives de ut av hyllene: \u2013 Vi er s\u00e5 \u00e5 si tomme<\/a>&nbsp;&nbsp;s-n.no<\/li>\n<li><a href=\"https:\/\/news.google.com\/rss\/articles\/CBMilAFBVV95cUxNc2xaTl9OLVdDMDZhY0ZZSWVTa2dQTC1oUzhIMVQzbWUxZ3VwbTNydmJHSERaM3oyM21Dc1RMaGt2b3lGLUtLUWt4eGpFZklsLUtBR3MxLWUtQmtWWnpZTXNDSHBpRFRyUm5pUWlHM1FpZldVQlJ6Nm9Ka3R6UlRIbzJ5T2pkZzVqTlJ0Ym4xRm0telE3?oc=5\" target=\"_blank\" rel=\"nofollow noopener\">Travle dager i kulda for Jan Magne (56): \u2013 Det er kaos<\/a>&nbsp;&nbsp;avisa-st.no<\/li>\n<li><a href=\"https:\/\/news.google.com\/rss\/articles\/CBMihgFBVV95cUxPZjA4VXI0MkNual9vcWFPdVhVaE8zc2pmbDFxZF84Wm1pZFZlY3hiTmVZTkFWRUV6WVo4ekhhSUliWEdhcTRrV2I5YW9nMGRvaV82VHRYVW12RV9OYnltRWlLOGg4ckFCeGQ4czJpV09KWWJFRHdsWDJuSEIwZ19KY2h4eklUQQ?oc=5\" target=\"_blank\" rel=\"nofollow noopener\">N\u00e6ringsliv, Storo | Utsolgt p\u00e5 tre timer: \u2013 Salget g\u00e5r rett til v\u00e6rs<\/a>&nbsp;&nbsp;Nordre Aker Budstikke<\/li>\n<li><a href=\"https:\/\/news.google.com\/rss\/articles\/CBMijgFBVV95cUxQX0xzZXNTMVhydmFkNUhXSVZqaVk4dFR4V0VDQk51NWVaZTNZM3FrNWMzQ1lhQnVNRnZaeW5LZUZWXy1NbFhrdmdIQ0U2T19SajljbHhLZVV2TGMyQTVyQnZpMU9hY2Noa3ozSGllSlAxaHVzejZlOEJQTUM1Q0NOaThabVdJTnVuaTgybE9R?oc=5\" target=\"_blank\" rel=\"nofollow noopener\">Kulda i Gauldalen gir salgsboom for et h\u00f8yaktuelt produkt<\/a>&nbsp;&nbsp;gauldalsposten.no<\/li>\n<\/ol>\n","protected":false},"excerpt":{"rendered":"V\u00e6r, Kulde | Tomme hyller: \u2013 S\u00e5 p\u00e5 termometeret og skj\u00f8nte at det kom&nbsp;&nbsp;Haugesunds Avis N\u00e5 rives de&hellip;\n","protected":false},"author":2,"featured_media":132447,"comment_status":"","ping_status":"","sticky":false,"template":"","format":"standard","meta":{"footnotes":""},"categories":[10],"tags":[20,21,24,25,15,22,23,13,30,28,29,14,16,26,27],"class_list":{"0":"post-132446","1":"post","2":"type-post","3":"status-publish","4":"format-standard","5":"has-post-thumbnail","7":"category-norge","8":"tag-breaking-news","9":"tag-breakingnews","10":"tag-featured-news","11":"tag-featurednews","12":"tag-headlines","13":"tag-latest-news","14":"tag-latestnews","15":"tag-news","16":"tag-no","17":"tag-norge","18":"tag-norway","19":"tag-nyheter","20":"tag-overskrifter","21":"tag-top-stories","22":"tag-topstories"},"share_on_mastodon":{"url":"https:\/\/pubeurope.com\/@no\/115861366136197148","error":""},"_links":{"self":[{"href":"https:\/\/www.europesays.com\/no\/wp-json\/wp\/v2\/posts\/132446","targetHints":{"allow":["GET"]}}],"collection":[{"href":"https:\/\/www.europesays.com\/no\/wp-json\/wp\/v2\/posts"}],"about":[{"href":"https:\/\/www.europesays.com\/no\/wp-json\/wp\/v2\/types\/post"}],"author":[{"embeddable":true,"href":"https:\/\/www.europesays.com\/no\/wp-json\/wp\/v2\/users\/2"}],"replies":[{"embeddable":true,"href":"https:\/\/www.europesays.com\/no\/wp-json\/wp\/v2\/comments?post=132446"}],"version-history":[{"count":0,"href":"https:\/\/www.europesays.com\/no\/wp-json\/wp\/v2\/posts\/132446\/revisions"}],"wp:featuredmedia":[{"embeddable":true,"href":"https:\/\/www.europesays.com\/no\/wp-json\/wp\/v2\/media\/132447"}],"wp:attachment":[{"href":"https:\/\/www.europesays.com\/no\/wp-json\/wp\/v2\/media?parent=132446"}],"wp:term":[{"taxonomy":"category","embeddable":true,"href":"https:\/\/www.europesays.com\/no\/wp-json\/wp\/v2\/categories?post=132446"},{"taxonomy":"post_tag","embeddable":true,"href":"https:\/\/www.europesays.com\/no\/wp-json\/wp\/v2\/tags?post=132446"}],"curies":[{"name":"wp","href":"https:\/\/api.w.org\/{rel}","templated":true}]}}