{"id":132448,"date":"2026-01-08T20:28:07","date_gmt":"2026-01-08T20:28:07","guid":{"rendered":"https:\/\/www.europesays.com\/no\/132448\/"},"modified":"2026-01-08T20:28:07","modified_gmt":"2026-01-08T20:28:07","slug":"frykter-norge-havner-i-skvis-mellom-stormakter-nrk-norge-oversikt-over-nyheter-fra-ulike-deler-av-landet","status":"publish","type":"post","link":"https:\/\/www.europesays.com\/no\/132448\/","title":{"rendered":"Frykter Norge havner i skvis mellom stormakter \u2013 NRK Norge \u2013 Oversikt over nyheter fra ulike deler av landet"},"content":{"rendered":"<p>I \u00e5rets f\u00f8rste Debatten-sending sp\u00f8r vi hvordan Norge b\u00f8r forholde seg til Donald Trumps siste utspill om Gr\u00f8nland.<\/p>\n<p>F\u00f8r sendingen kommer folkerettsekspert Cecilie Hellestveit med en advarsel:<\/p>\n<p><strong>Norge kan havne i en skvis mellom stormakter som kan f\u00f8re til krig eller okkupasjon.<\/strong><\/p>\n<p>\u2013 Norge har ingen naturlige fiender. Men det beskytter oss ikke mot det som kommer n\u00e5, fordi vi er strategisk viktig periferi, sier Hellestveit.<\/p>\n<p><img decoding=\"async\"   src=\"data:image\/gif;base64,R0lGODlhAQABAIAAAAAAAP\/\/\/yH5BAEAAAAALAAAAAABAAEAAAIBRAA7\" loading=\"eager\" alt=\"En kvinne med langt, kr\u00f8llete h\u00e5r st\u00e5r foran en gr\u00f8nn vegg. Hun har p\u00e5 seg en m\u00f8rk jakke og ser til siden\" title=\"Foto: Ismail Burak Akkan \/ NRK\"\/><\/p>\n<p class=\"\">Folkerettsekspert Cecilie Hellestveit.<\/p>\n<p>Foto: Ismail Burak Akkan \/ NRK<\/p>\n<p>\u2013 Det kan gj\u00f8re at vi blir presset politisk til \u00e5 avst\u00e5 landomr\u00e5der, det kan gj\u00f8re oss til ofre for omfattende hybridkrig eller i verste fall, dersom situasjonen eskalerer andre steder i verden, at en eller flere stormakter bruker milit\u00e6rmakt mot Norge for \u00e5 utfordre balansen mellom stormaktene rundt oss.<\/p>\n<p><strong>\u2013 I klartekst vil det bety krig i Norge eller okkupasjon, sier Hellestveit.<\/strong><\/p>\n<p>Utenriksminister Espen Barth Eide (Ap) f\u00e5r sp\u00f8rsm\u00e5l om han kjenner p\u00e5 frykt i situasjonen vi er i n\u00e5.<\/p>\n<p>\u2013 Ikke p\u00e5 frykt, men vi sier at vi lever i den mest alvorlige sikkerhetspolitiske situasjonen p\u00e5 80 \u00e5r, sier Eide og viser blant annet til Russlands krigf\u00f8ring mot Ukraina.<\/p>\n<p><strong>\u2013 Men ogs\u00e5 fordi at de grunnleggende kj\u00f8rereglene som ligger i folkeretten, n\u00e5 blir utfordret b\u00e5de i \u00f8st og vest. Til sammen betyr det at vi lever i en farligere verden enn vi vokste opp med.<\/strong><\/p>\n<p><img decoding=\"async\"   src=\"data:image\/gif;base64,R0lGODlhAQABAIAAAAAAAP\/\/\/yH5BAEAAAAALAAAAAABAAEAAAIBRAA7\" loading=\"eager\" alt=\"Espen Barth Eide i studio, i bakgrunnen et bilde fra Gr\u00f8nland\" title=\"Foto: Ismail Burak Akkan \/ NRK\"\/><\/p>\n<p class=\"\">Utenriksminister Espen Barth Eide (Ap).<\/p>\n<p>Foto: Ismail Burak Akkan \/ NRK<\/p>\n<p>M\u00e5 v\u00e6re forberedt<\/p>\n<p>\u2013 Men er det ikke da grunn til \u00e5 v\u00e6re redd? sp\u00f8r programleder \u00c5sa Vartdal.<\/p>\n<p><strong>\u2013 Det er grunn til \u00e5 v\u00e6re forberedt. Derfor styrker vi Forsvaret, sier Eide, som peker p\u00e5 at Norge ogs\u00e5 tar vare p\u00e5 n\u00e6re allianser som Nato.<\/strong><\/p>\n<p><img decoding=\"async\"   src=\"data:image\/gif;base64,R0lGODlhAQABAIAAAAAAAP\/\/\/yH5BAEAAAAALAAAAAABAAEAAAIBRAA7\" loading=\"eager\" alt=\"Espen Aas og \u00c5sa Vartdal i Debatten-studioet, begge i dress\" title=\"Foto: Ismail Burak Akkan \/ NRK\"\/><\/p>\n<p class=\"\">Espen Aas og \u00c5sa Vartdal har sin f\u00f8rste sending som nye programledere i Debatten.<\/p>\n<p>Foto: Ismail Burak Akkan \/ NRK<\/p>\n<p>Arne O. Holm er var ansvarlig redakt\u00f8r i High North News i ti \u00e5r, og f\u00f8lger nordomr\u00e5dene og Arktis tett. Han mener Norge m\u00e5 v\u00e6re mye mer bestemt.<\/p>\n<p>\u2013 Hvis det er riktig at USA er avhengig av Nato, og ikke bare motsatt, s\u00e5 har europeiske Nato-politikere et mye st\u00f8rre spillerom enn det de faktisk bruker i dag<\/p>\n<p><img decoding=\"async\"   src=\"data:image\/gif;base64,R0lGODlhAQABAIAAAAAAAP\/\/\/yH5BAEAAAAALAAAAAABAAEAAAIBRAA7\" loading=\"eager\" alt=\"En person med langt, lyst h\u00e5r st\u00e5r bak et podium med mikrofon. Personen er kledd i svart jakke og skjorte. I bakgrunnen ses en lys, abstrakt vegg med bl\u00e5 og oransje nyanser. Bildet kan v\u00e6re fra en debatt eller offentlig diskusjon. (Bildebeskrivelsen er laget av en KI-tjeneste)\" title=\"Foto: Ismail Burak Akkan \/ NRK\"\/><\/p>\n<p class=\"\">Arne O. Holm er mange\u00e5rig gravejournalist og redakt\u00f8r, og f\u00f8lger Arktis tett.<\/p>\n<p>Foto: Ismail Burak Akkan \/ NRK<\/p>\n<p>Det gj\u00f8r Norge og Nato allerede, mener Eide.<\/p>\n<p><strong>\u2013 N\u00e5r det gjelder det som n\u00e5 skjer med Gr\u00f8nland, s\u00e5 har vi i Norge, men faktisk nesten alle de 31 Nato-medlemmene som ikke er USA, snakket ganske tydelig om at vi st\u00e5r samlet solidarisk bak kongeriket Danmarks suverenitet og integritet.<\/strong><\/p>\n<p>\u2013 Tjener ingenting p\u00e5 det<\/p>\n<p>Andreas \u00d8sthagen, forsker ved Fridtjof Nansens Institutt, mener USA ikke vil tjene noe som helst p\u00e5 \u00e5 annektere Gr\u00f8nland.<\/p>\n<p><strong>\u2013 De tjener faktisk ingenting p\u00e5 det. USA har en avtale med Danmark fra 1951 om at de kan opprette flere milit\u00e6rbaser hvis de vil. De har en milit\u00e6rbase allerede, sier \u00d8sthagen.<\/strong><\/p>\n<p><img decoding=\"async\"   src=\"data:image\/gif;base64,R0lGODlhAQABAIAAAAAAAP\/\/\/yH5BAEAAAAALAAAAAABAAEAAAIBRAA7\" loading=\"eager\" alt=\"Mann med kort, lyst h\u00e5r i lys skjorte ser til siden\" title=\"Foto: Ismail Burak Akkan \/ NRK\"\/><\/p>\n<p class=\"\">Andreas \u00d8sthagen ved Fridtjof Nansens Institutt forsker p\u00e5 den politiske dynamikken i Arktis og nordomr\u00e5dene.<\/p>\n<p>Foto: Ismail Burak Akkan \/ NRK<\/p>\n<p>Han mener det er \u00abklassisk stormaktstenkning\u00bb fra USAs side.<\/p>\n<p>\u2013 Som vi egentlig var ferdig med for 100 \u00e5r siden, som russerne holdt p\u00e5 med, kineserne holdt p\u00e5 med, og n\u00e5 ser vi ogs\u00e5 at USA holder p\u00e5 med det.<\/p>\n<p>Vance: Ta Trump seri\u00f8st<\/p>\n<p>USAs visepresident J.D. Vance kommer torsdag med et r\u00e5d til Europa.<\/p>\n<p>\u2013 Ta Trump seri\u00f8st, sier Vance p\u00e5 en pressekonferanse i Det hvite hus.<\/p>\n<p>Han ber Europa sette til side \u00abde gale overreaksjonene\u00bb og se hva Trump har sagt.<\/p>\n<p>\u2013 Gr\u00f8nland er viktig. Ikke bare for amerikansk missilforsvar, men verdens missilforsvar, sier Vance.<\/p>\n<p><img decoding=\"async\"   src=\"data:image\/gif;base64,R0lGODlhAQABAIAAAAAAAP\/\/\/yH5BAEAAAAALAAAAAABAAEAAAIBRAA7\" loading=\"eager\" alt=\"Bildet viser en gruppe personer if\u00f8rt jakker som st\u00e5r ute i en industriell setting. En av dem, i en gr\u00f8nn jakke, hever h\u00e5nden som om han gestikulerer eller gir instruksjoner. De andre individene b\u00e6rer ogs\u00e5 milit\u00e6rlignende kl\u00e6r, og det er tydelig aktivitet i omr\u00e5det bak dem, med kj\u00f8ret\u00f8y synlige i bakgrunnen. Omgivelsene inkluderer en lys industrialisert plass med bygninger i bakgrunnen. (Bildebeskrivelsen er laget av en KI-tjeneste)\" title=\"Foto: Jim Watson \/ AP \/ NTB\"\/><\/p>\n<p class=\"\">USAs visepresident J.D. Vance bes\u00f8kte Gr\u00f8nland i fjor.<\/p>\n<p>Foto: Jim Watson \/ AP \/ NTB<\/p>\n<p><strong>\u2013 Nummer to: Vi vet det er flere fiender som har vist interesse for det omr\u00e5det. Det vi ber v\u00e5re europeiske venner om \u00e5 gj\u00f8re, er \u00e5 ta Gr\u00f8nlands sikkerhet mer seri\u00f8st. Ellers m\u00e5 USA gj\u00f8re noe med det.<\/strong><\/p>\n<p>H\u00f8r fra NRKs kommentatorer i podkasten Kommentert i NRK Radio:<\/p>\n<p>Ambassad\u00f8r i m\u00f8te<\/p>\n<p>Torsdag skal Danmarks ambassad\u00f8r til USA, Jesper M\u00f8ller S\u00f8rensen, ha v\u00e6rt i m\u00f8te med amerikanske diplomater i Det hvite hus. Det melder <a href=\"https:\/\/www.dr.dk\/nyheder\/indland\/groenland\/live-storpolitisk-drama-mellem-usa-danmark-og-groenland?focusId=10817647\" ec-id=\"https:\/\/www.dr.dk\/nyheder\/indland\/groenland\/live-storpolitisk-drama-mellem-usa-danmark-og-groenland\" ec-name=\"Danmarks Radio\" rel=\"nofollow noopener\" target=\"_blank\">Danmarks Radio<\/a> og danske <a href=\"https:\/\/nyheder.tv2.dk\/live\/2025-01-06-kampen-om-groenlands-fremtid\/danmarks-ambassadoer-paa-vej-til-det-hvide-hus-erfarer-tv-2?entry=a1820925-8e13-423c-a414-cf518e90b845\" ec-id=\"https:\/\/nyheder.tv2.dk\/live\/2025-01-06-kampen-om-groenlands-fremtid\/danmarks-ambassadoer-paa-vej-til-det-hvide-hus-erfarer-tv-2\" ec-name=\"TV 2\" rel=\"nofollow noopener\" target=\"_blank\">TV 2<\/a>.<\/p>\n<p>Ogs\u00e5 Gr\u00f8nlands representasjonssjef i USA, Jacob Isbosethsen, skal ha v\u00e6rt med p\u00e5 m\u00f8tet.<\/p>\n<p><img decoding=\"async\"   src=\"data:image\/gif;base64,R0lGODlhAQABAIAAAAAAAP\/\/\/yH5BAEAAAAALAAAAAABAAEAAAIBRAA7\" loading=\"eager\" alt=\"Det vises et bilde av Det hvite hus, en stor, hvit bygning med s\u00f8yler og flere vinduer. I forgrunnen er det en stor, gr\u00f8nn gressplen som er godt vedlikeholdt. Det er tr\u00e6r p\u00e5 begge sider av bygningen, og en fontene er synlig foran. Himlen er gr\u00e5 og overskyet, noe som gir en dyster atmosf\u00e6re. (Bildebeskrivelsen er laget av en KI-tjeneste)\" title=\"Foto: Julia Demaree Nikhinson \/ AP \/ NTB\"\/><\/p>\n<p class=\"\">Det hvite hus i Washington, D.C., avbildet 3. januar.<\/p>\n<p>Foto: Julia Demaree Nikhinson \/ AP \/ NTB<\/p>\n<p><strong>Tirsdag holdt utenrikskomiteen i det danske Folketinget et <a href=\"https:\/\/www.foodora.no\/restaurant\/n3dz\/balkan-pizza-and-kebab-house\" ec-id=\"https:\/\/www.foodora.no\/restaurant\/n3dz\/balkan-pizza-and-kebab-house\" ec-name=\"krisem\u00f8te\" rel=\"nofollow noopener\" target=\"_blank\">krisem\u00f8te<\/a> i et toppsikret rom. M\u00f8tet handlet om kongeriket Danmarks forhold til USA.<\/strong><\/p>\n<p>Etter m\u00f8tet sa utenriksminister Lars L\u00f8kke Rasmussen at det er tydelig for dem at Trump har en reell ambisjon om \u00e5 sikre seg Gr\u00f8nland.<\/p>\n<p>Gr\u00f8nlands regjeringssjef Jens Frederik Nielsen har kalt Trumps uttalelser \u00abuakseptable\u00bb.<\/p>\n<p><strong>\u2013 N\u00e5r USAs president sier at \u00abvi trenger Gr\u00f8nland\u00bb og kobler oss opp mot Venezuela og milit\u00e6r intervensjon, s\u00e5 er det ikke bare feil. Det er respektl\u00f8st, skrev han i et <a href=\"https:\/\/www.facebook.com\/Jensfrederiknielsendemokraatit\/posts\/pfbid02dQQ2UVmBMxxzuK76GX1N2yZdz2zMyLmsa9xoP1oo53VgHXjo6YokXS1Z1AeXUy8zl\" ec-id=\"https:\/\/www.facebook.com\/Jensfrederiknielsendemokraatit\/posts\/pfbid02dQQ2UVmBMxxzuK76GX1N2yZdz2zMyLmsa9xoP1oo53VgHXjo6YokXS1Z1AeXUy8zl\" ec-name=\"Facebook-innlegg\" rel=\"nofollow noopener\" target=\"_blank\">Facebook-innlegg<\/a> s\u00f8ndag.<\/strong><\/p>\n<p>USA: \u2013 Nasjonal sikkerhetsprioritet<\/p>\n<p>Det er ikke noe nytt at Trump vil ha Gr\u00f8nland. Han sa det allerede i sin f\u00f8rste presidentperiode.<\/p>\n<p>Men de siste dagene har han og Det hvite hus <a href=\"https:\/\/www.nrk.no\/urix\/det-hvite-hus_-_-a-ta-over-gronland-er-en-nasjonal-sikkerhetsprioritet-1.17716804\" ec-id=\"pp:article:1.17716804\" ec-name=\"skrudd til retorikken\" rel=\"nofollow noopener\" target=\"_blank\">skrudd til retorikken<\/a>. I en uttalelse som svar p\u00e5 sp\u00f8rsm\u00e5l fra Reuters, skriver Det hvite hus at Gr\u00f8nland er en nasjonal sikkerhetsprioritet for Trump.<\/p>\n<p><strong>\u2013 Presidenten og hans team diskuterer en rekke alternativer for \u00e5 forf\u00f8lge dette viktige utenrikspolitiske m\u00e5let, og selvf\u00f8lgelig er bruk av det amerikanske milit\u00e6ret alltid et alternativ som \u00f8verstkommanderende har til r\u00e5dighet, het det videre i uttalelsen, if\u00f8lge Reuters.<\/strong><\/p>\n<p>Se Debatten i NRK TV fra klokken 21:10:<\/p>\n<p>Publisert<\/p>\n<p>08.01.2026, kl. 20.38<\/p>\n<p>Oppdatert<\/p>\n<p>08.01.2026, kl. 21.25<\/p>\n","protected":false},"excerpt":{"rendered":"I \u00e5rets f\u00f8rste Debatten-sending sp\u00f8r vi hvordan Norge b\u00f8r forholde seg til Donald Trumps siste utspill om Gr\u00f8nland.&hellip;\n","protected":false},"author":2,"featured_media":132449,"comment_status":"","ping_status":"","sticky":false,"template":"","format":"standard","meta":{"footnotes":""},"categories":[5],"tags":[20,21,24,25,15,19,22,23,17,18,13,30,28,29,14,16,26,27],"class_list":{"0":"post-132448","1":"post","2":"type-post","3":"status-publish","4":"format-standard","5":"has-post-thumbnail","7":"category-overskrifter","8":"tag-breaking-news","9":"tag-breakingnews","10":"tag-featured-news","11":"tag-featurednews","12":"tag-headlines","13":"tag-hovedoppslag","14":"tag-latest-news","15":"tag-latestnews","16":"tag-main-news","17":"tag-mainnews","18":"tag-news","19":"tag-no","20":"tag-norge","21":"tag-norway","22":"tag-nyheter","23":"tag-overskrifter","24":"tag-top-stories","25":"tag-topstories"},"share_on_mastodon":{"url":"https:\/\/pubeurope.com\/@no\/115861369894583536","error":""},"_links":{"self":[{"href":"https:\/\/www.europesays.com\/no\/wp-json\/wp\/v2\/posts\/132448","targetHints":{"allow":["GET"]}}],"collection":[{"href":"https:\/\/www.europesays.com\/no\/wp-json\/wp\/v2\/posts"}],"about":[{"href":"https:\/\/www.europesays.com\/no\/wp-json\/wp\/v2\/types\/post"}],"author":[{"embeddable":true,"href":"https:\/\/www.europesays.com\/no\/wp-json\/wp\/v2\/users\/2"}],"replies":[{"embeddable":true,"href":"https:\/\/www.europesays.com\/no\/wp-json\/wp\/v2\/comments?post=132448"}],"version-history":[{"count":0,"href":"https:\/\/www.europesays.com\/no\/wp-json\/wp\/v2\/posts\/132448\/revisions"}],"wp:featuredmedia":[{"embeddable":true,"href":"https:\/\/www.europesays.com\/no\/wp-json\/wp\/v2\/media\/132449"}],"wp:attachment":[{"href":"https:\/\/www.europesays.com\/no\/wp-json\/wp\/v2\/media?parent=132448"}],"wp:term":[{"taxonomy":"category","embeddable":true,"href":"https:\/\/www.europesays.com\/no\/wp-json\/wp\/v2\/categories?post=132448"},{"taxonomy":"post_tag","embeddable":true,"href":"https:\/\/www.europesays.com\/no\/wp-json\/wp\/v2\/tags?post=132448"}],"curies":[{"name":"wp","href":"https:\/\/api.w.org\/{rel}","templated":true}]}}