{"id":132450,"date":"2026-01-08T20:29:10","date_gmt":"2026-01-08T20:29:10","guid":{"rendered":"https:\/\/www.europesays.com\/no\/132450\/"},"modified":"2026-01-08T20:29:10","modified_gmt":"2026-01-08T20:29:10","slug":"sport-sk-brann-rekordmange-reiser-pa-branns-kamper","status":"publish","type":"post","link":"https:\/\/www.europesays.com\/no\/132450\/","title":{"rendered":"Sport, SK Brann | Rekordmange reiser p\u00e5 Branns kamper"},"content":{"rendered":"\n<p>BAs <a href=\"https:\/\/www.ba.no\/tag\/brannbloggen\" rel=\"Follow nofollow noopener\" target=\"_blank\">Brann-blogger Alexander Osdal<\/a> har samlet inn tall for bortestatistikk for Brann og konkurrentene siden 2010. Aldri har Branns bortesnitt p\u00e5 1002 v\u00e6rt h\u00f8yere.<\/p>\n<p>\u2013 Det skjedde noe etter pandemien, b\u00e5de i Bergen og landet ellers. Interessen for norsk fotball har tatt seg opp, sier Osdal til BA.<\/p>\n<p>I 2023 var han \u00e9n av rundt 180 som dro til Bod\u00f8 p\u00e5 Glimt-kampen mot Brann, og da fortalte han BA at han rekord\u00e5ret s\u00e5 langt, var 2022 i 1. divisjon. Og nettopp at <a rel=\"Follow nofollow noopener\" href=\"https:\/\/www.ba.no\/alexander-tror-noe-helt-spesielt-skjedde-da-brann-rykket-ned\/s\/5-8-2238280\" target=\"_blank\">Brann rykket ned, tror Osdal at var med p\u00e5 \u00e5 gj\u00f8re noe med fansen.<\/a><\/p>\n<p>Selv har han f\u00e5tt med seg nesten alle Branns kamper fra tribunen siden tidlig 90-tall, og forteller om nye tider.<\/p>\n<p>            Syv beste bortesnitt i Eliteserien f.o.m. 2010<\/p>\n<p>1002 (Brann 2025)<br \/>938 (Brann 2024)<br \/>911 (RBK 2025)<br \/>848 (Glimt 2025)<br \/>770 (Viking 2025)<br \/>748 (RBK 2024)<br \/>730 (Brann 2023<\/p>\n<p>\u2013 F\u00f8r kunne det v\u00e6re ganske stusslig \u00e5 v\u00e6re Brann-supporter p\u00e5 bortekamp. I tillegg ble man sett p\u00e5 som et utskudd som orket \u00e5 reise p\u00e5 alle kamper. N\u00e5 er det mer \u00abstuerent\u00bb \u00e5 dra p\u00e5 kamp, det er langt flere som gj\u00f8r det enn f\u00f8r, forklarer han.<\/p>\n<p>Ungdommen str\u00f8mmer til<\/p>\n<p>Leder for Bataljonen, Erlend V\u00e5gane, er spesielt glad for \u00e9n ting ang\u00e5ende Brann og supporter-oppsvinget.<\/p>\n<p>            Fakta<\/p>\n<p><b>Branns tilskuersnitt p\u00e5 bortebane 2009-25: <\/b><\/p>\n<p>2009: 575 <\/p>\n<p>2010: 406 <\/p>\n<p>2011: 429 <\/p>\n<p>2012: 320 <\/p>\n<p>2013: 266 \u2013 laveste disse \u00e5rene.<\/p>\n<p>2014: 332 <\/p>\n<p>2015: 382 i 1. divisjon. <\/p>\n<p>2016: 453 <\/p>\n<p>2017: 414 <\/p>\n<p>2018: 513 <\/p>\n<p>2019: 406 <\/p>\n<p>2020: Covid <\/p>\n<p>2021: Covid <\/p>\n<p>2022: 623 i 1. divisjon <\/p>\n<p>2023: 730 <\/p>\n<p>2024: 938 <\/p>\n<p>2025: 1002<\/p>\n<p>\u2013 Det har v\u00e6rt en voldsom \u00f8ke blant unge som vil se Brann. De utgj\u00f8r den store forskjellen, der har det v\u00e6rt en helt utrolig vekst. En ting er hvor mange som reiser for \u00e5 se kamp, men den innsatsen som gj\u00f8res av de unge p\u00e5 hjemmebane, med Tifo og annet, er rett og slett imponerende, sier han.<\/p>\n<p>            Brann-supporternes borteoppm\u00f8te i 2025<\/p>\n<p>VIF &#8211; Brann 3180<br \/>FFK &#8211; Brann 1771<br \/>KFUM- Brann 1282<br \/>Godset &#8211; Brann 1248<br \/>FKH- Brann 1130<br \/>RBK &#8211; Brann 1097<br \/>Viking &#8211; Brann 1000<br \/>Hamkam- Brann 927<br \/>S08 &#8211; Brann 895<br \/>Sandefjord &#8211; Brann 779<br \/>Bryne &#8211; Brann 730<br \/>MFK &#8211; Brann 320<br \/>TIL &#8211; Brann 241<br \/>KBK &#8211; Brann 239<br \/>Glimt &#8211; Brann 195<\/p>\n<p>\u2013 Det har skjedd noe de siste \u00e5rene, blant de unge. F\u00f8r var det mye snakk om at ungdommen bare brydde seg om internasjonal fotball, og fulgte et lag der ute. N\u00e5 er det massevis av unge som str\u00f8mmer til Brann, og mange andre klubber, for \u00e5 ta del i opplevelsene der. Det er en trend, og det er sv\u00e6rt gledelig, sier han.<\/p>\n<p>\u2013 En kamp og en opplevelse sitter i, og det var \u00e5 fylle en hel sving p\u00e5 Intility Arena, mot V\u00e5lerenga. Det har vel knapt skjedd f\u00f8r i norsk fotball, og over 3000 Brann-supportere der hjelper p\u00e5 sammenlagt-snittet, p\u00e5peker han.<\/p>\n<p>\u2013 Jeg tror pilene vil fortsette \u00e5 peke oppover. Jeg merker at det er mange flere n\u00e5 som \u00f8nsker \u00e5 ta del i det gode opplevelsene i og rundt Brann. Kok avler kok, smiler V\u00e5gane.<\/p>\n<p>            Fakta<\/p>\n<p><b>Fire beste bortesnitt totalt for eliteserien f.o.m. 2010:<\/b><\/p>\n<p>430 (2025)<br \/>360 (2024)<br \/>348 (2023)<br \/>277 (2010)<\/p>\n","protected":false},"excerpt":{"rendered":"BAs Brann-blogger Alexander Osdal har samlet inn tall for bortestatistikk for Brann og konkurrentene siden 2010. Aldri har&hellip;\n","protected":false},"author":2,"featured_media":132451,"comment_status":"","ping_status":"","sticky":false,"template":"","format":"standard","meta":{"footnotes":""},"categories":[59],"tags":[15305,36,15306,7502,92,30,28,29,418,83,82,1510,8540],"class_list":{"0":"post-132450","1":"post","2":"type-post","3":"status-publish","4":"format-standard","5":"has-post-thumbnail","7":"category-sport","8":"tag-alexander-osdal","9":"tag-art","10":"tag-erlend-vagane","11":"tag-fans","12":"tag-fotball","13":"tag-no","14":"tag-norge","15":"tag-norway","16":"tag-sk-brann","17":"tag-sport","18":"tag-sports","19":"tag-story","20":"tag-tilskuere"},"share_on_mastodon":{"url":"https:\/\/pubeurope.com\/@no\/115861373767874241","error":""},"_links":{"self":[{"href":"https:\/\/www.europesays.com\/no\/wp-json\/wp\/v2\/posts\/132450","targetHints":{"allow":["GET"]}}],"collection":[{"href":"https:\/\/www.europesays.com\/no\/wp-json\/wp\/v2\/posts"}],"about":[{"href":"https:\/\/www.europesays.com\/no\/wp-json\/wp\/v2\/types\/post"}],"author":[{"embeddable":true,"href":"https:\/\/www.europesays.com\/no\/wp-json\/wp\/v2\/users\/2"}],"replies":[{"embeddable":true,"href":"https:\/\/www.europesays.com\/no\/wp-json\/wp\/v2\/comments?post=132450"}],"version-history":[{"count":0,"href":"https:\/\/www.europesays.com\/no\/wp-json\/wp\/v2\/posts\/132450\/revisions"}],"wp:featuredmedia":[{"embeddable":true,"href":"https:\/\/www.europesays.com\/no\/wp-json\/wp\/v2\/media\/132451"}],"wp:attachment":[{"href":"https:\/\/www.europesays.com\/no\/wp-json\/wp\/v2\/media?parent=132450"}],"wp:term":[{"taxonomy":"category","embeddable":true,"href":"https:\/\/www.europesays.com\/no\/wp-json\/wp\/v2\/categories?post=132450"},{"taxonomy":"post_tag","embeddable":true,"href":"https:\/\/www.europesays.com\/no\/wp-json\/wp\/v2\/tags?post=132450"}],"curies":[{"name":"wp","href":"https:\/\/api.w.org\/{rel}","templated":true}]}}