{"id":132454,"date":"2026-01-08T20:34:08","date_gmt":"2026-01-08T20:34:08","guid":{"rendered":"https:\/\/www.europesays.com\/no\/132454\/"},"modified":"2026-01-08T20:34:08","modified_gmt":"2026-01-08T20:34:08","slug":"utestedet-elsker-i-oslo-konkurs","status":"publish","type":"post","link":"https:\/\/www.europesays.com\/no\/132454\/","title":{"rendered":"Utestedet Elsker i Oslo konkurs"},"content":{"rendered":"\n<p class=\"_lead_o9xde_2 _lead_xtcu6_50 layout-component text-serif-m layout-normal text-serif-l layout-component layout-wide layout-padded _wide_17hqh_1 layout-padded\">Det skeive utestedet Elsker i Oslo er konkurs. If\u00f8lge Oslo tingrett er de ute av stand til \u00e5 dekke forpliktelsene sine. <\/p>\n<ul aria-hidden=\"true\" class=\"_images_ntbth_112\">\n<li><a class=\"_link_ntbth_117\" href=\"https:\/\/www.vg.no\/forfatter\/ntb\" style=\"z-index:1\" title=\"NTB\" rel=\"nofollow noopener\" target=\"_blank\"><img alt=\"Bilde av NTB\" class=\"_image_ntbth_93\" fetchpriority=\"low\" loading=\"lazy\" decoding=\"async\" itemprop=\"image\"  src=\"https:\/\/www.europesays.com\/no\/wp-content\/uploads\/2026\/01\/1767904448_826_c33980b0-5d07-4027-84a1-813f90a7c8d6.png\"  width=\"480\"\/><\/a><\/li>\n<\/ul>\n<p> Oppdatert torsdag 8. januar kl. 20:58     <\/p>\n<p class=\"_paragraph_o9xde_4 _paragraph_xtcu6_10 layout-component text-serif-m layout-normal text-serif-m layout-padded\"> \u2013 Det stemmer, sier daglig leder Jim Ekberg p\u00e5 Elsker til <a href=\"https:\/\/www.blikk.no\/bergen-elsker-elsker-oslo\/skeivt-utested-i-oslo-har-stengt-dorene-for-godt\/286477?fbclid=IwdGRleAPMtMBleHRuA2FlbQIxMQBzcnRjBmFwcF9pZAo2NjI4NTY4Mzc5AAEeGlmSv1e5FvQhs9iMUJPLlHm_QlZanuU8nau608v0_eyJUv3r6uCxUJWwBvs_aem_OfcAkzj2bmHSwX9VeZkA-g\" class=\"_link_o9xde_39\" rel=\"nofollow noopener\" target=\"_blank\">Blikk<\/a>. <\/p>\n<p class=\"_paragraph_o9xde_4 _paragraph_xtcu6_10 layout-component text-serif-m layout-normal text-serif-m layout-padded\">Stengingen skjer etter n\u00e6rmere 20 \u00e5r som en del av det skeive utelivet i hovedstaden.<\/p>\n<p class=\"_paragraph_o9xde_4 _paragraph_xtcu6_10 layout-component text-serif-m layout-normal text-serif-m layout-padded\">Utestedet har ogs\u00e5 delt nyheten p\u00e5 instagram: <\/p>\n<p class=\"_paragraph_o9xde_4 _paragraph_xtcu6_10 layout-component text-serif-m layout-normal text-serif-m layout-padded\">\u2013 Hit, men ikke lenger. Takk til alle som har danset med oss, i nye og gamle lokaler, f\u00f8r og gjennom covid og til siste slutt. Vi ELSKER dere og alt dere har gjort for ELSKER. <\/p>\n<p class=\"_paragraph_o9xde_4 _paragraph_xtcu6_10 layout-component text-serif-m layout-normal text-serif-m layout-padded\">Bostyrer Klemet Ingvar Gaski ble orientert om konkursen torsdag ettermiddag.<\/p>\n<p class=\"_paragraph_o9xde_4 _paragraph_xtcu6_10 layout-component text-serif-m layout-normal text-serif-m layout-padded\"> \u2013 Det er forel\u00f8pig for tidlig \u00e5 si noe om antall kreditorer og detaljer i boet, sier han til <a href=\"https:\/\/www.ao.no\/utestedet-elsker-har-meldt-seg-selv-konkurs\/s\/5-128-1231080\" class=\"_link_o9xde_39\" rel=\"nofollow noopener\" target=\"_blank\">Avisa Oslo<\/a>.<\/p>\n<p class=\"_paragraph_o9xde_4 _paragraph_xtcu6_10 layout-component text-serif-m layout-normal text-serif-m layout-padded\">If\u00f8lge kjennelsen fra Oslo tingrett har selskapet en samlet gjeld p\u00e5 3,5 millioner kroner, mens verdiene i boet kun er ansl\u00e5tt til rundt 500.000 kroner.<\/p>\n","protected":false},"excerpt":{"rendered":"Det skeive utestedet Elsker i Oslo er konkurs. If\u00f8lge Oslo tingrett er de ute av stand til \u00e5&hellip;\n","protected":false},"author":2,"featured_media":132455,"comment_status":"","ping_status":"","sticky":false,"template":"","format":"standard","meta":{"footnotes":""},"categories":[10],"tags":[20,21,24,25,15,22,23,13,30,28,29,14,16,26,27],"class_list":{"0":"post-132454","1":"post","2":"type-post","3":"status-publish","4":"format-standard","5":"has-post-thumbnail","7":"category-norge","8":"tag-breaking-news","9":"tag-breakingnews","10":"tag-featured-news","11":"tag-featurednews","12":"tag-headlines","13":"tag-latest-news","14":"tag-latestnews","15":"tag-news","16":"tag-no","17":"tag-norge","18":"tag-norway","19":"tag-nyheter","20":"tag-overskrifter","21":"tag-top-stories","22":"tag-topstories"},"share_on_mastodon":{"url":"https:\/\/pubeurope.com\/@no\/115861393700635576","error":""},"_links":{"self":[{"href":"https:\/\/www.europesays.com\/no\/wp-json\/wp\/v2\/posts\/132454","targetHints":{"allow":["GET"]}}],"collection":[{"href":"https:\/\/www.europesays.com\/no\/wp-json\/wp\/v2\/posts"}],"about":[{"href":"https:\/\/www.europesays.com\/no\/wp-json\/wp\/v2\/types\/post"}],"author":[{"embeddable":true,"href":"https:\/\/www.europesays.com\/no\/wp-json\/wp\/v2\/users\/2"}],"replies":[{"embeddable":true,"href":"https:\/\/www.europesays.com\/no\/wp-json\/wp\/v2\/comments?post=132454"}],"version-history":[{"count":0,"href":"https:\/\/www.europesays.com\/no\/wp-json\/wp\/v2\/posts\/132454\/revisions"}],"wp:featuredmedia":[{"embeddable":true,"href":"https:\/\/www.europesays.com\/no\/wp-json\/wp\/v2\/media\/132455"}],"wp:attachment":[{"href":"https:\/\/www.europesays.com\/no\/wp-json\/wp\/v2\/media?parent=132454"}],"wp:term":[{"taxonomy":"category","embeddable":true,"href":"https:\/\/www.europesays.com\/no\/wp-json\/wp\/v2\/categories?post=132454"},{"taxonomy":"post_tag","embeddable":true,"href":"https:\/\/www.europesays.com\/no\/wp-json\/wp\/v2\/tags?post=132454"}],"curies":[{"name":"wp","href":"https:\/\/api.w.org\/{rel}","templated":true}]}}