{"id":132456,"date":"2026-01-08T20:35:11","date_gmt":"2026-01-08T20:35:11","guid":{"rendered":"https:\/\/www.europesays.com\/no\/132456\/"},"modified":"2026-01-08T20:35:11","modified_gmt":"2026-01-08T20:35:11","slug":"renee-nicole-good-ble-drept-av-ice-agent-i-minnesota","status":"publish","type":"post","link":"https:\/\/www.europesays.com\/no\/132456\/","title":{"rendered":"Renee Nicole Good ble drept av ICE-agent i Minnesota"},"content":{"rendered":"\n<p class=\"_lead_o9xde_2 _lead_xtcu6_50 layout-component text-serif-m layout-normal text-serif-l layout-component layout-wide layout-padded _wide_17hqh_1 layout-padded\">Familien sier hun var en hjemmev\u00e6rende trebarnsmor, mens Trump-administrasjonen beskriver henne som en \u00abinnenlandsk terrorist\u00bb.<\/p>\n<p><img alt=\" Foto: Sosiale medier\" class=\"_image_qp4xg_65 layout-component layout-wide\" data-fullscreen- data-track-element-type=\"Article image fullscreen\" data-track-name=\"ImageFullscreen\" fetchpriority=\"high\" decoding=\"sync\" loading=\"eager\" height=\"699\" itemprop=\"image\"  src=\"https:\/\/www.europesays.com\/no\/wp-content\/uploads\/2026\/01\/0db2461b-c9d2-42c8-98e8-d5057f5b9864.jpeg\"  style=\"object-position:0% 0%\" width=\"947\"\/> Foto: Sosiale medier<\/p>\n<ul aria-hidden=\"true\" class=\"_images_ntbth_112\">\n<li><a class=\"_link_ntbth_117\" href=\"https:\/\/www.vg.no\/forfatter\/louise-eberhard-gran\" style=\"z-index:1\" title=\"Louise Eberhard-Gran\" rel=\"nofollow noopener\" target=\"_blank\"><img alt=\"Bilde av Louise Eberhard-Gran\" class=\"_image_ntbth_93\" fetchpriority=\"low\" loading=\"lazy\" decoding=\"async\" itemprop=\"image\"  src=\"https:\/\/www.europesays.com\/no\/wp-content\/uploads\/2026\/01\/c7ac4b7b-19ea-4111-8788-8ce9b24b6382.jpeg\"  width=\"480\"\/><\/a><\/li>\n<\/ul>\n<p> Oppdatert torsdag 8. januar kl. 21:11    <\/p>\n<ul class=\"_list_o9xde_3 _list_64s2r_85 _unordered_o9xde_106 text-sans-m\">\n<li class=\"_item_o9xde_30\">Familien avviser at Renee Nicole Good (37) var aktivist, og beskriver henne som en hjemmev\u00e6rende trebarnsmor.<\/li>\n<li class=\"_item_o9xde_30\">F\u00f8derale myndigheter sier  ICE-agenten handlet i selvforsvar, mens Minneapolis-ordf\u00f8rer Jacob Frey avviser forklaringen og kaller den \u00abbullshit\u00bb etter \u00e5 ha sett videoopptak av hendelsen.<\/li>\n<li class=\"_item_o9xde_30\">Skytingen har utl\u00f8st flere demonstrasjoner, og Trump-administrasjonen vil n\u00e5 sende 100 tjenestepersoner fra U.S. Customs and Border Protection til Minnesota.<\/li>\n<li class=\"_item_o9xde_30\">Delstatsmyndighetene er fratatt videre etterforskning av saken etter at FBI har overtatt ansvaret.<\/li>\n<\/ul>\n<p>Vis mer <\/p>\n<p class=\"_paragraph_o9xde_4 _paragraph_xtcu6_10 layout-component text-serif-m layout-normal text-serif-m layout-padded\">Kvinnen som onsdag ble skutt og drept av en ICEICEICE st\u00e5r for &laquo;Immigration and Customs Enforcement&raquo;, som er en amerikansk f\u00f8deral etat som h\u00e5ndhever lover knyttet til innvandring og toll.-agent i Minneapolis, var Renee Nicole Good (37), en trebarnsmor som nylig hadde flyttet til delstaten Minnesota.<\/p>\n<p class=\"_paragraph_o9xde_4 _paragraph_xtcu6_10 layout-component text-serif-m layout-normal text-serif-m layout-padded\">Good var amerikansk statsborger, f\u00f8dt i Colorado, og skal if\u00f8lge nyhetsbyr\u00e5et AP ikke ha hatt noe rulleblad utover en trafikkbot.<\/p>\n<p class=\"_paragraph_o9xde_4 _paragraph_xtcu6_10 layout-component text-serif-m layout-normal text-serif-m layout-padded\">P\u00e5 sosiale medier beskrev hun seg selv som \u00abpoet, forfatter og kone og mor\u00bb. Hun hadde studert kreativ skriving ved Old Dominion University i Virginia, og vant i 2020 en pris for ett av sine dikt. De siste \u00e5rene hadde hun i hovedsak v\u00e6rt hjemmev\u00e6rende mor, men hadde tidligere jobbet b\u00e5de som tannlegeassistent og for et kredittselskap, if\u00f8lge eksmannen.<\/p>\n<p><img alt=\"Renee Nicole Good   Foto: Sosiale medier\" class=\"_image_qp4xg_65 layout-component layout-normal\" data-fullscreen- data-track-element-type=\"Article image fullscreen\" data-track-name=\"ImageFullscreen\" decoding=\"async\" loading=\"lazy\" height=\"877\" itemprop=\"image\"  src=\"https:\/\/www.europesays.com\/no\/wp-content\/uploads\/2026\/01\/9659c88c-b322-4f67-86db-a42915e18ee3.jpeg\"  style=\"object-position:0% 0%\" width=\"642\"\/>Renee Nicole Good   Foto: Sosiale medierM\u00f8tte ICE-agenter etter \u00e5 ha levert s\u00f8nnen p\u00e5 skolen<\/p>\n<p class=\"_paragraph_o9xde_4 _paragraph_xtcu6_10 layout-component text-serif-m layout-normal text-serif-m layout-padded\">Eksmannen har forklart til AP at Good onsdag morgen nettopp hadde levert sin seks \u00e5r gamle s\u00f8nn p\u00e5 skolen og var p\u00e5 vei hjem sammen med sin n\u00e5v\u00e6rende partner, da de m\u00f8tte en gruppe <a href=\"https:\/\/www.vg.no\/tag\/ice?utm_source=vg-article&amp;utm_medium=auto-tagger&amp;utm_campaign=Arlzv3\" class=\"_link_o9xde_39\" rel=\"nofollow noopener\" target=\"_blank\">ICE<\/a>-agenter i en sn\u00f8dekt gate i Minneapolis. Han har understreket at hun ikke var aktivist, og at han aldri hadde kjent henne til \u00e5 delta i noen form for protest.<\/p>\n<p class=\"_paragraph_o9xde_4 _paragraph_xtcu6_10 layout-component text-serif-m layout-normal text-serif-m layout-padded\">Videoopptak tatt av forbipasserende og delt i sosiale medier viser en tjenesteperson som n\u00e6rmer seg bilen hennes, krever at hun \u00e5pner d\u00f8ren og griper tak i d\u00f8rh\u00e5ndtaket. Da bilen begynner \u00e5 bevege seg fremover, trekker en annen ICE-agent, som st\u00e5r foran kj\u00f8ret\u00f8yet, v\u00e5penet sitt og skyter umiddelbart minst to skudd inn i bilen p\u00e5 kloss hold.<\/p>\n<p class=\"_paragraph_o9xde_4 _paragraph_xtcu6_10 layout-component text-serif-m layout-normal text-serif-m layout-padded\">Se video av hendelsen her: <\/p>\n<p class=\"_paragraph_o9xde_4 _paragraph_xtcu6_10 layout-component text-serif-m layout-normal text-serif-m layout-padded\">I et annet videoopptak, tatt etter skytingen, ses en fortvilet kvinne sitte ved siden av bilen mens hun roper: \u00abDet er konen min, jeg vet ikke hva jeg skal gj\u00f8re!\u00bb.<\/p>\n<p>Hevder selvforsvar<\/p>\n<p class=\"_paragraph_o9xde_4 _paragraph_xtcu6_10 layout-component text-serif-m layout-normal text-serif-m layout-padded\">Byr\u00e5det i Minnesota har uttalt at Good bare \u00abvar ute og tok vare p\u00e5 naboene sine\u00bb da hun ble skutt p\u00e5 kloss hold.<\/p>\n<p class=\"_paragraph_o9xde_4 _paragraph_xtcu6_10 layout-component text-serif-m layout-normal text-serif-m layout-padded\">Trump-administrasjonen p\u00e5 sin side mener Good blokkerte ICE med bilen sin og nektet \u00e5 etterkomme ordre om \u00e5 flytte seg. If\u00f8lge de f\u00f8derale myndighetene fors\u00f8kte hun deretter \u00e5 kj\u00f8re ned immigrasjonsagenter med bilen sin, og tjenestepersonen som skj\u00f8t henne, skal ha handlet i selvforsvar.<\/p>\n<p class=\"_paragraph_o9xde_4 _paragraph_xtcu6_10 layout-component text-serif-m layout-normal text-serif-m layout-padded\">Innenriksminister Kristi Noem sa p\u00e5 en pressekonferanse at kvinnen \u00abforfulgte\u00bb agentene, og at agenten som drepte henne \u00abbrukte treningen sin for \u00e5 redde sitt eget liv og kollegenes\u00bb. Hun omtalte handlingen som \u00abinnenlandsk terrorisme\u00bb.<\/p>\n<p><img alt=\"Kristi Noem, innenriksminister  Foto: David Dee Delgado \/ Reuters \/ NTB\" class=\"_image_qp4xg_65 layout-component layout-normal\" data-fullscreen- data-track-element-type=\"Article image fullscreen\" data-track-name=\"ImageFullscreen\" decoding=\"async\" loading=\"lazy\" height=\"3240\" itemprop=\"image\"  src=\"https:\/\/www.europesays.com\/no\/wp-content\/uploads\/2026\/01\/62035cec-24d4-42d2-8a7b-76ed1c429ee9.jpeg\"  style=\"object-position:0% 0%\" width=\"4864\"\/>Kristi Noem, innenriksminister  Foto: David Dee Delgado \/ Reuters \/ NTB<\/p>\n<p class=\"_paragraph_o9xde_4 _paragraph_xtcu6_10 layout-component text-serif-m layout-normal text-serif-m layout-padded\">Minneapolis ordf\u00f8rer, Jacob Frey,  avviser denne forklaringen blankt og kaller den en \u00abs\u00f8ppelfortelling\u00bb.<\/p>\n<p class=\"_paragraph_o9xde_4 _paragraph_xtcu6_10 layout-component text-serif-m layout-normal text-serif-m layout-padded\">\u2013 Etter \u00e5 ha sett videoen selv vil jeg si det helt klart til alle: Det er \u00abbullshit\u00bb, uttalte Frey p\u00e5 en pressekonferanse.<\/p>\n<p class=\"_paragraph_o9xde_4 _paragraph_xtcu6_10 layout-component text-serif-m layout-normal text-serif-m layout-padded\">Frey la skylden p\u00e5 f\u00f8derale immigrasjonsmyndigheter for \u00e5 skape kaos i byen og rettet en direkte beskjed til ICE: \u00abKom dere til helvete ut av Minneapolis.\u00bb <\/p>\n<p><img alt=\"Jacob Frey, ordf\u00f8rer i Minneapolis  Foto: Abbie Parr \/ AP \/ NTB\" class=\"_image_qp4xg_65 layout-component layout-normal\" data-fullscreen- data-track-element-type=\"Article image fullscreen\" data-track-name=\"ImageFullscreen\" decoding=\"async\" loading=\"lazy\" height=\"3429\" itemprop=\"image\"  src=\"https:\/\/www.europesays.com\/no\/wp-content\/uploads\/2026\/01\/6d59d9a0-5a4f-45db-88fb-0ea24502a2a9.jpeg\"  style=\"object-position:0% 0%\" width=\"5143\"\/>Jacob Frey, ordf\u00f8rer i Minneapolis  Foto: Abbie Parr \/ AP \/ NTBProtester og forsterket tilstedev\u00e6relse<\/p>\n<p class=\"_paragraph_o9xde_4 _paragraph_xtcu6_10 layout-component text-serif-m layout-normal text-serif-m layout-padded\">Hundrevis av tjenestepersoner fra ICE er sendt til Minneapolis som ledd i Trump-administrasjonens innstramming mot ulovlig innvandring.<\/p>\n<p class=\"_paragraph_o9xde_4 _paragraph_xtcu6_10 layout-component text-serif-m layout-normal text-serif-m layout-padded\">Etter at Good ble skutt i g\u00e5r har det brutt ut flere protester i byen.<\/p>\n<p class=\"_paragraph_o9xde_4 _paragraph_xtcu6_10 layout-component text-serif-m layout-normal text-serif-m layout-padded\">Se video fra demonstrasjonene i Minneapolis her: <\/p>\n<p class=\"_paragraph_o9xde_4 _paragraph_xtcu6_10 layout-component text-serif-m layout-normal text-serif-m layout-padded\">Trump-administrasjonen vil n\u00e5 utplassere over 100 tjenestepersoner fra \u00abU.S. Customs and Border ProtectionU.S. Customs and Border ProtectionEn amerikansk f\u00f8deral etat som har ansvar for \u00e5 beskytte USAs grenser og h\u00e5ndheve toll- og innvandringslover.\u00bb til Minnesota som f\u00f8lge av hendelsen, skriver <a href=\"https:\/\/www.nytimes.com\/2026\/01\/08\/us\/politics\/border-patrol-minnesota-trump.html\" class=\"_link_o9xde_39\" rel=\"nofollow noopener\" target=\"_blank\">New York Times<\/a> torsdag kveld.<\/p>\n<p class=\"_paragraph_o9xde_4 _paragraph_xtcu6_10 layout-component text-serif-m layout-normal text-serif-m layout-padded\">If\u00f8lge avisen skal agentene omdisponeres fra oppdrag i Chicago og New Orleans, og utplasseringen er ventet \u00e5 vare fram til s\u00f8ndag.<\/p>\n<p><img alt=\"Bilde av US Border Patrol som p\u00e5griper en person i forbindelse med protestene i Minneapolis onsdag 7. januar 2026.  Foto: KEREM YUCEL \/ AFP \/ NTB\" class=\"_image_qp4xg_65 layout-component layout-normal\" data-fullscreen- data-track-element-type=\"Article image fullscreen\" data-track-name=\"ImageFullscreen\" decoding=\"async\" loading=\"lazy\" height=\"2601\" itemprop=\"image\"  src=\"https:\/\/www.europesays.com\/no\/wp-content\/uploads\/2026\/01\/522c7661-d1ee-43e2-8dad-54b826f0440f.png\"  style=\"object-position:0% 0%\" width=\"3900\"\/>Bilde av US Border Patrol som p\u00e5griper en person i forbindelse med protestene i Minneapolis onsdag 7. januar 2026.  Foto: KEREM YUCEL \/ AFP \/ NTBFBI overtar etterforskningen<\/p>\n<p class=\"_paragraph_o9xde_4 _paragraph_xtcu6_10 layout-component text-serif-m layout-normal text-serif-m layout-padded\">Det er besluttet at FBI skal etterforske skyteepisoden. Delstatens kriminaletterforskere i Minnesota Bureau of Criminal Apprehension (BCA)Minnesota Bureau of Criminal Apprehension (BCA)En delstatlig etat i Minnesota som etterforsker alvorlige forbrytelser og bist\u00e5r lokale politimyndigheter. er samtidig blitt tvunget til \u00e5 trekke seg fra etterforskningen.<\/p>\n<p class=\"_paragraph_o9xde_4 _paragraph_xtcu6_10 layout-component text-serif-m layout-normal text-serif-m layout-padded\">Minnesotas justisminister Keith Ellison kaller avgj\u00f8relsen \u00abdypt bekymringsfull\u00bb.<\/p>\n<p class=\"_paragraph_o9xde_4 _paragraph_xtcu6_10 layout-component text-serif-m layout-normal text-serif-m layout-padded\">\u2013 Mitt sp\u00f8rsm\u00e5l er: Hva er dere redde for? Hva er dere redde for n\u00e5r det gjelder en uavhengig etterforskning? sa Elisson til  til <a href=\"https:\/\/edition.cnn.com\/us\/live-news\/minneapolis-ice-shooting-01-08-26?post-id=cmk5nskyd0012356pjdgyzcg5\" class=\"_link_o9xde_39\" rel=\"nofollow noopener\" target=\"_blank\">CNN.<\/a><\/p>\n<p class=\"_paragraph_o9xde_4 _paragraph_xtcu6_10 layout-component text-serif-m layout-normal text-serif-m layout-padded\">Han mener det beste for landet ville v\u00e6re en felles etterforskning, der f\u00f8derale, delstatlige og lokale myndigheter samarbeider.<\/p>\n","protected":false},"excerpt":{"rendered":"Familien sier hun var en hjemmev\u00e6rende trebarnsmor, mens Trump-administrasjonen beskriver henne som en \u00abinnenlandsk terrorist\u00bb. Foto: Sosiale medier&hellip;\n","protected":false},"author":2,"featured_media":132457,"comment_status":"","ping_status":"","sticky":false,"template":"","format":"standard","meta":{"footnotes":""},"categories":[5],"tags":[20,21,55,24,25,15,19,6887,22,23,17,18,2119,13,30,28,29,14,16,26,27,50],"class_list":{"0":"post-132456","1":"post","2":"type-post","3":"status-publish","4":"format-standard","5":"has-post-thumbnail","7":"category-overskrifter","8":"tag-breaking-news","9":"tag-breakingnews","10":"tag-donald-trump","11":"tag-featured-news","12":"tag-featurednews","13":"tag-headlines","14":"tag-hovedoppslag","15":"tag-ice-immigration-and-customs-enforcement","16":"tag-latest-news","17":"tag-latestnews","18":"tag-main-news","19":"tag-mainnews","20":"tag-minnesota","21":"tag-news","22":"tag-no","23":"tag-norge","24":"tag-norway","25":"tag-nyheter","26":"tag-overskrifter","27":"tag-top-stories","28":"tag-topstories","29":"tag-usa"},"share_on_mastodon":{"url":"https:\/\/pubeurope.com\/@no\/115861397395251668","error":""},"_links":{"self":[{"href":"https:\/\/www.europesays.com\/no\/wp-json\/wp\/v2\/posts\/132456","targetHints":{"allow":["GET"]}}],"collection":[{"href":"https:\/\/www.europesays.com\/no\/wp-json\/wp\/v2\/posts"}],"about":[{"href":"https:\/\/www.europesays.com\/no\/wp-json\/wp\/v2\/types\/post"}],"author":[{"embeddable":true,"href":"https:\/\/www.europesays.com\/no\/wp-json\/wp\/v2\/users\/2"}],"replies":[{"embeddable":true,"href":"https:\/\/www.europesays.com\/no\/wp-json\/wp\/v2\/comments?post=132456"}],"version-history":[{"count":0,"href":"https:\/\/www.europesays.com\/no\/wp-json\/wp\/v2\/posts\/132456\/revisions"}],"wp:featuredmedia":[{"embeddable":true,"href":"https:\/\/www.europesays.com\/no\/wp-json\/wp\/v2\/media\/132457"}],"wp:attachment":[{"href":"https:\/\/www.europesays.com\/no\/wp-json\/wp\/v2\/media?parent=132456"}],"wp:term":[{"taxonomy":"category","embeddable":true,"href":"https:\/\/www.europesays.com\/no\/wp-json\/wp\/v2\/categories?post=132456"},{"taxonomy":"post_tag","embeddable":true,"href":"https:\/\/www.europesays.com\/no\/wp-json\/wp\/v2\/tags?post=132456"}],"curies":[{"name":"wp","href":"https:\/\/api.w.org\/{rel}","templated":true}]}}