{"id":132460,"date":"2026-01-08T20:40:07","date_gmt":"2026-01-08T20:40:07","guid":{"rendered":"https:\/\/www.europesays.com\/no\/132460\/"},"modified":"2026-01-08T20:40:07","modified_gmt":"2026-01-08T20:40:07","slug":"nato-donald-trump-hver-tredje-nordmann-tror-trump-kan-forarsake-nato-kollaps","status":"publish","type":"post","link":"https:\/\/www.europesays.com\/no\/132460\/","title":{"rendered":"Nato, Donald Trump | Hver tredje nordmann tror Trump kan for\u00e5rsake Nato-kollaps"},"content":{"rendered":"\n<p>Over en tredjedel tror det er sannsynlig at Donald Trumps utenrikspolitikk kan f\u00f8re til at forsvarsalliansen Nato bryter sammen.<\/p>\n<p>Nesten like mange mener det er usannsynlig. Det viser en ny m\u00e5ling InFact har gjennomf\u00f8rt for Nettavisen.<\/p>\n<p>24 prosent tror det er sannsynlig at Trumps utenrikspolitikk vil for\u00e5rsake et Nato-sammenbrudd, og 12,8 prosent tror det er sv\u00e6rt sannsynlig.<\/p>\n<p>31 prosent mener det er enten usannsynlig (17 prosent) eller sv\u00e6rt usannsynlig (14 prosent) at Trumps utenrikspolitikk kan f\u00f8re til at Nato bryter sammen, mens 31,8 prosent svarer \u00abverken eller\u00bb.<\/p>\n<p>Sp\u00f8rreunders\u00f8kelsen ble gjennomf\u00f8rt mandag 6. januar blant 1.018 respondenter.<\/p>\n<p><b>\u2013 Meningsm\u00e5lingen tyder p\u00e5 at folk er forvirret og usikre, og det er det all grunn til \u00e5 v\u00e6re fordi dette er det ingen svar p\u00e5, sier seniorforsker ved Nupi, Karsten Friis, til Nettavisen.<\/b><\/p>\n<p>\u2013 Det at det er usikkerhet knyttet til amerikanske sikkerhetsgarantier under Trump, er jeg ikke overrasket over i det hele tatt. Det er all grunn til \u00e5 v\u00e6re usikker og stille sp\u00f8rsm\u00e5l ved dette n\u00e5r han bryter med en rekke organisasjoner og trekker USA ut av internasjonale fora, sier Friis.<\/p>\n<p><b>Les ogs\u00e5: <a class=\"simple-relation related-teaser article--c-eRUmMG article--c-eRUmMG-fZoQSp-design-nettavisen article--c-eRUmMG-gwthdJ-cv\" href=\"https:\/\/www.nettavisen.no\/norge-var-orientert-om-bording-av-russisk-skip\/s\/5-95-2814330\" rel=\"nofollow noopener\" target=\"_blank\">Norge var orientert om bording av russisk skip<\/a><\/b><\/p>\n<p>Onsdag kveld varslet Trump-administrasjonen at USA trekker seg ut fra 66 internasjonale organisasjoner, deriblant 31 FN-organisasjoner.<\/p>\n<p>Trump har tidligere kunngjort at han skal trekke USA ut av Verdens helseorganisasjon (WHO) og Paris-avtalen.<\/p>\n<p>\u2013 Ikke s\u00e5 pessimistisk<\/p>\n<p>Friis selv tror det er usannsynlig at Nato vil bryte sammen under Trump.<\/p>\n<p>\u2013 Jeg er kanskje ikke s\u00e5 pessimistisk. Jeg tror fortsatt at det er sterke krefter i USA som ser verdien av handel og sikkerhetspolitisk samkvem tvers over Atlanteren, og at det \u00e5 rive det ned uten grunn er lite klokt.<\/p>\n<p>\u2013 Jeg er kanskje en optimist, men jeg tror at dette fortsatt spiller en rolle i USA og i Det republikanske partiet, sier han.<\/p>\n<p><b>Les ogs\u00e5<\/b>: <a class=\"simple-relation related-teaser article--c-eRUmMG article--c-eRUmMG-fZoQSp-design-nettavisen article--c-eRUmMG-gwthdJ-cv\" href=\"https:\/\/www.nettavisen.no\/store-trump-har-tatt-opp-fredsprisen-med-meg-mange-ganger\/s\/5-95-2813318\" rel=\"nofollow noopener\" target=\"_blank\">St\u00f8re: \u2013 Trump har tatt opp fredsprisen med meg mange ganger<\/a><\/p>\n<p>Friis sier det er en viktig forskjell p\u00e5 usikkerhet rundt USAs Nato-forpliktelser og en formell uttrekking av forsvarsalliansen.<\/p>\n<p>\u2013 Jeg har ingen tro p\u00e5 at USA formelt trekker seg ut av Nato. Ingenting tyder p\u00e5 det. Trump sa senest i g\u00e5r at <a href=\"https:\/\/truthsocial.com\/@realDonaldTrump\/posts\/115854352740910460\" rel=\"Follow nofollow noopener\" target=\"_blank\">USA st\u00e5r ved Nato<\/a>. Men det hjelper ikke \u00e5 ha Nato hvis ting han sier skaper usikkerhet om hvorvidt Trump-administrasjonen faktisk vil leve opp til artikkel 5, sier Friis.<\/p>\n<p>\u2013 Den usikkerheten tror jeg kommer til \u00e5 v\u00e6re der s\u00e5 lenge Trump sitter ved makten, legger han til.<\/p>\n<p>Artikkel 5 er Natos b\u00e6rebjelke og fastsetter gjensidige forsvarsgarantier, som sl\u00e5r fast at et angrep p\u00e5 ett Nato-medlem regnes som et angrep p\u00e5 alle medlemmer.<\/p>\n<p>Avskrekkende effekt<\/p>\n<p>Friis sier at usikkerheten ogs\u00e5 kan ha en avskrekkende effekt overfor Russland.<\/p>\n<p>\u2013 Et viktig poeng er at denne usikkerheten virker ogs\u00e5 andre vei. Hvis du sitter i Moskva og er helt sikker p\u00e5 at Nato er d\u00f8dt, ville du kanskje testet ut noe med Baltikum. Men n\u00e5 er det usikkerhet rundt hva USA vil gj\u00f8re hvis et Nato-land blir angrepet. Den usikkerheten m\u00e5 ogs\u00e5 Russland ta innover seg, sier han.<\/p>\n<p>\u2013 Denne usikkerheten har en avskrekkende effekt s\u00e5 lenge det ogs\u00e5 er en sjanse for at sikkerhetsgarantiene gjelder, p\u00e5peker Friis.<\/p>\n<p>De baltiske landene Latvia, Estland og Litauen ble medlemmer av Nato i 2004. Etter Russlands storskala-invasjon av Ukraina har landene uttrykt bekymring for at Russland ogs\u00e5 kan angripe dem.<\/p>\n<p><b>Les ogs\u00e5: <a class=\"simple-relation related-teaser article--c-eRUmMG article--c-eRUmMG-fZoQSp-design-nettavisen article--c-eRUmMG-gwthdJ-cv\" href=\"https:\/\/www.nettavisen.no\/store-advart-av-frederiksen-det-er-alvor-na-jonas\/s\/5-95-2811802\" rel=\"nofollow noopener\" target=\"_blank\">St\u00f8re advart av Frederiksen: \u2013 Det er alvor n\u00e5, Jonas<\/a><\/b><\/p>\n<p>Friis understreker at USA er engasjert p\u00e5 en rekke omr\u00e5der n\u00e5, og peker ogs\u00e5 p\u00e5 positive trekk ved landets utenrikspolitikk.<\/p>\n<p>\u2013 Ukraina-forhandlingene er i et positivt spor, og disse russiske skipene som ble tatt illustrerer ogs\u00e5 transatlantisk samarbeid og en brodd mot Russland. S\u00e5 det er ikke alltid s\u00e5 lett \u00e5 ha kontroll p\u00e5 hvor administrasjonen g\u00e5r, sier Friis.<\/p>\n<p>USA bordet og <a href=\"https:\/\/www.bbc.com\/news\/articles\/c5y2v8ngl14o\" rel=\"Follow nofollow noopener\" target=\"_blank\">tok kontroll over oljetankskipet Marinera<\/a> p\u00e5 onsdag, som seilte under russisk flagg etter \u00e5 ha fors\u00f8kt \u00e5 unng\u00e5 et amerikansk blokadeoppdrag i Nord-Atlanteren.<\/p>\n<p>Amerikanske styrker tok i samme operasjon kontroll over tankskipet M\/T Sophia i internasjonalt farvann ved Karibia. Russland har ford\u00f8mt aksjonene og hevdet at USA har brutt internasjonal sj\u00f8rett.<\/p>\n<p>Gr\u00f8nland og Nato<\/p>\n<p>Trumps ambisjoner om amerikansk kontroll over Gr\u00f8nland, som er en del av Kongeriket Danmark, har f\u00e5tt fornyet aktualitet etter USAs milit\u00e6re aksjon mot Venezuela sist helg.<\/p>\n<p>Da Trump nylig ble spurt om Gr\u00f8nland av amerikansk presse om bord p\u00e5 presidentflyet Air Force One, svarte han at USA \u00abm\u00e5 ha Gr\u00f8nland\u00bb av hensyn til nasjonal sikkerhet.<\/p>\n<p>Danmarks statsminister Mette Frederiksen har uttalt at en amerikansk annektering av Gr\u00f8nland kan v\u00e6re slutten p\u00e5 Nato.<\/p>\n","protected":false},"excerpt":{"rendered":"Over en tredjedel tror det er sannsynlig at Donald Trumps utenrikspolitikk kan f\u00f8re til at forsvarsalliansen Nato bryter&hellip;\n","protected":false},"author":2,"featured_media":132461,"comment_status":"","ping_status":"","sticky":false,"template":"","format":"standard","meta":{"footnotes":""},"categories":[12],"tags":[20,21,24,25,15,22,23,13,30,28,29,14,16,26,27,42,43,44,45],"class_list":{"0":"post-132460","1":"post","2":"type-post","3":"status-publish","4":"format-standard","5":"has-post-thumbnail","7":"category-verden","8":"tag-breaking-news","9":"tag-breakingnews","10":"tag-featured-news","11":"tag-featurednews","12":"tag-headlines","13":"tag-latest-news","14":"tag-latestnews","15":"tag-news","16":"tag-no","17":"tag-norge","18":"tag-norway","19":"tag-nyheter","20":"tag-overskrifter","21":"tag-top-stories","22":"tag-topstories","23":"tag-verden","24":"tag-world","25":"tag-world-news","26":"tag-worldnews"},"share_on_mastodon":{"url":"https:\/\/pubeurope.com\/@no\/115861417182856417","error":""},"_links":{"self":[{"href":"https:\/\/www.europesays.com\/no\/wp-json\/wp\/v2\/posts\/132460","targetHints":{"allow":["GET"]}}],"collection":[{"href":"https:\/\/www.europesays.com\/no\/wp-json\/wp\/v2\/posts"}],"about":[{"href":"https:\/\/www.europesays.com\/no\/wp-json\/wp\/v2\/types\/post"}],"author":[{"embeddable":true,"href":"https:\/\/www.europesays.com\/no\/wp-json\/wp\/v2\/users\/2"}],"replies":[{"embeddable":true,"href":"https:\/\/www.europesays.com\/no\/wp-json\/wp\/v2\/comments?post=132460"}],"version-history":[{"count":0,"href":"https:\/\/www.europesays.com\/no\/wp-json\/wp\/v2\/posts\/132460\/revisions"}],"wp:featuredmedia":[{"embeddable":true,"href":"https:\/\/www.europesays.com\/no\/wp-json\/wp\/v2\/media\/132461"}],"wp:attachment":[{"href":"https:\/\/www.europesays.com\/no\/wp-json\/wp\/v2\/media?parent=132460"}],"wp:term":[{"taxonomy":"category","embeddable":true,"href":"https:\/\/www.europesays.com\/no\/wp-json\/wp\/v2\/categories?post=132460"},{"taxonomy":"post_tag","embeddable":true,"href":"https:\/\/www.europesays.com\/no\/wp-json\/wp\/v2\/tags?post=132460"}],"curies":[{"name":"wp","href":"https:\/\/api.w.org\/{rel}","templated":true}]}}