{"id":132462,"date":"2026-01-08T20:41:20","date_gmt":"2026-01-08T20:41:20","guid":{"rendered":"https:\/\/www.europesays.com\/no\/132462\/"},"modified":"2026-01-08T20:41:20","modified_gmt":"2026-01-08T20:41:20","slug":"kommunekommisjonen-jens-stoltenberg-kommunekommisjon-med-slagside","status":"publish","type":"post","link":"https:\/\/www.europesays.com\/no\/132462\/","title":{"rendered":"Kommunekommisjonen, Jens Stoltenberg | Kommunekommisjon med slagside"},"content":{"rendered":"\n<p><b>For et <\/b>snaut \u00e5r siden, i slutten av januar 2025, varslet Sp at partiet forlot St\u00f8re-regjeringa p\u00e5 grunn av uenighet om energipolitikken.<\/p>\n<p><b>En av de<\/b> viktigste \u00e5rsakene til at Sp gjorde et godt valg i 2021 og Ap\/Sp-regjeringa kom til regjeringsmakt, var Sps iherdige kamp mot tvangssammensl\u00e5ing av kommuner.<\/p>\n<p><b>Noen m\u00e5neder<\/b> etter at Sp forlot regjeringa, i mai, satte den rene Ap-regjeringa <a href=\"https:\/\/www.regjeringen.no\/no\/dep\/kdd\/org\/styrer-rad-og-utvalg\/kommunekommisjonen\/id3114028\/\" rel=\"Follow nofollow noopener\" target=\"_blank\">ned en kommunekommisjon<\/a>.<\/p>\n<p><b>Fredag leverer<\/b> kommisjonen sin f\u00f8rste av to rapporter, inkludert anbefalinger, til kommunal- og distriktsminister Bj\u00f8rnar Skj\u00e6ran og finansminister Jens Stoltenberg.<\/p>\n<p><b>I store <\/b>deler Kommune-Norge er ikke forventningene til kommunekommisjonens anbefalinger s\u00e6rlig store. Det er flere grunner til det.<\/p>\n<p><b>Kommisjonen fikk<\/b> i <a href=\"https:\/\/www.regjeringen.no\/no\/aktuelt\/kommunekommisjonen-er-satt-ned\/id3099766\/\" rel=\"Follow nofollow noopener\" target=\"_blank\">oppgave \u00e5<\/a> \u00abforesl\u00e5 endringer som gj\u00f8r at kommunene kan bruke ressursene p\u00e5 en god og fleksibel m\u00e5te, og l\u00f8se oppgavene mer effektivt\u00bb.<\/p>\n<p><b>Dav\u00e6rende kommunal<\/b>&#8211; og distriktsminister Kjersti Stenseng (Ap) erkl\u00e6rte at \u00abdet er n\u00f8dvendig at vi tenker nytt i den krevende situasjonen kommunesektoren st\u00e5r i, b\u00e5de n\u00e5r det gjelder \u00f8konomi og tilgang til arbeidskraft\u00bb.<\/p>\n<p><b>Dersom St\u00f8re-regjeringa<\/b> virkelig \u00f8nsket nye tanker etter Solberg-regjeringas utmattende sammensl\u00e5ings-reform, er det vanskelig \u00e5 forst\u00e5 hvorfor fire av tolv medlemmer i Aps kommunekommisjon er hentet fra Erna Solbergs gamle sammensl\u00e5ings-lag.<\/p>\n<p><b>Det svekker<\/b> naturlig nok kommisjonens legitimitet, selv om resten av kommisjonen kan st\u00e5 for nytenking.<\/p>\n<p><b>De fire er<\/b> H\u00f8yres tidligere \u00absammensl\u00e5ingsminister\u00bb Monica M\u00e6land, professor Lars Erik Borge (NTNU), professor Signy Irene Vabo (Universitetet i Oslo) og spesialr\u00e5dgiver i kommunaldepartementet, Eivind Dale. Dale leder dagens <a href=\"https:\/\/www.regjeringen.no\/contentassets\/0410e3ca4f9244a4b6245aa8c43b68d6\/mandat-og-sammensetning-for-kommunekommisjonen.pdf\" rel=\"Follow nofollow noopener\" target=\"_blank\">kommunekommisjon<\/a>.<\/p>\n<p><b>Under tidligere <\/b>statsminister Erna Solbergs bestrebelser p\u00e5 \u00e5 n\u00e5 m\u00e5let om kun 100 kommuner i Norge, var Eivind Dale departementsr\u00e5d, og <a href=\"https:\/\/www.ranablad.no\/leder\/frykten-for-sammenslaing\/o\/1-93-908524\" rel=\"Follow nofollow noopener\" target=\"_blank\">talte varmt <\/a>for kommunesammensl\u00e5ing.<\/p>\n<p><b>Professor Lars <\/b>Erik Borge ledet <a href=\"https:\/\/www.ntnu.edu\/documents\/140152\/0\/Politisk+%C3%B8konomi+NTNU+18-08-16+Lars-Erik.pdf\/98aeeac9-b50b-426c-a3c2-fc5893564be8\" rel=\"Follow nofollow noopener\" target=\"_blank\">et ekspertutvalg<\/a> som anbefalte \u00e5 kutte ned tallet p\u00e5 kommuner fra (den gang) 428 til 100. Kommuner kan ikke ha under 15.000-20.000 innbyggere, mente Borge-utvalget.<\/p>\n<p><b>Professor Signy<\/b> Irene Vabo ledet det s\u00e5kalte Vabo-utvalget, et ekspertutvalg nedsatt av Solberg-regjeringa i 2014, der Lars Erik Borge ogs\u00e5 var med. I Vabo-utvalgets f\u00f8rste rapport var anbefalingen prikk lik Borges: Kommuner b\u00f8r ha minimum 15.000-20.000 innbyggere. Antall kommuner b\u00f8r reduseres fra 428 til omkring 100.<\/p>\n<p><b>Vabo-utvalgets anbefalinger<\/b> l\u00e5 til grunn for Solberg-regjeringas kostbare og smertefulle sammensl\u00e5ings-reform. H\u00f8yre-utvalgenes begrunnelse for \u00e5 utradere kommuner, var i hovedsak \u00abstordriftsfordeler\u00bb.<\/p>\n<p><b>\u00abDet regjeringsoppnevnte<\/b> ekspertutvalget var politiske akt\u00f8rer p\u00e5 linje med politikerne selv\u00bb, innvendte demokratiforsker og professor ved UiO, \u00d8yvind \u00d8sterud (som d\u00f8de i fjor), <a href=\"https:\/\/www.aftenposten.no\/viten\/i\/36XaX\/uviten-debatten-om-kommunestruktur-er-en-konkurranse-mellom-glansbilder\" rel=\"Follow nofollow noopener\" target=\"_blank\">i Aftenposten i 2016<\/a>.<\/p>\n<p><b>\u00abDet er <\/b>kanskje ikke overraskende at politiske debattanter rendyrker sitt syn, men det er mer forbl\u00f8ffende at s\u00e5kalte eksperter ikke veier motstridende hensyn mot hverandre.\u00bb \u00d8sterud var uvanlig sterk i sin kritikk.<\/p>\n<p><b>Ett av <\/b>professor \u00d8steruds viktige poenger var at kunnskap og erkjennelse av dilemmaer, ikke minst demokratiske dilemmaer, m\u00e5 ligge til grunn for kommune-reformer.<\/p>\n<p><b>Ny politikk<\/b> og nye reformer b\u00f8r bygge p\u00e5 ny og bred kunnskap, og p\u00e5 en grundig evaluering av hva Solberg-regjeringa gjorde feil i sin kommunereform. En slik evaluering kan ikke foretas av de samme som sto bak H\u00f8yres reform. Det vil med rette oppfattes som \u00abbukken til havresekken\u00bb.<\/p>\n<p><b>S\u00e5 hvorfor<\/b> utnevnte St\u00f8re-regjeringa sentrale akt\u00f8rer fra Solberg-regjeringas kommunesammensl\u00e5ings-lag? Er ikke evaluering av Erna Solbergs mislykkede og opprivende kommunereform et viktig kunnskapsgrunnlag?<\/p>\n<p><b>Mistanken om<\/b> at Ap dilter i H\u00f8yres fotspor framfor \u00e5 finne nye, kunnskapsbaserte tiln\u00e6rminger til kommunenes store utfordringer, er forsterket av b\u00e5de finansminister Jens Stoltenberg og lederen for kommunekommisjonen, Eivind Dale.<\/p>\n<p>  <a href=\"https:\/\/www.nationen.no\/5-148-844190\" class=\"related-teaser has-image default-story-teaser article--c-eRUmMG article--c-eRUmMG-jKCPdD-design-default\" rel=\"nofollow noopener\" target=\"_blank\"><\/p>\n<p>    <img decoding=\"async\" loading=\"lazy\"  src=\"https:\/\/www.europesays.com\/no\/wp-content\/uploads\/2026\/01\/1767904880_398_NTB_dOGiX-5v_k8.jpg\" alt=\"\" class=\"brick-c-cFOWSL\" style=\"\"\/><\/p>\n<p>\n            Les ogs\u00e5<\/p>\n<p>              Klar beskjed til minst effektive kommuner: \u2013 B\u00f8r skjerpe seg\n        <\/p>\n<p>  <\/a><\/p>\n<p><b>Dale sier <\/b>til Nationen at de minst effektive kommunene \u00abb\u00f8r skjerpe seg\u00bb. Sp\u00f8rsm\u00e5let er selvsagt \u00abeffektive i forhold til hva\u00bb? Og hvem mener kommisjonen det er som ikke er effektive, det er vel knapt ansatte i hjemmesykepleien?<\/p>\n<p><b>Er det<\/b> noe kommuner i \u00f8konomisk krise ikke trenger, s\u00e5 er det vel slike formaninger og mangel p\u00e5 nyanser og forst\u00e5else. Finansminister <a href=\"https:\/\/www.adressa.no\/nyheter\/innenriks\/i\/kwqKOa\/ks-slaar-tilbake-mot-stoltenberg-svaert-alvorlig-situasjon\" rel=\"Follow nofollow noopener\" target=\"_blank\">Stoltenberg gikk<\/a> s\u00e5 langt som \u00e5 avvise at kommunene i det hele tatt er i \u00f8konomisk krise.<\/p>\n<p><b>Vi b\u00f8r<\/b> kunne ha st\u00f8rre forventninger til St\u00f8re-regjeringas forst\u00e5else av, og respekt for, kommunenes viktige rolle som ansvarlige for innbyggernes velferd her til lands, enn det Solberg-regjeringa framviste.<\/p>\n<p><b>Det er<\/b> da enda godt at alle ser ut til \u00e5 v\u00e6re enige om at kommunene dynges ned av for mye statlig styring.<\/p>\n<p><b>Dersom kommunekommisjonen <\/b>kommer opp med konkrete og fornuftige kutt i den arbeidsmengden staten legger p\u00e5 kommune-administrasjonene, vil det gj\u00f8re enhver kommune mer effektive i det viktige arbeidet med \u00e5 ivareta innbyggernes helse og velferd.<\/p>\n","protected":false},"excerpt":{"rendered":"For et snaut \u00e5r siden, i slutten av januar 2025, varslet Sp at partiet forlot St\u00f8re-regjeringa p\u00e5 grunn&hellip;\n","protected":false},"author":2,"featured_media":132463,"comment_status":"","ping_status":"","sticky":false,"template":"","format":"standard","meta":{"footnotes":""},"categories":[10],"tags":[36,5716,20,21,24,25,15,240,266,15307,22,23,15308,1932,13,30,28,29,14,1533,16,26,27],"class_list":{"0":"post-132462","1":"post","2":"type-post","3":"status-publish","4":"format-standard","5":"has-post-thumbnail","7":"category-norge","8":"tag-art","9":"tag-bjornar-skjaeran","10":"tag-breaking-news","11":"tag-breakingnews","12":"tag-featured-news","13":"tag-featurednews","14":"tag-headlines","15":"tag-jens-stoltenberg","16":"tag-kommentar","17":"tag-kommunekommisjonen","18":"tag-latest-news","19":"tag-latestnews","20":"tag-monica-maeland","21":"tag-motkultur","22":"tag-news","23":"tag-no","24":"tag-norge","25":"tag-norway","26":"tag-nyheter","27":"tag-opinion","28":"tag-overskrifter","29":"tag-top-stories","30":"tag-topstories"},"share_on_mastodon":{"url":"https:\/\/pubeurope.com\/@no\/115861420913288777","error":""},"_links":{"self":[{"href":"https:\/\/www.europesays.com\/no\/wp-json\/wp\/v2\/posts\/132462","targetHints":{"allow":["GET"]}}],"collection":[{"href":"https:\/\/www.europesays.com\/no\/wp-json\/wp\/v2\/posts"}],"about":[{"href":"https:\/\/www.europesays.com\/no\/wp-json\/wp\/v2\/types\/post"}],"author":[{"embeddable":true,"href":"https:\/\/www.europesays.com\/no\/wp-json\/wp\/v2\/users\/2"}],"replies":[{"embeddable":true,"href":"https:\/\/www.europesays.com\/no\/wp-json\/wp\/v2\/comments?post=132462"}],"version-history":[{"count":0,"href":"https:\/\/www.europesays.com\/no\/wp-json\/wp\/v2\/posts\/132462\/revisions"}],"wp:featuredmedia":[{"embeddable":true,"href":"https:\/\/www.europesays.com\/no\/wp-json\/wp\/v2\/media\/132463"}],"wp:attachment":[{"href":"https:\/\/www.europesays.com\/no\/wp-json\/wp\/v2\/media?parent=132462"}],"wp:term":[{"taxonomy":"category","embeddable":true,"href":"https:\/\/www.europesays.com\/no\/wp-json\/wp\/v2\/categories?post=132462"},{"taxonomy":"post_tag","embeddable":true,"href":"https:\/\/www.europesays.com\/no\/wp-json\/wp\/v2\/tags?post=132462"}],"curies":[{"name":"wp","href":"https:\/\/api.w.org\/{rel}","templated":true}]}}