{"id":132466,"date":"2026-01-08T20:48:17","date_gmt":"2026-01-08T20:48:17","guid":{"rendered":"https:\/\/www.europesays.com\/no\/132466\/"},"modified":"2026-01-08T20:48:17","modified_gmt":"2026-01-08T20:48:17","slug":"bildet-far-google-til-a-eksplodere","status":"publish","type":"post","link":"https:\/\/www.europesays.com\/no\/132466\/","title":{"rendered":"Bildet f\u00e5r Google til \u00e5 eksplodere"},"content":{"rendered":"<p>    Nicol\u00e1s Maduro ble avbildet i gr\u00e5 Nike-dress. N\u00e5 selges den som hakka m\u00f8kk.<\/p>\n<p>\n    UANTE KONSEKVENSER: Bildet, delt av president Donald Trump p\u00e5 Truth Social, skal vise Venezuelas president Nicol\u00e1s Maduro om bord p\u00e5 \u00abUSS Iwo Jima\u00bb l\u00f8rdag 3. januar 2026. Foto: Truth Social via AP\n  <\/p>\n<p>    Kort fortalt<\/p>\n<ul lang=\"nb-NO\">\n<li>Interessen for Nike Tech Fleece har \u00f8kt enormt etter at et bilde av Maduro i plagget ble delt.<\/li>\n<li>Google-s\u00f8k etter \u00abNike Tech Fleece\u00bb n\u00e5dde en toppscore kort tid etter at Donald Trump delte bildet.<\/li>\n<li>Daglige nevnelser av \u00abNike Tech\u00bb p\u00e5 sosiale medier har \u00f8kt dramatisk etter hendelsen.<\/li>\n<li>Flere st\u00f8rrelser av plagget er utsolgt.<\/li>\n<\/ul>\n<p class=\"italic ai-disclaimer\" data-lab-italic=\"italic\">Sammendraget er laget av ChatGPT og godkjent av Dagbladet.<\/p>\n<p>      Vis mer<br \/>\n      Vis mindre<\/p>\n<p>Et bilde av Nicol\u00e1s Maduro i gr\u00e5 Nike Tech Fleece har sendt interessen for plagget rett til v\u00e6rs, skriver <a href=\"https:\/\/www.washingtonpost.com\/style\/fashion\/2026\/01\/05\/nicolas-maduro-nike-tech-sweatsuit\/?utm_source=chatgpt.com\" rel=\"nofollow noopener\" target=\"_blank\">The Washington Post<\/a>.<\/p>\n<p>Nike Tech Fleece er en velkjent serie fra Nike, lansert i 2013, med lett og varm fleece i et stramt, moderne snitt.<\/p>\n<p class=\"font-weight-bold m-font-weight-bold\" data-lab-font_weight=\"font-weight-bold\">N\u00e5 forbindes det ogs\u00e5 med Venezuelas president, som ble p\u00e5grepet av USA l\u00f8rdag.<\/p>\n<p>        <img loading=\"lazy\" decoding=\"async\" src=\"https:\/\/www.europesays.com\/no\/wp-content\/uploads\/2026\/01\/84071241.webp.webp\" width=\"667\" height=\"1094\" title=\"TATT: Nicol\u00e1s Maduro i Nike-antrekket etter at han ble tatt fil fange. Foto: Skjermdump\" alt=\"\" class=\"\" style=\"--aspect-ratio-image: 0.61; \"\/><\/p>\n<p>\n        TATT: Nicol\u00e1s Maduro i Nike-antrekket etter at han ble tatt fil fange. Foto: Skjermdump\n    <\/p>\n<p>Skj\u00f8t i taket\t<\/p>\n<p> Etter p\u00e5gripelsen delte Donald Trump et bilde av Maduro sittende om bord p\u00e5 \u00abUSS Iwo Jima\u00bb med h\u00e5ndjern, if\u00f8rt en gr\u00e5 Nike-dress og m\u00f8rke beskyttelsesbriller som dekket \u00f8ynene. <\/p>\n<p>Kort tid etter skj\u00f8t Google-s\u00f8kene p\u00e5 \u00abNike Tech Fleece\u00bb i v\u00e6ret, og n\u00e5dde toppscore i analyseverkt\u00f8yet Google Trends.<\/p>\n<p>        <img loading=\"lazy\" decoding=\"async\" src=\"https:\/\/www.europesays.com\/no\/wp-content\/uploads\/2026\/01\/84072042.webp.webp\" width=\"667\" height=\"381\" title=\"RETT OPP: Google Trends oversikt over s\u00f8k p\u00e5 Nikes tech-fleece etter p\u00e5gripelsen. Foto: Skjermdump\" alt=\"\" class=\"\" style=\"--aspect-ratio-image: 1.75; \"\/><\/p>\n<p>\n        RETT OPP: Google Trends oversikt over s\u00f8k p\u00e5 Nikes tech-fleece etter p\u00e5gripelsen. Foto: Skjermdump\n    <\/p>\n<p>5000 innlegg om dagen\t<\/p>\n<p>Samtidig eksploderte omtalen i sosiale medier:\u00a0<\/p>\n<p>If\u00f8lge analyseverkt\u00f8yet PeakMetrics \u00f8kte antallet daglige nevnelser av \u00abNike Tech\u00bb p\u00e5 X fra rundt 325 til over 5 000 innlegg per dag i dagene etter at bildet ble delt, melder <a href=\"https:\/\/www.businessinsider.com\/nicolas-maduro-nike-tech-fleece-sweatsuit-outfit-capture-2026-1?\" rel=\"nofollow noopener\" target=\"_blank\">Business Insider<\/a>.<\/p>\n<p>        <img loading=\"lazy\" decoding=\"async\" src=\"https:\/\/www.europesays.com\/no\/wp-content\/uploads\/2026\/01\/84070000.webp.webp\" width=\"686\" height=\"460\" title=\"P\u00c5 SCENEN: Donald Trump taler til republikanske representanter under partiets \u00e5rlige politiske konferanse i Washington 6. januar 2026. Foto: Kevin Lamarque \/ Reuters\" alt=\"\" class=\"\" style=\"--aspect-ratio-image: 1.49; \"\/><\/p>\n<p>\n        P\u00c5 SCENEN: Donald Trump taler til republikanske representanter under partiets \u00e5rlige politiske konferanse i Washington 6. januar 2026. Foto: Kevin Lamarque \/ Reuters\n    <\/p>\n<p class=\"font-weight-bold m-font-weight-bold\" data-lab-font_weight=\"font-weight-bold\">Mange X-brukere har zoomet inn p\u00e5 plaggets detaljer \u2013 fra fargen og passformen til logoen \u2013 og noen har gitt fargen p\u00e5 antrekket navnet \u00abMaduro grey\u00bb.<\/p>\n<p>        <img loading=\"lazy\" decoding=\"async\" src=\"https:\/\/www.europesays.com\/no\/wp-content\/uploads\/2026\/01\/84072436.webp.webp\" width=\"686\" height=\"419\" title=\"\u00abMADURO GREY\u00bb: Antrekket er ett av de mest solgte p\u00e5 Nikes egne nettsider. Foto: Nike.com\" alt=\"\" class=\"\" style=\"--aspect-ratio-image: 1.64; \"\/><\/p>\n<p>\n        \u00abMADURO GREY\u00bb: Antrekket er ett av de mest solgte p\u00e5 Nikes egne nettsider. Foto: Nike.com\n    <\/p>\n<p>Den plutselige interessen har ogs\u00e5 f\u00e5tt kommersielle konsekvenser:\u00a0<\/p>\n<p> Statistikk fra Google Trends viser en voldsom \u00f8kning i s\u00f8keordene \u00abNike Tech Fleece\u00bb og \u00abMaduro Tech Fleece\u00bb i timene etter at Trump publiserte bildet. <\/p>\n<p>Flere st\u00f8rrelser av den gr\u00e5 Tech Fleece-jakken og tilh\u00f8rende bukse er utsolgt p\u00e5 Nikes eget nettsted, og hos andre akt\u00f8rer.<\/p>\n<p>    <a itemprop=\"url\" href=\"https:\/\/www.dagbladet.no\/nyheter\/ma-vaere-forberedt-pa-det-verste\/84067903\" rel=\"nofollow noopener\" target=\"_blank\"><\/p>\n<p>        <img loading=\"lazy\" decoding=\"async\" src=\"https:\/\/www.europesays.com\/no\/wp-content\/uploads\/2026\/01\/1767905296_748_84068150.webp.webp\" width=\"147\" height=\"98\" title=\"- M\u00e5 v\u00e6re forberedt p\u00e5 det verste\" alt=\"\" class=\"lazyload\" style=\"--aspect-ratio-image: 1.50; \"\/><\/p>\n<p>        &#8211; M\u00e5 v\u00e6re forberedt p\u00e5 det verste<\/p>\n<p>    <\/a><\/p>\n<p>Dramatisk og omstridt\t<\/p>\n<p>Nicol\u00e1s Maduro ble p\u00e5grepet i det USA omtaler som en m\u00e5lrettet operasjon.<\/p>\n<p> Amerikanske myndigheter mener Maduro i en \u00e5rrekke har v\u00e6rt del av en kriminell sammenslutning som har brukt statens maktapparat til \u00e5 smugle store mengder kokain til USA.\u00a0<\/p>\n<p>    <a itemprop=\"url\" href=\"https:\/\/www.dagbladet.no\/nyheter\/smalt-inn-i-veggen\/84066101\" rel=\"nofollow noopener\" target=\"_blank\"><\/p>\n<p>        <img loading=\"lazy\" decoding=\"async\" src=\"https:\/\/www.europesays.com\/no\/wp-content\/uploads\/2026\/01\/84066610.webp.webp\" width=\"980\" height=\"441\" title=\"- Smalt inn i veggen\" alt=\"\" class=\"lazyload\" style=\"--aspect-ratio-image: 2.22; \"\/><\/p>\n<p>        &#8211; Smalt inn i veggen<\/p>\n<p>    <\/a><\/p>\n<p>Han er blant annet siktet for narkotikakonspirasjon og s\u00e5kalt narkoterrorisme, en betegnelse USA bruker n\u00e5r narkotikavirksomhet knyttes til vold, v\u00e5pen og politiske m\u00e5l. <\/p>\n<p class=\"font-weight-bold m-font-weight-bold\" data-lab-font_weight=\"font-weight-bold\">Venezuelas myndigheter og flere allierte land beskriver p\u00e5gripelsen som en kidnapping og et grovt brudd p\u00e5 folkeretten.<\/p>\n<p>Dagbladet har tidligere skrevet at Maduro skal ha blitt fraktet ut av landet under tung milit\u00e6r bevoktning og deretter sendt til USA, der han seinere ble fremstilt for retten.\u00a0<\/p>\n<p>        NEW YORK: Det er amper stemning utenfor rettslokalene i Manhatten, hvor Venezuelas president, Nicol\u00e1s Maduro, framstilles for varetekt. Video\/ Reporter: Vegard Kvaale<\/p>\n<p>P\u00e5gripelsen har utl\u00f8st kraftige reaksjoner internasjonalt, med ford\u00f8mmelser fra flere latinamerikanske land, Russland og Cuba, som mener USA har gjennomf\u00f8rt en ulovlig maktoverf\u00f8ring.\u00a0<\/p>\n<p>Samtidig har amerikanske myndigheter forsvart operasjonen og vist til alvorlige anklager mot Maduro, blant annet knyttet til narkotikakriminalitet.\u00a0<\/p>\n<p>Maduro selv avviser anklagene, og nekter straffskyld.\u00a0<\/p>\n","protected":false},"excerpt":{"rendered":"Nicol\u00e1s Maduro ble avbildet i gr\u00e5 Nike-dress. N\u00e5 selges den som hakka m\u00f8kk. UANTE KONSEKVENSER: Bildet, delt av&hellip;\n","protected":false},"author":2,"featured_media":132467,"comment_status":"","ping_status":"","sticky":false,"template":"","format":"standard","meta":{"footnotes":""},"categories":[12],"tags":[20,21,24,25,15,22,23,13,30,28,29,14,16,26,27,412,42,43,44,45],"class_list":{"0":"post-132466","1":"post","2":"type-post","3":"status-publish","4":"format-standard","5":"has-post-thumbnail","7":"category-verden","8":"tag-breaking-news","9":"tag-breakingnews","10":"tag-featured-news","11":"tag-featurednews","12":"tag-headlines","13":"tag-latest-news","14":"tag-latestnews","15":"tag-news","16":"tag-no","17":"tag-norge","18":"tag-norway","19":"tag-nyheter","20":"tag-overskrifter","21":"tag-top-stories","22":"tag-topstories","23":"tag-utenriks","24":"tag-verden","25":"tag-world","26":"tag-world-news","27":"tag-worldnews"},"share_on_mastodon":{"url":"https:\/\/pubeurope.com\/@no\/115861448874578536","error":""},"_links":{"self":[{"href":"https:\/\/www.europesays.com\/no\/wp-json\/wp\/v2\/posts\/132466","targetHints":{"allow":["GET"]}}],"collection":[{"href":"https:\/\/www.europesays.com\/no\/wp-json\/wp\/v2\/posts"}],"about":[{"href":"https:\/\/www.europesays.com\/no\/wp-json\/wp\/v2\/types\/post"}],"author":[{"embeddable":true,"href":"https:\/\/www.europesays.com\/no\/wp-json\/wp\/v2\/users\/2"}],"replies":[{"embeddable":true,"href":"https:\/\/www.europesays.com\/no\/wp-json\/wp\/v2\/comments?post=132466"}],"version-history":[{"count":0,"href":"https:\/\/www.europesays.com\/no\/wp-json\/wp\/v2\/posts\/132466\/revisions"}],"wp:featuredmedia":[{"embeddable":true,"href":"https:\/\/www.europesays.com\/no\/wp-json\/wp\/v2\/media\/132467"}],"wp:attachment":[{"href":"https:\/\/www.europesays.com\/no\/wp-json\/wp\/v2\/media?parent=132466"}],"wp:term":[{"taxonomy":"category","embeddable":true,"href":"https:\/\/www.europesays.com\/no\/wp-json\/wp\/v2\/categories?post=132466"},{"taxonomy":"post_tag","embeddable":true,"href":"https:\/\/www.europesays.com\/no\/wp-json\/wp\/v2\/tags?post=132466"}],"curies":[{"name":"wp","href":"https:\/\/api.w.org\/{rel}","templated":true}]}}