{"id":132470,"date":"2026-01-08T20:50:11","date_gmt":"2026-01-08T20:50:11","guid":{"rendered":"https:\/\/www.europesays.com\/no\/132470\/"},"modified":"2026-01-08T20:50:11","modified_gmt":"2026-01-08T20:50:11","slug":"manchester-united-fans-planlegger-protest","status":"publish","type":"post","link":"https:\/\/www.europesays.com\/no\/132470\/","title":{"rendered":"Manchester United-fans planlegger protest"},"content":{"rendered":"<p>En av Manchester Uniteds supportergrupper, 1958-gruppen, varsler protester etter de siste dagers st\u00f8y rundt klubben.<\/p>\n<p class=\"bold m-bold\" data-lab-font_weight=\"bold\">Protesten vil foreg\u00e5 f\u00f8r kampen mot Fulham 1. februar.\u00a0<\/p>\n<p>BBC beskriver gruppen som innflytelsesrik. Supportergruppen var ogs\u00e5 ansvarlig for protestene som tiltrakk seg tusenvis av mennesker i mars i fjor.\u00a0<\/p>\n<p>        <img class=\"image__img lazyload\" itemprop=\"image\" title=\"Foto: Martin Rickett \/ Pa Photos \/ NTB\" alt=\"MOTGANG: Det er mye \u00e5 tenke p\u00e5 for Bruno Fernandes og Manchester United. Foto: Martin Rickett \/ Pa Photos \/ NTB\" width=\"675\" height=\"432\" bad-src=\"https:\/\/www.europesays.com\/no\/wp-content\/uploads\/2026\/01\/18446204.webp.jpeg\" fetchpriority=\"auto\" \/><\/p>\n<p>      MOTGANG: Det er mye \u00e5 tenke p\u00e5 for Bruno Fernandes og Manchester United.<br \/>\n         Foto: Martin Rickett \/ Pa Photos \/ NTB<\/p>\n<p>Ogs\u00e5 den gang gikk protestene p\u00e5 hvordan Manchester United blir styrt og kritikk mot klubbeier Sir Jim Ratcliffe.<\/p>\n<p class=\"bold m-bold\" data-lab-font_weight=\"bold\">\u00abEtter \u00e5 ha vaklet fra den ene katastrofen til den andre, fremst\u00e5r Ratcliffe som en klovn som forvandler klubben til et sirkus\u00bb, skriver supporterklubben i en uttalelse if\u00f8lge <a href=\"https:\/\/www.bbc.com\/sport\/football\/articles\/c99kn4nge5lo\" rel=\"nofollow noopener\" target=\"_blank\">BBC.\u00a0<\/a><\/p>\n<p>\u00abIstedenfor \u00e5 v\u00e6re best i klassen, latterliggj\u00f8res vi\u00bb, st\u00e5r det videre.\u00a0<\/p>\n<p>1958-klubben beskriver de siste dagene etter sparkingen av R\u00faben Amorim som dypt urovekkende.<\/p>\n<p>\u00abP\u00e5 banen ser vi middelm\u00e5dige prestasjoner fra et gjennomsnittlig lag som driver frem uten identitet, retning eller ambisjoner. Utenfor er kaoset enda verre\u00bb, er den n\u00e5del\u00f8se beskrivelsen fra supporterklubben.<\/p>\n<p>De p\u00e5peker at uttalelsene og den kommende protesten ikke er en form for st\u00f8tte til Amorim, men:<\/p>\n<p>\u00abOppsigelsen av ham viser nok en gang den fortsettende dysfunksjonaliteten i klubben v\u00e5r\u00bb.<\/p>\n<p>    <a class=\"article__link\" data-ga-active-label=\"\" data-ga-active-label-animation=\"\" href=\"https:\/\/www.tv2.no\/sport\/the-times-eksploderte-pa-mote\/18434402\/\" rel=\"nofollow noopener\" target=\"_blank\"><\/p>\n<p>    <img class=\"image__img lazyload\" itemprop=\"image\" title=\"\" alt=\"\" width=\"587\" height=\"353\" bad-src=\"https:\/\/www.europesays.com\/no\/wp-content\/uploads\/2026\/01\/18434421.webp.jpeg\" fetchpriority=\"auto\" \/><\/p>\n<p>\n            The Times: Amorim eksploderte p\u00e5 m\u00f8te\n        <\/p>\n<p>    <\/a><\/p>\n","protected":false},"excerpt":{"rendered":"En av Manchester Uniteds supportergrupper, 1958-gruppen, varsler protester etter de siste dagers st\u00f8y rundt klubben. Protesten vil foreg\u00e5&hellip;\n","protected":false},"author":2,"featured_media":132471,"comment_status":"","ping_status":"","sticky":false,"template":"","format":"standard","meta":{"footnotes":""},"categories":[5],"tags":[20,21,24,25,15,19,22,23,17,18,13,30,28,29,14,16,26,27],"class_list":{"0":"post-132470","1":"post","2":"type-post","3":"status-publish","4":"format-standard","5":"has-post-thumbnail","7":"category-overskrifter","8":"tag-breaking-news","9":"tag-breakingnews","10":"tag-featured-news","11":"tag-featurednews","12":"tag-headlines","13":"tag-hovedoppslag","14":"tag-latest-news","15":"tag-latestnews","16":"tag-main-news","17":"tag-mainnews","18":"tag-news","19":"tag-no","20":"tag-norge","21":"tag-norway","22":"tag-nyheter","23":"tag-overskrifter","24":"tag-top-stories","25":"tag-topstories"},"share_on_mastodon":{"url":"https:\/\/pubeurope.com\/@no\/115861456535209414","error":""},"_links":{"self":[{"href":"https:\/\/www.europesays.com\/no\/wp-json\/wp\/v2\/posts\/132470","targetHints":{"allow":["GET"]}}],"collection":[{"href":"https:\/\/www.europesays.com\/no\/wp-json\/wp\/v2\/posts"}],"about":[{"href":"https:\/\/www.europesays.com\/no\/wp-json\/wp\/v2\/types\/post"}],"author":[{"embeddable":true,"href":"https:\/\/www.europesays.com\/no\/wp-json\/wp\/v2\/users\/2"}],"replies":[{"embeddable":true,"href":"https:\/\/www.europesays.com\/no\/wp-json\/wp\/v2\/comments?post=132470"}],"version-history":[{"count":0,"href":"https:\/\/www.europesays.com\/no\/wp-json\/wp\/v2\/posts\/132470\/revisions"}],"wp:featuredmedia":[{"embeddable":true,"href":"https:\/\/www.europesays.com\/no\/wp-json\/wp\/v2\/media\/132471"}],"wp:attachment":[{"href":"https:\/\/www.europesays.com\/no\/wp-json\/wp\/v2\/media?parent=132470"}],"wp:term":[{"taxonomy":"category","embeddable":true,"href":"https:\/\/www.europesays.com\/no\/wp-json\/wp\/v2\/categories?post=132470"},{"taxonomy":"post_tag","embeddable":true,"href":"https:\/\/www.europesays.com\/no\/wp-json\/wp\/v2\/tags?post=132470"}],"curies":[{"name":"wp","href":"https:\/\/api.w.org\/{rel}","templated":true}]}}