{"id":132472,"date":"2026-01-08T20:51:10","date_gmt":"2026-01-08T20:51:10","guid":{"rendered":"https:\/\/www.europesays.com\/no\/132472\/"},"modified":"2026-01-08T20:51:10","modified_gmt":"2026-01-08T20:51:10","slug":"alt-var-et-problem","status":"publish","type":"post","link":"https:\/\/www.europesays.com\/no\/132472\/","title":{"rendered":"&#8211; Alt var et problem"},"content":{"rendered":"<p class=\"kicker \" style=\"\">Formel 1<\/p>\n<p>    Sergio P\u00e9rez (35) snakker ut om tida i Red Bull-maskineriet, og g\u00e5r samtidig hardt ut mot sin tidligere arbeidsgiver. &#8211; Den verste jobben.<\/p>\n<p>\n    TIDLIGERE KOLLEGAER: F.v. Max Verstappen, Christian Horner og Sergio Perez. Her fra da Red Bull vant konstrukt\u00f8rmesterskapet i 2022. (Foto: James Moy \/ PA Photos \/ NTB\n  <\/p>\n<p>Sergio P\u00e9rez (35) kj\u00f8rte fire sesonger i suksessperioden til Red Bull. Meksikaneren vant alle sine seks l\u00f8p i Formel 1-sirkuset for laget, og spilte en viktig rolle i suksessen.<\/p>\n<p>Det var likevel ikke alt som var rosenr\u00f8dt i Red Bull-systemet skal vi tro P\u00e9rez, som ble droppet av Red Bull etter 2024-sesongen.<\/p>\n<p class=\"font-weight-bold m-font-weight-bold\" data-lab-font_weight=\"font-weight-bold\">&#8211; Jeg var p\u00e5 det beste laget, men det var komplisert fordi det \u00e5 v\u00e6re Max (Verstappen) sin lagkamerat er den verste jobben i Formel 1, sier han if\u00f8lge <a href=\"https:\/\/www.independent.co.uk\/f1\/sergio-perez-f1-max-verstappen-redbull-cadillac-2026-b2895314.html\" target=\"_blank\" rel=\"nofollow noopener\">The Independent<\/a>.<\/p>\n<p>    <a itemprop=\"url\" href=\"https:\/\/www.dagbladet.no\/sport\/deler-rorende-bilde\/84057876\" rel=\"nofollow noopener\" target=\"_blank\"><\/p>\n<p>        <img loading=\"lazy\" decoding=\"async\" src=\"https:\/\/www.europesays.com\/no\/wp-content\/uploads\/2026\/01\/1767905469_483_83731705.webp.webp\" width=\"980\" height=\"441\" title=\"Deler r\u00f8rende bilde\" alt=\"\" class=\"lazyload\" style=\"--aspect-ratio-image: 2.22; \"\/><\/p>\n<p>        Deler r\u00f8rende bilde<\/p>\n<p>    <\/a><\/p>\n<p>Anspent stemning\t<\/p>\n<p data-lab-font_weight=\"\">P\u00e9rez hadde sin beste sesong i 2023, da han endte p\u00e5 andreplass i verdensmesterskapet &#8211; kun sl\u00e5tt av lagkamerat Verstappen. De to vant hele 21 av de 22 l\u00f8pene som ble kj\u00f8rt &#8211; Verstappen seiret i 19 av dem.<\/p>\n<p>Men \u00e5 v\u00e6re lagkameraten til Verstappen i Red Bull var tydeligvis ikke det enkleste.<\/p>\n<p class=\"font-weight-bold m-font-weight-bold\" data-lab-font_weight=\"font-weight-bold\">&#8211; I Red Bull var alt et problem. Om jeg kj\u00f8rte raskere enn Max, s\u00e5 var det et problem og det ble en veldig anspent stemning. Om jeg kj\u00f8rte sakte, og Max kj\u00f8rte sakte, s\u00e5 var det ogs\u00e5 et problem, fortsetter han.<\/p>\n<p>        <img loading=\"lazy\" decoding=\"async\" src=\"https:\/\/www.europesays.com\/no\/wp-content\/uploads\/2026\/01\/84070908.webp.webp\" width=\"667\" height=\"434\" title=\"KRITISERT: B\u00e5de Max Verstappen (t.h.) og Christian Horner har v\u00e6rt gjenstand for kritiske r\u00f8ster. Foto: (Hassan Ammar \/ AP Photo \/ NTB\" alt=\"\" class=\"\" style=\"--aspect-ratio-image: 1.54; \"\/><\/p>\n<p>\n        KRITISERT: B\u00e5de Max Verstappen (t.h.) og Christian Horner har v\u00e6rt gjenstand for kritiske r\u00f8ster. Foto: (Hassan Ammar \/ AP Photo \/ NTB\n    <\/p>\n<p>&#8211; Alt ble \u00f8delagt\t<\/p>\n<p>Red Bull dominerte i flere \u00e5r, men i 2024 ble de sl\u00e5tt av McLaren i konstrukt\u00f8rmesterskapet. \u00c5ret endte ogs\u00e5 med P\u00e9rez\u00b4 exit. Han mener han, Verstappen og Red Bull kunne dominert i Formel 1-sirkuset i mange \u00e5r, dersom ting hadde blitt gjort riktig.<\/p>\n<p>&#8211; Vi hadde det beste laget. Dessverre ble alt \u00f8delagt. Vi hadde laget til \u00e5 dominere sporten de neste ti \u00e5ra, tror jeg, og dessverre endte det.<\/p>\n<p>I bakgrunnen var det ogs\u00e5 kontroverser og st\u00f8y. Teamsjef <a href=\"https:\/\/www.dagbladet.no\/sport\/ferdig\/83326013\" target=\"_blank\" rel=\"nofollow noopener\">Christian Horner fikk ogs\u00e5 sparken<\/a> i fjor sommer. F\u00f8r jul ble han heftig kritisert av den tidligere Red Bull-r\u00e5dgiveren Helmut Marko, som blant annet mente at Horner drev et \u00abskittent spill\u00bb i laget.<\/p>\n<p>    <a itemprop=\"url\" href=\"https:\/\/www.dagbladet.no\/sport\/angrepet-et-sjokk\/83989852\" rel=\"nofollow noopener\" target=\"_blank\"><\/p>\n<p>        <img loading=\"lazy\" decoding=\"async\" src=\"https:\/\/www.europesays.com\/no\/wp-content\/uploads\/2026\/01\/83989905.webp.webp\" width=\"980\" height=\"441\" title=\"Angrepet: - Et sjokk\" alt=\"\" class=\"lazyload\" style=\"--aspect-ratio-image: 2.22; \"\/><\/p>\n<p>        Angrepet: &#8211; Et sjokk<\/p>\n<p>    <\/a><\/p>\n<p>P\u00e9rez ble droppet av Red Bull etter 2024-sesongen og ble erstattet av Liam Lawson. Etter et \u00e5r p\u00e5 sidelinja er han n\u00e5 tilbake og skal kj\u00f8re for Cadillac i 2026.<\/p>\n<p>Formel 1-sesongen starter 8. mars i Australia.<\/p>\n","protected":false},"excerpt":{"rendered":"Formel 1 Sergio P\u00e9rez (35) snakker ut om tida i Red Bull-maskineriet, og g\u00e5r samtidig hardt ut mot&hellip;\n","protected":false},"author":2,"featured_media":132473,"comment_status":"","ping_status":"","sticky":false,"template":"","format":"standard","meta":{"footnotes":""},"categories":[59],"tags":[2026,4626,30,28,29,3264,83,82],"class_list":{"0":"post-132472","1":"post","2":"type-post","3":"status-publish","4":"format-standard","5":"has-post-thumbnail","7":"category-sport","8":"tag-formel-1","9":"tag-max-verstappen","10":"tag-no","11":"tag-norge","12":"tag-norway","13":"tag-sergio-perez","14":"tag-sport","15":"tag-sports"},"share_on_mastodon":{"url":"https:\/\/pubeurope.com\/@no\/115861460417049736","error":""},"_links":{"self":[{"href":"https:\/\/www.europesays.com\/no\/wp-json\/wp\/v2\/posts\/132472","targetHints":{"allow":["GET"]}}],"collection":[{"href":"https:\/\/www.europesays.com\/no\/wp-json\/wp\/v2\/posts"}],"about":[{"href":"https:\/\/www.europesays.com\/no\/wp-json\/wp\/v2\/types\/post"}],"author":[{"embeddable":true,"href":"https:\/\/www.europesays.com\/no\/wp-json\/wp\/v2\/users\/2"}],"replies":[{"embeddable":true,"href":"https:\/\/www.europesays.com\/no\/wp-json\/wp\/v2\/comments?post=132472"}],"version-history":[{"count":0,"href":"https:\/\/www.europesays.com\/no\/wp-json\/wp\/v2\/posts\/132472\/revisions"}],"wp:featuredmedia":[{"embeddable":true,"href":"https:\/\/www.europesays.com\/no\/wp-json\/wp\/v2\/media\/132473"}],"wp:attachment":[{"href":"https:\/\/www.europesays.com\/no\/wp-json\/wp\/v2\/media?parent=132472"}],"wp:term":[{"taxonomy":"category","embeddable":true,"href":"https:\/\/www.europesays.com\/no\/wp-json\/wp\/v2\/categories?post=132472"},{"taxonomy":"post_tag","embeddable":true,"href":"https:\/\/www.europesays.com\/no\/wp-json\/wp\/v2\/tags?post=132472"}],"curies":[{"name":"wp","href":"https:\/\/api.w.org\/{rel}","templated":true}]}}