{"id":132474,"date":"2026-01-08T20:52:10","date_gmt":"2026-01-08T20:52:10","guid":{"rendered":"https:\/\/www.europesays.com\/no\/132474\/"},"modified":"2026-01-08T20:52:10","modified_gmt":"2026-01-08T20:52:10","slug":"netflix-krasjet-da-fans-lette-etter-hemmelig-stranger-things-episode","status":"publish","type":"post","link":"https:\/\/www.europesays.com\/no\/132474\/","title":{"rendered":"Netflix krasjet da fans lette etter hemmelig \u00abStranger Things\u00bb-episode"},"content":{"rendered":"\n<p class=\"_lead_o9xde_2 _lead_xtcu6_50 layout-component text-serif-m layout-normal text-serif-l layout-component layout-wide layout-padded _wide_17hqh_1 layout-padded\">Fans over hele verden trodde finalen var falsk.<\/p>\n<p><img alt=\"Fansen vil ha mer av denne gjengen, men f\u00e5r de det? Foto: FREDERIC J. BROWN \/ AFP \/ NTB\" class=\"_image_qp4xg_65 layout-component layout-wide\" data-fullscreen- data-track-element-type=\"Article image fullscreen\" data-track-name=\"ImageFullscreen\" fetchpriority=\"high\" decoding=\"sync\" loading=\"eager\" height=\"2577\" itemprop=\"image\"  src=\"https:\/\/www.europesays.com\/no\/wp-content\/uploads\/2026\/01\/d22817c3-7992-41bb-9a03-4e30a5c0c714.png\"  style=\"object-position:0% 0%\" width=\"4242\"\/>Fansen vil ha mer av denne gjengen, men f\u00e5r de det? Foto: FREDERIC J. BROWN \/ AFP \/ NTB<\/p>\n<ul aria-hidden=\"true\" class=\"_images_ntbth_112\">\n<li><a class=\"_link_ntbth_117\" href=\"https:\/\/www.vg.no\/forfatter\/hanne-kretuz-hansen\" style=\"z-index:1\" title=\"Hanne Kreutz-Hansen\" rel=\"nofollow noopener\" target=\"_blank\"><img alt=\"Bilde av Hanne Kreutz-Hansen\" class=\"_image_ntbth_93\" fetchpriority=\"low\" loading=\"lazy\" decoding=\"async\" itemprop=\"image\"  src=\"https:\/\/www.europesays.com\/no\/wp-content\/uploads\/2026\/01\/1767905529_193_91499188-43f5-43fa-b038-5716eac94ffb.jpeg\"  width=\"480\"\/><\/a><\/li>\n<\/ul>\n<p> Oppdatert torsdag 8. januar kl. 21:30    <\/p>\n<ul class=\"_list_o9xde_3 _list_64s2r_85 _unordered_o9xde_106 text-sans-m\">\n<li class=\"_item_o9xde_30\">Stranger Things-fans tror finalen som ble sendt 1. januar ikke var ekte.<\/li>\n<li class=\"_item_o9xde_30\">\u00abConformity Gate\u00bb-teorien hevder episoden var en illusjon skapt av Vecna.<\/li>\n<li class=\"_item_o9xde_30\">En underskriftskampanje for \u00e5 f\u00e5 \u00abekte\u00bb finalen har f\u00e5tt nesten 400.000 signaturer.<\/li>\n<li class=\"_item_o9xde_30\">Netflix avkreftet ryktene og bekreftet at serien er avsluttet.<\/li>\n<li class=\"_item_o9xde_30\">En spin-off uten originalskuespillerne kommer snart.<\/li>\n<\/ul>\n<p>Vis mer <\/p>\n<p class=\"_paragraph_o9xde_4 _paragraph_xtcu6_10 layout-component text-serif-m layout-normal text-serif-m layout-padded\"><a href=\"https:\/\/www.vg.no\/tag\/netflix?utm_source=vg-article&amp;utm_medium=auto-tagger&amp;utm_campaign=OkpRvO\" class=\"_link_o9xde_39\" rel=\"nofollow noopener\" target=\"_blank\">Netflix<\/a> gikk <a href=\"https:\/\/www.vg.no\/rampelys\/i\/K832eo\/netflix-problemer-da-stranger-things-ble-avsluttet\" data-track-element-type=\"Link\" data-track-id=\"link:K832eo\" class=\"_link_o9xde_39\" rel=\"nofollow noopener\" target=\"_blank\">ned for telling<\/a> for tusenvis av amerikanske brukere, da str\u00f8mmetjenesten slapp siste episode av suksesserien \u00abStranger Things\u00bb nytt\u00e5rsnatten.<\/p>\n<p class=\"_paragraph_o9xde_4 _paragraph_xtcu6_10 layout-component text-serif-m layout-normal text-serif-m layout-padded\">N\u00e5 har en konspirasjonsteori spredt seg i sosiale medier og \u00abStranger Things\u00bb-fans tror at Netflix-seriens finale som ble sendt 1. januar ikke var ekte, skriver <a href=\"https:\/\/www.theguardian.com\/tv-and-radio\/2026\/jan\/08\/what-is-stranger-things-conformity-gate-netflix\" class=\"_link_o9xde_39\" rel=\"nofollow noopener\" target=\"_blank\">The Guardian<\/a>.<\/p>\n<p class=\"_paragraph_o9xde_4 _paragraph_xtcu6_10 layout-component text-serif-m layout-normal text-serif-m layout-padded\">De trodde at serien ikke var ferdig etter \u00e5tte episoder, men at det skulle komme en overraskende episode 7. januar som skulle snu alt p\u00e5 hodet igjen. <\/p>\n<p class=\"_paragraph_o9xde_4 _paragraph_xtcu6_10 layout-component text-serif-m layout-normal text-serif-m layout-padded\"><strong class=\"_strong_o9xde_25\">Teorien fikk kallenavnet \u00abConformity Gate\u00bb p\u00e5 nettet.<\/strong><\/p>\n<p><img alt=\"Sesong fem av \u00abStranger Things\u00bb hadde premiere i h\u00f8st.  Foto: Netflix \u00a9 2025 \/ Netflix\" class=\"_image_qp4xg_65 layout-component layout-normal\" data-fullscreen- data-track-element-type=\"Article image fullscreen\" data-track-name=\"ImageFullscreen\" decoding=\"async\" loading=\"lazy\" height=\"1668\" itemprop=\"image\"  src=\"https:\/\/www.europesays.com\/no\/wp-content\/uploads\/2026\/01\/370527c4-e612-49d5-b646-a961c986d6fd.jpeg\"  style=\"object-position:0% 0%\" width=\"2500\"\/>Sesong fem av \u00abStranger Things\u00bb hadde premiere i h\u00f8st.  Foto: Netflix \u00a9 2025 \/ Netflix<\/p>\n<p class=\"_paragraph_o9xde_4 _paragraph_xtcu6_10 layout-component text-serif-m layout-normal text-serif-m layout-padded\">Teorien, kalt \u00abConformity Gate\u00bb, hevder at den 40 minutter lange epilogen var en illusjon skapt av seriens skurk Vecna.<\/p>\n<p class=\"_paragraph_o9xde_4 _paragraph_xtcu6_10 layout-component text-serif-m layout-normal text-serif-m layout-padded\">Fans over hele verden har analysert hver minste detalj i finalen som ble sluppet 1. januar. De peker p\u00e5 alt fra feil plasserte d\u00f8rh\u00e5ndtak til manglende arr p\u00e5 karakterene som \u00abbevis\u00bb p\u00e5 at episoden var falsk.<\/p>\n<p class=\"_paragraph_o9xde_4 _paragraph_xtcu6_10 layout-component text-serif-m layout-normal text-serif-m layout-padded\">Et skjermbilde som sirkulerte p\u00e5 sosiale medier viste bokstavene \u00abX-A-LIE\u00bb p\u00e5 karakterenes \u00abDungeons &amp; Dragons\u00bb-permer. Dette ble tolket som bevis p\u00e5 at alt i \u00abDimension X\u00bb var l\u00f8gn. Men bildet viste seg \u00e5 v\u00e6re manipulert \u2013 i den ekte episoden st\u00e5r det \u00abXAILE\u00bb.<\/p>\n<p class=\"_paragraph_o9xde_4 _paragraph_xtcu6_10 layout-component text-serif-m layout-normal text-serif-m layout-padded\">En melding fra Netflix skal ha satt mer fyr p\u00e5 spekulasjonsb\u00e5let, skriver Guardian.<\/p>\n<p class=\"_paragraph_o9xde_4 _paragraph_xtcu6_10 layout-component text-serif-m layout-normal text-serif-m layout-padded\">\u00abYour Future is on its way. #WhatNext Jan 7, 2026\u00bb. <\/p>\n<p class=\"_paragraph_o9xde_4 _paragraph_xtcu6_10 layout-component text-serif-m layout-normal text-serif-m layout-padded\">Dette fikk fans til \u00e5 tro at en hemmelig episode ville slippes 7. januar klokka 20.00 amerikansk tid, skriver Guardian videre. Dermed krasjet Netflix-tjenesten krasjet.<\/p>\n<p><img alt=\"Var egentlig siste episode, siste episode?  Foto: BRYAN BEDDER \/ AFP \/ NTB\" class=\"_image_qp4xg_65 layout-component layout-normal\" data-fullscreen- data-track-element-type=\"Article image fullscreen\" data-track-name=\"ImageFullscreen\" decoding=\"async\" loading=\"lazy\" height=\"4000\" itemprop=\"image\"  src=\"https:\/\/www.europesays.com\/no\/wp-content\/uploads\/2026\/01\/56ff2e1a-d2f0-4d04-9cc2-98d25eb12be4.jpeg\"  style=\"object-position:0% 0%\" width=\"5000\"\/>Var egentlig siste episode, siste episode?  Foto: BRYAN BEDDER \/ AFP \/ NTB<\/p>\n<p class=\"_paragraph_o9xde_4 _paragraph_xtcu6_10 layout-component text-serif-m layout-normal text-serif-m layout-padded\">N\u00e5 har en underskriftskampanje som krever at Netflix slipper den \u00abekte\u00bb finalen har f\u00e5tt nesten 400.000 signaturer p\u00e5 f\u00e5 dager, melder Guardian.<\/p>\n<p class=\"_paragraph_o9xde_4 _paragraph_xtcu6_10 layout-component text-serif-m layout-normal text-serif-m layout-padded\">Netflix har endelig satt punktum for spekulasjonene. Det kommer ingen hemmelig niende episode av \u00abStranger Things\u00bb sesong fem, melder\u00a0<a href=\"https:\/\/www.eonline.com\/news\/1426997\/netflix-addresses-stranger-things-conformity-gate-theory\" class=\"_link_o9xde_39\" rel=\"nofollow noopener\" target=\"_blank\">E! Online<\/a>.<\/p>\n<p class=\"_paragraph_o9xde_4 _paragraph_xtcu6_10 layout-component text-serif-m layout-normal text-serif-m layout-padded\">7. januar oppdaterte Netflix biografiene til de offisielle \u00abStranger Things\u00bb-kontoene p\u00e5 sosiale medier. Der st\u00e5r det: \u00abALLE EPISODER AV STRANGER THINGS SPILLER N\u00c5\u00bb.<\/p>\n<p class=\"_paragraph_o9xde_4 _paragraph_xtcu6_10 layout-component text-serif-m layout-normal text-serif-m layout-padded\">Dermed er serien som vi kjenner den, avsluttet for godt.<\/p>\n<p class=\"_paragraph_o9xde_4 _paragraph_xtcu6_10 layout-component text-serif-m layout-normal text-serif-m layout-padded\">Men \u00abStranger Things\u00bb-universet er ikke over. Netflix har flere spin-off-prosjekter p\u00e5 gang. En animert serie kalt \u00abStranger Things: Tales of &#8217;85\u00bb kommer i \u00e5r. Den utspiller seg mellom sesong to og tre av originalserien.<\/p>\n<p class=\"_paragraph_o9xde_4 _paragraph_xtcu6_10 layout-component text-serif-m layout-normal text-serif-m layout-padded\">Men viktig \u00e5 merke seg:<\/p>\n<p class=\"_paragraph_o9xde_4 _paragraph_xtcu6_10 layout-component text-serif-m layout-normal text-serif-m layout-padded\">Ingen av skuespillerne fra originalserien vil v\u00e6re med i spin-off-serien.<\/p>\n<p class=\"_paragraph_o9xde_4 _paragraph_xtcu6_10 layout-component text-serif-m layout-normal text-serif-m layout-padded\">Men en liten tr\u00f8st: Mandag 12. januar kan fans glede seg over <a href=\"https:\/\/www.vg.no\/rampelys\/i\/zOGB2b\/netflix-slipper-dokumentar-om-stranger-things-5-den-siste-sesongen\" data-track-element-type=\"Link\" data-track-id=\"link:zOGB2b\" class=\"_link_o9xde_39\" rel=\"nofollow noopener\" target=\"_blank\">dokumentaren<\/a> heter \u00abOne Last Adventure: The Making of Stranger Things 5\u00bb p\u00e5 Netflix.<\/p>\n","protected":false},"excerpt":{"rendered":"Fans over hele verden trodde finalen var falsk. Fansen vil ha mer av denne gjengen, men f\u00e5r de&hellip;\n","protected":false},"author":2,"featured_media":132475,"comment_status":"","ping_status":"","sticky":false,"template":"","format":"standard","meta":{"footnotes":""},"categories":[58],"tags":[71,14091,220,30,28,29,2795,72,46],"class_list":{"0":"post-132474","1":"post","2":"type-post","3":"status-publish","4":"format-standard","5":"has-post-thumbnail","7":"category-underholdning","8":"tag-entertainment","9":"tag-krasj","10":"tag-netflix","11":"tag-no","12":"tag-norge","13":"tag-norway","14":"tag-stranger-things","15":"tag-underholdning","16":"tag-vgai"},"share_on_mastodon":{"url":"https:\/\/pubeurope.com\/@no\/115861464216426936","error":""},"_links":{"self":[{"href":"https:\/\/www.europesays.com\/no\/wp-json\/wp\/v2\/posts\/132474","targetHints":{"allow":["GET"]}}],"collection":[{"href":"https:\/\/www.europesays.com\/no\/wp-json\/wp\/v2\/posts"}],"about":[{"href":"https:\/\/www.europesays.com\/no\/wp-json\/wp\/v2\/types\/post"}],"author":[{"embeddable":true,"href":"https:\/\/www.europesays.com\/no\/wp-json\/wp\/v2\/users\/2"}],"replies":[{"embeddable":true,"href":"https:\/\/www.europesays.com\/no\/wp-json\/wp\/v2\/comments?post=132474"}],"version-history":[{"count":0,"href":"https:\/\/www.europesays.com\/no\/wp-json\/wp\/v2\/posts\/132474\/revisions"}],"wp:featuredmedia":[{"embeddable":true,"href":"https:\/\/www.europesays.com\/no\/wp-json\/wp\/v2\/media\/132475"}],"wp:attachment":[{"href":"https:\/\/www.europesays.com\/no\/wp-json\/wp\/v2\/media?parent=132474"}],"wp:term":[{"taxonomy":"category","embeddable":true,"href":"https:\/\/www.europesays.com\/no\/wp-json\/wp\/v2\/categories?post=132474"},{"taxonomy":"post_tag","embeddable":true,"href":"https:\/\/www.europesays.com\/no\/wp-json\/wp\/v2\/tags?post=132474"}],"curies":[{"name":"wp","href":"https:\/\/api.w.org\/{rel}","templated":true}]}}