{"id":132476,"date":"2026-01-08T20:55:11","date_gmt":"2026-01-08T20:55:11","guid":{"rendered":"https:\/\/www.europesays.com\/no\/132476\/"},"modified":"2026-01-08T20:55:11","modified_gmt":"2026-01-08T20:55:11","slug":"hopper-etter-solvang-spente","status":"publish","type":"post","link":"https:\/\/www.europesays.com\/no\/132476\/","title":{"rendered":"Hopper etter Solvang: &#8211; Spente"},"content":{"rendered":"<p class=\"kicker \" style=\"\">Debatten er tilbake:<\/p>\n<p>    Torsdag kveld er\u00a0\u00abDebatten\u00bb tilbake med nye programledere. I Espen Aas og \u00c5sa Vartdal sin f\u00f8rste sending er Gr\u00f8nland p\u00e5 agendaen.\u00a0<\/p>\n<p>\n    SPENTE: B\u00e5de de nye programlederne, Espen Aas og \u00c5sa Vartdal, og gamle gjester var spente f\u00f8r \u00e5rets f\u00f8rste Debatten. Her i form av utenriksminister Espen Barth Eide. Foto: Shad Madian\n  <\/p>\n<p>Hele Norges Fredrik Solvang ga seg i \u00abDebatten\u00bb etter nesten \u00e5tte \u00e5r, 466 sendinger og over 1500 klager til kringkastingsr\u00e5det f\u00f8r jul.\u00a0<\/p>\n<p>NRK-profilene \u00c5sa Vartdal og Espen Aas har f\u00e5tt statskanalens tillit fram til sommeren. I deres f\u00f8rste sending er temaet Gr\u00f8nland.\u00a0<\/p>\n<p> Et nytt studio skal \u00abl\u00e6res\u00bb. Med en helt ny gjeng.<\/p>\n<p>    <a itemprop=\"url\" href=\"https:\/\/www.dagbladet.no\/nyheter\/foler-at-vi-har-blitt-kjent\/83910775\" rel=\"nofollow noopener\" target=\"_blank\"><\/p>\n<p>        <img loading=\"lazy\" decoding=\"async\" src=\"https:\/\/www.europesays.com\/no\/wp-content\/uploads\/2026\/01\/83910851.webp.webp\" width=\"980\" height=\"441\" title=\"- F\u00f8ler at vi har blitt kjent\" alt=\"\" class=\"lazyload\" style=\"--aspect-ratio-image: 2.22; \"\/><\/p>\n<p>        &#8211; F\u00f8ler at vi har blitt kjent<\/p>\n<p>    <\/a><\/p>\n<p>&#8211; Spente\t<\/p>\n<p>\u00abHva betyr det lyset?\u00bb. \u00abHvor skal han st\u00e5?\u00bb<\/p>\n<p>Men b\u00e5de \u00c5sa Vartdal og Espen Aas har ledet debatt f\u00f8r, og i den siste pr\u00f8ven f\u00f8r \u00e5rets f\u00f8rste Debatten sending virker de tilsynelatende til \u00e5 ha alt under kontroll.\u00a0Likevel er det en spenning i lufta.<\/p>\n<p>        <img loading=\"lazy\" decoding=\"async\" src=\"https:\/\/www.europesays.com\/no\/wp-content\/uploads\/2026\/01\/84074550.webp.webp\" width=\"980\" height=\"559\" title=\"F\u00d8RSTE SENDING: Torsdag er Debatten tilbake, men Fredrik Solvang er byttet ut med \u00c5sa Vartdal og Espen Aas. Foto: Shad Madian \/ Dagbladet\" alt=\"\" class=\"\" style=\"--aspect-ratio-image: 1.75; \"\/><\/p>\n<p>\n        F\u00d8RSTE SENDING: Torsdag er Debatten tilbake, men Fredrik Solvang er byttet ut med \u00c5sa Vartdal og Espen Aas. Foto: Shad Madian \/ Dagbladet\n    <\/p>\n<p> \u00abHvordan b\u00f8r Norge respondere p\u00e5 Trump n\u00e5?\u00bb, sp\u00f8r de i programmets beskrivelse. P\u00e5 gjestelista har de blant annet utenriksminister Espen Barth Eide, R\u00f8dt-leder Marie Sneve Martinussen og tidligere statsminister i Sverige, Carl Bildt. <\/p>\n<p>&#8211; Vi er spente, sier Espen Aas i gjennomgangen med debattantene f\u00f8r debatten.<\/p>\n<p>&#8211; Vi er like spente, skyter Espen Barth Eide inn til latter fra gjengen.<\/p>\n<p>    <a itemprop=\"url\" href=\"https:\/\/www.dagbladet.no\/kjendis\/arvtakerne-er-klare-et-godt-valg\/83975119\" rel=\"nofollow noopener\" target=\"_blank\"><\/p>\n<p>        <img loading=\"lazy\" decoding=\"async\" src=\"https:\/\/www.europesays.com\/no\/wp-content\/uploads\/2026\/01\/83977351.webp.webp\" width=\"980\" height=\"441\" title=\"Arvtakerne er klare: - Et godt valg\" alt=\"\" class=\"lazyload\" style=\"--aspect-ratio-image: 2.22; \"\/><\/p>\n<p>        Arvtakerne er klare: &#8211; Et godt valg<\/p>\n<p>    <\/a><\/p>\n<p>Ville ikke gj\u00f8re det\t<\/p>\n<p>\u00ab\u00c5 nei, ikke sp\u00f8r meg om det!\u00bb, <a href=\"https:\/\/www.dagbladet.no\/kjendis\/arvtakerne-er-klare-et-godt-valg\/83975119\" rel=\"nofollow noopener\" target=\"_blank\">tenkte \u00c5sa Vartdal da hun ble spurt.<\/a> Espen Aas tenkte ogs\u00e5 i utgangspunktet at han ikke ville ha Norges mest omdiskuterte programlederstol.\u00a0<\/p>\n<p>Men da hun sa ja, sa han ogs\u00e5 ja. Teamet var komplett.\u00a0<\/p>\n<p>&#8211; Da tilbudet kom, og med den samme \u00c5sa som del av det, var det veldig vanskelig \u00e5 ikke ta utfordringen. Det ville v\u00e6rt feil \u00e5 si nei, sier Aas, som erkjente at det ville v\u00e6rt defensivt som debattjournalist \u00e5 takke nei til landets st\u00f8rste debattprogram. <\/p>\n<p>        Programleder Fredrik Solvang takker for seg i NRKs \u00abDebatten\u00bb torsdag 27. november. Video: NRK<\/p>\n<p>Deres forgjenger var godt forn\u00f8yd.<\/p>\n<p> &#8211;\u00a0Dette er et solid og godt valg. Espen og \u00c5sa er drivende dyktige journalister og fine folk, de kommer til \u00e5 utfylle hverandre godt og jeg h\u00e5per de gj\u00f8r endringer slik at de f\u00e5r formet Debatten til sitt eget. Jeg \u00f8nsker dem og Norges beste debattredaksjon hell og lykke, sa Fredrik Solvang til Dagbladet da nyheten sprakk.\u00a0<\/p>\n<p> Redat\u00f8r for \u00abDebatten\u00bb, Ole Eivind Henden, uttalte at de har bred kompetanse. <\/p>\n<p> &#8211; Vi er veldig glade for at to s\u00e5 dyktige programledere som Espen Aas og \u00c5sa Vartdal har sagt ja til \u00e5 lede Debatten neste sesong. Begge har lang erfaring som journalister i NRK og har bred kompetanse p\u00e5 omr\u00e5der som er viktig for Debatten, skrev han i en pressemelding. <\/p>\n","protected":false},"excerpt":{"rendered":"Debatten er tilbake: Torsdag kveld er\u00a0\u00abDebatten\u00bb tilbake med nye programledere. I Espen Aas og \u00c5sa Vartdal sin f\u00f8rste&hellip;\n","protected":false},"author":2,"featured_media":132477,"comment_status":"","ping_status":"","sticky":false,"template":"","format":"standard","meta":{"footnotes":""},"categories":[12],"tags":[15309,20,21,5518,13659,24,25,15,22,23,13,30,28,29,14,16,26,27,412,42,43,44,45],"class_list":{"0":"post-132476","1":"post","2":"type-post","3":"status-publish","4":"format-standard","5":"has-post-thumbnail","7":"category-verden","8":"tag-asa-vartdal","9":"tag-breaking-news","10":"tag-breakingnews","11":"tag-debatten","12":"tag-espen-aas","13":"tag-featured-news","14":"tag-featurednews","15":"tag-headlines","16":"tag-latest-news","17":"tag-latestnews","18":"tag-news","19":"tag-no","20":"tag-norge","21":"tag-norway","22":"tag-nyheter","23":"tag-overskrifter","24":"tag-top-stories","25":"tag-topstories","26":"tag-utenriks","27":"tag-verden","28":"tag-world","29":"tag-world-news","30":"tag-worldnews"},"share_on_mastodon":{"url":"https:\/\/pubeurope.com\/@no\/115861476127543462","error":""},"_links":{"self":[{"href":"https:\/\/www.europesays.com\/no\/wp-json\/wp\/v2\/posts\/132476","targetHints":{"allow":["GET"]}}],"collection":[{"href":"https:\/\/www.europesays.com\/no\/wp-json\/wp\/v2\/posts"}],"about":[{"href":"https:\/\/www.europesays.com\/no\/wp-json\/wp\/v2\/types\/post"}],"author":[{"embeddable":true,"href":"https:\/\/www.europesays.com\/no\/wp-json\/wp\/v2\/users\/2"}],"replies":[{"embeddable":true,"href":"https:\/\/www.europesays.com\/no\/wp-json\/wp\/v2\/comments?post=132476"}],"version-history":[{"count":0,"href":"https:\/\/www.europesays.com\/no\/wp-json\/wp\/v2\/posts\/132476\/revisions"}],"wp:featuredmedia":[{"embeddable":true,"href":"https:\/\/www.europesays.com\/no\/wp-json\/wp\/v2\/media\/132477"}],"wp:attachment":[{"href":"https:\/\/www.europesays.com\/no\/wp-json\/wp\/v2\/media?parent=132476"}],"wp:term":[{"taxonomy":"category","embeddable":true,"href":"https:\/\/www.europesays.com\/no\/wp-json\/wp\/v2\/categories?post=132476"},{"taxonomy":"post_tag","embeddable":true,"href":"https:\/\/www.europesays.com\/no\/wp-json\/wp\/v2\/tags?post=132476"}],"curies":[{"name":"wp","href":"https:\/\/api.w.org\/{rel}","templated":true}]}}