{"id":132480,"date":"2026-01-08T20:57:07","date_gmt":"2026-01-08T20:57:07","guid":{"rendered":"https:\/\/www.europesays.com\/no\/132480\/"},"modified":"2026-01-08T20:57:07","modified_gmt":"2026-01-08T20:57:07","slug":"johan-olav-botn-og-karoline-simpson-larsen-snakker-ut-om-dodsfallet-til-sivert-bakken-nrk-sport-sportsnyheter-resultater-og-sendeplan","status":"publish","type":"post","link":"https:\/\/www.europesays.com\/no\/132480\/","title":{"rendered":"Johan-Olav Botn og Karoline Simpson-Larsen snakker ut om d\u00f8dsfallet til Sivert Bakken \u2013 NRK Sport \u2013 Sportsnyheter, resultater og sendeplan"},"content":{"rendered":"<p>Kj\u00e6resteparet Johan-Olav Botn og Karoline Simpson-Larsen hadde lagt bak seg en tiln\u00e6rmet perfekt f\u00f8rjulssesong.<\/p>\n<p>S\u00e5 ble treningsoppholdet i italienske Lavaz\u00e8 et brutalt vendepunkt da skiskytter og deres venn Sivert Guttorm Bakken ble funnet d\u00f8d lille julaften.<\/p>\n<p>Julen skulle bli noen rolige dager i h\u00f8yden med sol, fine forhold og skiturer som del av oppladningen mot resten av sesongen.<\/p>\n<p><img decoding=\"async\"   src=\"data:image\/gif;base64,R0lGODlhAQABAIAAAAAAAP\/\/\/yH5BAEAAAAALAAAAAABAAEAAAIBRAA7\" loading=\"eager\" alt=\"En skil\u00f8per poserer med to ski i hendene og gir tommel opp. Han har p\u00e5 seg sportskl\u00e6r med logoer fra forskjellige sponsorer. Bakgrunnen viser en sn\u00f8dekt skiarena med startomr\u00e5det synlig. Flere personer er til stede, og det er klart v\u00e6r. (Bildebeskrivelsen er laget av en KI-tjeneste)\" title=\"Foto: Geir Olsen \/ NTB\"\/><\/p>\n<p class=\"\">SMILTE: Bakken var endelig tilbake da han stilte til start p\u00e5 Geilo i fjor.<\/p>\n<p>Foto: Geir Olsen \/ NTB<\/p>\n<p>I stedet ble lille julaften en dag som for alltid har festet seg i minnet til Johan-Olav Botn og Karoline Simpson-Larsen.<\/p>\n<p>NRK m\u00f8ter paret hjemme p\u00e5 Lillehammer. Det har g\u00e5tt litt over to uker siden dagen som endret alt.<\/p>\n<p>\u2013 Du v\u00e5kner opp og er veldig glad og forn\u00f8yd. Sol og fint v\u00e6r, og du skal ut p\u00e5 ski. Og s\u00e5 snur alt seg p\u00e5 hodet, sier Botn til NRK.<\/p>\n<p>Fant Bakken p\u00e5 rommet<\/p>\n<p>De skulle hente n\u00f8kkel og ski hos Bakken.<\/p>\n<p>\u2013 D\u00f8ra var ul\u00e5st. Jeg banka p\u00e5 og fikk ikke svar. Etter \u00e5 ha banka noen ganger, gikk jeg bare inn, forteller Botn.\n<\/p>\n<p><img decoding=\"async\"   src=\"data:image\/gif;base64,R0lGODlhAQABAIAAAAAAAP\/\/\/yH5BAEAAAAALAAAAAABAAEAAAIBRAA7\" loading=\"eager\" alt=\"Et moderne bolighus med flere etasjer st\u00e5r ved en sn\u00f8dekt vei. Bygningen inneholder restauranter og romutleie, med flagg utenfor som annonserer tjenester. Bakgrunnen viser fjelltopper dekket av sn\u00f8, under en klar bl\u00e5 himmel. Veiskilt i n\u00e6rheten indikerer trafikkretninger og informasjon for sj\u00e5f\u00f8rer. (Bildebeskrivelsen er laget av en KI-tjeneste)\" title=\"Foto: Eirik Fure \/ NRK\"\/><\/p>\n<p class=\"\">HOTELLET: Det var p\u00e5 dette hotellet Botn fant Bakken d\u00f8d.<\/p>\n<p>Foto: Eirik Fure \/ NRK<\/p>\n<p>Det som m\u00f8tte ham der, er fortsatt vanskelig \u00e5 sette ord p\u00e5 for mannen som for \u00f8yeblikket leder verdenscupen.<\/p>\n<p>\u2013 Man finner jo ikke ord i s\u00e5nne situasjoner. Det er helt ubegripelig og uforst\u00e5elig. Og det tar lang tid \u00e5 f\u00f8le at man er tilbake der man var f\u00f8r det skjedde.<\/p>\n<p>Simpson-Larsen \u00f8nsker ikke \u00e5 g\u00e5 i detaljer om de f\u00f8rste minuttene etter funnet.<\/p>\n<p>\u2013 Jeg husker hva Johan sa. Men jeg vet ikke om jeg vil si det, sier hun til NRK.<\/p>\n<p><img decoding=\"async\"   src=\"data:image\/gif;base64,R0lGODlhAQABAIAAAAAAAP\/\/\/yH5BAEAAAAALAAAAAABAAEAAAIBRAA7\" loading=\"eager\" alt=\"To personer st\u00e5r ved en bil i sn\u00f8v\u00e6r. Den ene personen, if\u00f8rt en bl\u00e5 parkdress med teksten &quot;NORG&quot; p\u00e5 ryggen, \u00e5pner bakd\u00f8ren til bilen. Den andre personen har p\u00e5 seg en svart jakke og rosa hansker, og ser p\u00e5 den f\u00f8rste personen. Sn\u00f8fall er synlig i omgivelsene, som inkluderer flere biler parkert i omr\u00e5det. (Bildebeskrivelsen er laget av en KI-tjeneste)\" title=\"Foto: Anders Skjerdingstad \/ NRK\"\/><\/p>\n<p class=\"\">HJEMME: Etter \u00e5 ha deltatt i Tour de Ski kom endelig Simpson-Larsen hjem til Botn p\u00e5 Lillehammer.<\/p>\n<p>Foto: Anders Skjerdingstad \/ NRK<\/p>\n<p>Samlet i sorg<\/p>\n<p>Flere ut\u00f8vere befant seg i Lavaz\u00e8 p\u00e5 samme tidspunkt. Det tok ikke lang tid f\u00f8r de samlet seg.<\/p>\n<p>\u2013 Vi var en liten gjeng der oppe. Det tok ikke lang tid f\u00f8r alle kom inn sammen. Vi satt egentlig bare sammen, grein litt og snakka litt. Bare var der, sier Botn.<\/p>\n<p>Ogs\u00e5 den italienske skiskytteren Tommaso Giacomel, som de skulle g\u00e5 p\u00e5 ski med, kom til stedet.<\/p>\n<p>Torsdag ble Bakken hedret f\u00f8r herrenes sprint i Oberhof. Giacomel stakk av med seieren og sendte ogs\u00e5 en hilsen til treningskameraten.<\/p>\n<p><img decoding=\"async\"   src=\"data:image\/gif;base64,R0lGODlhAQABAIAAAAAAAP\/\/\/yH5BAEAAAAALAAAAAABAAEAAAIBRAA7\" loading=\"eager\" alt=\"En ut\u00f8ver i bl\u00e5 skikl\u00e6r hever en stav i luften etter en konkurranse i Oberhof. Sn\u00f8en dekker bakken, og siktforholdene er d\u00e5rlige p\u00e5 grunn av t\u00e5ke. Bakgrunnen viser subtile former av flere personer som deltar i konkurransen. Deltakeren b\u00e6rer nummer 62 p\u00e5 sin drakt. (Bildebeskrivelsen er laget av en KI-tjeneste)\" title=\"Foto: Reuters\"\/><\/p>\n<p class=\"\">HEDRET BAKKEN: Giacomel skulle g\u00e5 treningstur med Bakken lille julaften. 16 dager senere vant han i Oberhof, hvor Bakken ble hedret.<\/p>\n<p>Foto: Reuters<\/p>\n<p>Politietterforskning i Italia<\/p>\n<p>Kort tid etter at Bakken ble funnet d\u00f8d p\u00e5 hotellet ble italiensk politi koblet inn. For Botn opplevdes situasjonen krevende.<\/p>\n<p>\u2013 Det var avh\u00f8r med politiet. Det italienske politiet er noe for seg selv. Da er det veldig fint \u00e5 ha noen som kan oversette og v\u00e6re et mellomledd.<\/p>\n<p>Sammen med Simpson-Larsen trekker de fram st\u00f8tten fra forbundet.<\/p>\n<p><img decoding=\"async\"   src=\"data:image\/gif;base64,R0lGODlhAQABAIAAAAAAAP\/\/\/yH5BAEAAAAALAAAAAABAAEAAAIBRAA7\" loading=\"eager\" alt=\"To personer sitter i en sofa i et rom med naturlig lys. Den ene personen, kledd i en bl\u00e5 genser, lener seg mot den andre, som bruker en mobiltelefon. Det er en avslappet stemning i rommet, som inneholder en lampa og en h\u00f8yttaler i bakgrunnen. M\u00f8blene og tekstilene er av n\u00f8ytral farge. (Bildebeskrivelsen er laget av en KI-tjeneste)\" title=\"Foto: Anders Skjerdingstad \/ NRK\"\/><\/p>\n<p class=\"\">SAMMEN: Det OL-klare paret forteller om samhold og god oppf\u00f8lging.<\/p>\n<p>Foto: Anders Skjerdingstad \/ NRK<\/p>\n<p>\u2013 Det hjalp veldig at Patrick og Jori M\u00f8rkve kom med en gang. De tok litt mer over styringa der nede.<\/p>\n<p>Selve avh\u00f8rene beskriver Botn som ubehagelige.<\/p>\n<p>\u2013 Den situasjonen var veldig vond. Jeg tror egentlig ikke det er lov \u00e5 si s\u00e5 mye om det f\u00f8r etterforskningen er over.<\/p>\n<p>\u2013 Berg-og-dal-bane<\/p>\n<p>Kort tid etter reiste Simpson-Larsen videre til Tour de Ski.<\/p>\n<p>\u2013 Jeg h\u00e5pet at ting skulle fungere som normalt, men skj\u00f8nte fort at det her var en mye st\u00f8rre p\u00e5kjenning enn jeg trodde, sier hun.<\/p>\n<p>\u2013 Det var som \u00e5 forberede seg til skirenn, men samtidig ikke v\u00e6re helt til stede.<\/p>\n<p>Simpson-Larsen var f\u00f8rst opp slal\u00e5mbakken i den siste etappen av Tour de Ski.<\/p>\n<p>Botn beskriver tiden etterp\u00e5 som uforutsigbar.<\/p>\n<p>\u2013 Jeg f\u00f8ler egentlig ikke at jeg har gjort s\u00e5 mye for \u00e5 komme videre. Det har v\u00e6rt en berg-og-dal-bane hele veien.<\/p>\n<p><img decoding=\"async\"   src=\"data:image\/gif;base64,R0lGODlhAQABAIAAAAAAAP\/\/\/yH5BAEAAAAALAAAAAABAAEAAAIBRAA7\" loading=\"eager\" alt=\"To personer sitter ved et bord i et rom. Den ene personen har hendene foldet foran seg, og den andre holder en matbit. Rundt dem er det flere matbeholdere og drikkevarer p\u00e5 bordet. Veggene har dekorative elementer som et maleri og en tavle med tekst. (Bildebeskrivelsen er laget av en KI-tjeneste)\" title=\"Foto: Anders Skjerdingstad \/ NRK\"\/><\/p>\n<p class=\"\">HVERDAG: Livet blir aldri det samme, og ting har forblitt uforutsigbart ukene etter Bakkens bortgang.<\/p>\n<p>Foto: Anders Skjerdingstad \/ NRK<\/p>\n<p>\u2013 Hva skjer videre n\u00e5 for \u00e5 komme i best mulig form f\u00f8r OL for dere begge?<\/p>\n<p>\u2013 For min del s\u00e5 m\u00e5 jeg bare komme i vanlig trening igjen s\u00e5 fort som mulig. S\u00e5 er jo OL i Anterselva, s\u00e5 det er jo ganske h\u00f8yt. S\u00e5 vi m\u00e5 opp i h\u00f8yden og f\u00e5 trent litt der \u00f2g, svarer Botn.<\/p>\n<p>Oppladningen til OL skal Botn og de andre skiskytterne ha i Lavaz\u00e8.<\/p>\n<p>\u2013 Jeg har alltid v\u00e6rt veldig glad i Lavaz\u00e8. Det har f\u00f8ltes som hjemme i Italia. Det har v\u00e6rt litt unikt. Jeg vet at Sivert f\u00f8lte det p\u00e5 samme m\u00e5te. Vi var begge to veldig glad i Lavaz\u00e8.<\/p>\n<p><img decoding=\"async\"   src=\"data:image\/gif;base64,R0lGODlhAQABAIAAAAAAAP\/\/\/yH5BAEAAAAALAAAAAABAAEAAAIBRAA7\" loading=\"eager\" alt=\"To personer st\u00e5r p\u00e5 ski i en sn\u00f8dekt skog. Begge har p\u00e5 seg treningsbekledning med logoer. De holder staver og tilsynelatende forbereder seg til \u00e5 g\u00e5. Bakgrunnen best\u00e5r av h\u00f8ye tr\u00e6r og sn\u00f8belagte omr\u00e5der. (Bildebeskrivelsen er laget av en KI-tjeneste)\" title=\"Foto: Anders Boine Verstad \/ NRK\"\/><\/p>\n<p class=\"\">TRENINGSKAMERATER: Her var Botn og Bakken p\u00e5 treningstur etter verdenscup-oppturen i \u00d6stersund.<\/p>\n<p>Foto: Anders Boine Verstad \/ NRK<\/p>\n<p>\u2013 Jeg har jobba ganske hardt med meg selv, med \u00e5 pr\u00f8ve \u00e5 ufarliggj\u00f8re s\u00e5 mange ting som mulig. At det er ingen som er tjent med at man gj\u00f8r det til noe mer spesielt enn det er, avslutter Botn.<\/p>\n<p>Publisert<\/p>\n<p>08.01.2026, kl. 19.51<\/p>\n","protected":false},"excerpt":{"rendered":"Kj\u00e6resteparet Johan-Olav Botn og Karoline Simpson-Larsen hadde lagt bak seg en tiln\u00e6rmet perfekt f\u00f8rjulssesong. S\u00e5 ble treningsoppholdet i&hellip;\n","protected":false},"author":2,"featured_media":132481,"comment_status":"","ping_status":"","sticky":false,"template":"","format":"standard","meta":{"footnotes":""},"categories":[5],"tags":[20,21,24,25,15,19,22,23,17,18,13,30,28,29,14,16,26,27],"class_list":{"0":"post-132480","1":"post","2":"type-post","3":"status-publish","4":"format-standard","5":"has-post-thumbnail","7":"category-overskrifter","8":"tag-breaking-news","9":"tag-breakingnews","10":"tag-featured-news","11":"tag-featurednews","12":"tag-headlines","13":"tag-hovedoppslag","14":"tag-latest-news","15":"tag-latestnews","16":"tag-main-news","17":"tag-mainnews","18":"tag-news","19":"tag-no","20":"tag-norge","21":"tag-norway","22":"tag-nyheter","23":"tag-overskrifter","24":"tag-top-stories","25":"tag-topstories"},"share_on_mastodon":{"url":"https:\/\/pubeurope.com\/@no\/115861483938988607","error":""},"_links":{"self":[{"href":"https:\/\/www.europesays.com\/no\/wp-json\/wp\/v2\/posts\/132480","targetHints":{"allow":["GET"]}}],"collection":[{"href":"https:\/\/www.europesays.com\/no\/wp-json\/wp\/v2\/posts"}],"about":[{"href":"https:\/\/www.europesays.com\/no\/wp-json\/wp\/v2\/types\/post"}],"author":[{"embeddable":true,"href":"https:\/\/www.europesays.com\/no\/wp-json\/wp\/v2\/users\/2"}],"replies":[{"embeddable":true,"href":"https:\/\/www.europesays.com\/no\/wp-json\/wp\/v2\/comments?post=132480"}],"version-history":[{"count":0,"href":"https:\/\/www.europesays.com\/no\/wp-json\/wp\/v2\/posts\/132480\/revisions"}],"wp:featuredmedia":[{"embeddable":true,"href":"https:\/\/www.europesays.com\/no\/wp-json\/wp\/v2\/media\/132481"}],"wp:attachment":[{"href":"https:\/\/www.europesays.com\/no\/wp-json\/wp\/v2\/media?parent=132480"}],"wp:term":[{"taxonomy":"category","embeddable":true,"href":"https:\/\/www.europesays.com\/no\/wp-json\/wp\/v2\/categories?post=132480"},{"taxonomy":"post_tag","embeddable":true,"href":"https:\/\/www.europesays.com\/no\/wp-json\/wp\/v2\/tags?post=132480"}],"curies":[{"name":"wp","href":"https:\/\/api.w.org\/{rel}","templated":true}]}}