{"id":132486,"date":"2026-01-08T21:03:07","date_gmt":"2026-01-08T21:03:07","guid":{"rendered":"https:\/\/www.europesays.com\/no\/132486\/"},"modified":"2026-01-08T21:03:07","modified_gmt":"2026-01-08T21:03:07","slug":"det-var-rene-nyttarsaften-nrk-vestland","status":"publish","type":"post","link":"https:\/\/www.europesays.com\/no\/132486\/","title":{"rendered":"\u2013 Det var rene nytt\u00e5rsaften \u2013 NRK Vestland"},"content":{"rendered":"<p>\u2013 Str\u00f8mmen i en slik kabel kan v\u00e6re d\u00f8delig.<\/p>\n<p>Det sier vaktkommand\u00f8r Jostein Steinsland-Hauge i brannvesenet til NRK.<\/p>\n<p>N\u00f8detatene ble varslet klokken 20.07 og rykket snarlig ut til S\u00f8reide i Bergen.<\/p>\n<p>Der ble de m\u00f8tt av at en str\u00f8mkabel l\u00e5 i en bekk og laget store gnister.<\/p>\n<p>N\u00f8detatene sikret omr\u00e5det for \u00e5 p\u00e5se at ingen risikerte \u00e5 f\u00e5 elektrisitet i seg.<\/p>\n<p>\u2013 S\u00e5 lenge vi unng\u00e5r det, er ikke dette s\u00e5 dramatisk, sier Steinsland Hauge.<\/p>\n<p>Kabelen falt ned p\u00e5 en sti der folk vanligvis ferdes.<\/p>\n<p>Like f\u00f8r klokken 20.30 var ogs\u00e5 BKK p\u00e5 plass for \u00e5 stenge str\u00f8mtilf\u00f8rselen til kabelen.<\/p>\n<p>Som fyrverkeri<\/p>\n<p>NRK har snakket med s\u00f8strene Line og Lene Espevik som bor i n\u00e6rheten.<\/p>\n<p>De synes det hele minnet om fyrverkeri.<\/p>\n<p><strong>\u2013 Det var som rene nytt\u00e5rsaften p\u00e5 nytt. Jeg trodde det var noen som holdt p\u00e5 med raketter, sier Lene Espevik til NRK.<\/strong><\/p>\n<p>Men det her \u00abfyrverkeriet\u00bb ga ikke de samme f\u00f8lelsene som p\u00e5 \u00e5rets siste dag.<\/p>\n<p>\u2013 Jeg skulle lufte hundene og i det jeg \u00e5pnet d\u00f8ren, s\u00e5 smalt det. Da s\u00e5 jeg at det begynte \u00e5 brenne i ledningen i lyktestolen, og hundene begynte \u00e5 ule. S\u00e5 forsvant str\u00f8mmen, sier Espevik og legger til.<\/p>\n<p>\u2013 Det er ikke noe g\u00f8y i det hele tatt. I hvert n\u00e5r vi har hunder og sm\u00e5 barn.<\/p>\n<p>Overbelastning<\/p>\n<p>Kommunikasjonssjef i BKK, Kristina Kollerud, er kjent med situasjonen torsdag kveld.<\/p>\n<p>\u2013 Det som har skjedd er at en stolpe p\u00e5 str\u00f8mnettet har tatt fyr, og det har gjort at str\u00f8mkabelen havnet i vannet. Det er snakk om en lavspentledning, sier Kollerud.<\/p>\n<p><strong>Som s\u00e5 mye annet i Norge denne uken, pekes det p\u00e5 den p\u00e5g\u00e5ende kuldeb\u00f8lgen.<\/strong><\/p>\n<p>\u2013 Vi mener \u00e5rsaken til dette skyldes kuldeb\u00f8lgen vi n\u00e5 opplever og den enorme belastningen det f\u00f8rer til p\u00e5 str\u00f8mnettet, sier Kollerud.<\/p>\n<p>Som f\u00f8lge av hendelsen er 22 kunder uten str\u00f8m torsdag kveld.<\/p>\n<p>\u2013 Vi regner med \u00e5 ha rettet opp feilen i l\u00f8pet av f\u00e5 timer, sier Kollerud.<\/p>\n<p>Andre dagen p\u00e5 rad<\/p>\n<p>Til NRK opplyser brannvesenet at en lignende hendelse skal ha skjedd med en str\u00f8mkabel i samme omr\u00e5det onsdag.<\/p>\n<p>\u2013 Dette kan jeg bekrefte, sier Kollerud.<\/p>\n<p>\u2013 Er det noe som gj\u00f8r at dette omr\u00e5det er s\u00e6rlig s\u00e5rbart? Hva kan gj\u00f8res for \u00e5 unng\u00e5 en tredje dag p\u00e5 rad med en slik risiko? <\/p>\n<p>\u2013 Vi mener \u00e5 ha et robust str\u00f8mnett, men belastningen som n\u00e5 er i omr\u00e5det er uvanlig.<\/p>\n<p>BKK har en klar oppfordring til str\u00f8mkunder i kuldeb\u00f8lgen.<\/p>\n<p>\u2013 Folk m\u00e5 selvsagt varme opp hjemmene sine, men vi oppfordrer til \u00e5 fordele str\u00f8mbruken mer utover dagen dersom det er mulig, sier Kollerud og tegner et bilde.<\/p>\n<p>\u2013 Om alle skal lage middag, bruke ovner, vaske kl\u00e6r og lade bilen samtidig, da blir det s\u00e5rbart.<\/p>\n<p>Ble vitne til begge hendelser<\/p>\n<p>Lene Espevik ble ogs\u00e5 vitne til g\u00e5rsdagens str\u00f8mkabelkollaps.<\/p>\n<p>Hun forteller at dagens kollaps var p\u00e5 et mer utsatt sted.<\/p>\n<p>\u2013 I dag landet kabelen i stien hvor jeg pleier \u00e5 lufte hundene mine, og det begynte jo \u00e5 brenne, sier sm\u00e5barnsmoren og legger til:<\/p>\n<p>\u2013 Det er en sti mange bruker for \u00e5 g\u00e5 til busstoppet. Tenk om noen hadde g\u00e5tt der akkurat da det skjedde. Det kunne ha v\u00e6rt farlig.<\/p>\n<p>Publisert<\/p>\n<p>08.01.2026, kl. 21.24<\/p>\n<p>Oppdatert<\/p>\n<p>08.01.2026, kl. 22.03<\/p>\n","protected":false},"excerpt":{"rendered":"\u2013 Str\u00f8mmen i en slik kabel kan v\u00e6re d\u00f8delig. Det sier vaktkommand\u00f8r Jostein Steinsland-Hauge i brannvesenet til NRK.&hellip;\n","protected":false},"author":2,"featured_media":132487,"comment_status":"","ping_status":"","sticky":false,"template":"","format":"standard","meta":{"footnotes":""},"categories":[10],"tags":[20,21,24,25,15,22,23,13,30,28,29,14,16,26,27],"class_list":{"0":"post-132486","1":"post","2":"type-post","3":"status-publish","4":"format-standard","5":"has-post-thumbnail","7":"category-norge","8":"tag-breaking-news","9":"tag-breakingnews","10":"tag-featured-news","11":"tag-featurednews","12":"tag-headlines","13":"tag-latest-news","14":"tag-latestnews","15":"tag-news","16":"tag-no","17":"tag-norge","18":"tag-norway","19":"tag-nyheter","20":"tag-overskrifter","21":"tag-top-stories","22":"tag-topstories"},"share_on_mastodon":{"url":"https:\/\/pubeurope.com\/@no\/115861507441023836","error":""},"_links":{"self":[{"href":"https:\/\/www.europesays.com\/no\/wp-json\/wp\/v2\/posts\/132486","targetHints":{"allow":["GET"]}}],"collection":[{"href":"https:\/\/www.europesays.com\/no\/wp-json\/wp\/v2\/posts"}],"about":[{"href":"https:\/\/www.europesays.com\/no\/wp-json\/wp\/v2\/types\/post"}],"author":[{"embeddable":true,"href":"https:\/\/www.europesays.com\/no\/wp-json\/wp\/v2\/users\/2"}],"replies":[{"embeddable":true,"href":"https:\/\/www.europesays.com\/no\/wp-json\/wp\/v2\/comments?post=132486"}],"version-history":[{"count":0,"href":"https:\/\/www.europesays.com\/no\/wp-json\/wp\/v2\/posts\/132486\/revisions"}],"wp:featuredmedia":[{"embeddable":true,"href":"https:\/\/www.europesays.com\/no\/wp-json\/wp\/v2\/media\/132487"}],"wp:attachment":[{"href":"https:\/\/www.europesays.com\/no\/wp-json\/wp\/v2\/media?parent=132486"}],"wp:term":[{"taxonomy":"category","embeddable":true,"href":"https:\/\/www.europesays.com\/no\/wp-json\/wp\/v2\/categories?post=132486"},{"taxonomy":"post_tag","embeddable":true,"href":"https:\/\/www.europesays.com\/no\/wp-json\/wp\/v2\/tags?post=132486"}],"curies":[{"name":"wp","href":"https:\/\/api.w.org\/{rel}","templated":true}]}}