{"id":132488,"date":"2026-01-08T21:05:08","date_gmt":"2026-01-08T21:05:08","guid":{"rendered":"https:\/\/www.europesays.com\/no\/132488\/"},"modified":"2026-01-08T21:05:08","modified_gmt":"2026-01-08T21:05:08","slug":"sparta-sarpsborg-valerenga-ishockey-oslo-turen-endte-med-tap","status":"publish","type":"post","link":"https:\/\/www.europesays.com\/no\/132488\/","title":{"rendered":"Sparta Sarpsborg, V\u00e5lerenga Ishockey | Oslo-turen endte med tap"},"content":{"rendered":"\n<p>Sparta fikk en t\u00f8ff start p\u00e5 hockey\u00e5ret 2026 i Oslo torsdag. De hadde riktignok sine sjanser mot V\u00e5lerenga, men kun \u00e9n puck endte opp i nettet bak VIF-keeper Joona Voutilainen, mens VIF p\u00e5 sin side var effektive og scoret tre m\u00e5l. Det holdt til 3-1-seier for vertene, som samtidig overtok serieledelsen etter at Frisk Asker r\u00f8k 2-3 hjemme mot L\u00f8renskog samme kveld.<\/p>\n<p>For Spartas del inneb\u00e6rer tapet at de fortsatt er nummer fem p\u00e5 tabellen, med 40 poeng p\u00e5 32 kamper.<\/p>\n<p>Sparta startet bra, f\u00f8r VIF tok ledelsen<\/p>\n<p>Sparta var det beste laget innledningsvis i 1. periode, men de lyktes ikke med \u00e5 omsette mulighetene i form av nettkjenning. Da var i stedet vertene effektive &#8211; og p\u00e5 tiden 16.14 ordnet J\u00f8rgen Karterud periodens eneste scoring.<\/p>\n<p>Det gjorde at V\u00e5lerenga ledet 1-0 etter de f\u00f8rste tyve minuttene p\u00e5 Jordal torsdag.<\/p>\n<p>Sparta-trener Jonas Hol\u00f8s syntes laget hans startet kampen bra de f\u00f8rste 10-12 minuttene, men at de s\u00e5 n\u00e6rmest ga bort et m\u00e5l til hjemmelaget.<\/p>\n<p>\u2013 Vi blir sm\u00e5, og VIF tar over. Vi klarer ikke \u00e5 score p\u00e5 sjansene v\u00e5re, sa Hol\u00f8s til SA etter kampen.<\/p>\n<p>Forferdelig start p\u00e5 midtperioden<\/p>\n<p>Sparta fikk en forferdelig start p\u00e5 midtperioden. Bare 42 sekunder inn i perioden doblet nemlig Markus Modigs V\u00e5lerenga-ledelsen.<\/p>\n<p>V\u00e5lerenga kj\u00f8rte matchen etter dette, men Sparta klarte \u00e5 komme seg bedre med igjen mot slutten av midtperioden. Sparta trodde de hadde en scoring etter en kaotisk situasjon foran VIF-kassa, men dommerne kikket p\u00e5 situasjonen om igjen p\u00e5 video, og det ble ikke d\u00f8mt m\u00e5l.<\/p>\n<p>Etter det hadde Sparta et par store muligheter som de ikke fikk uttelling p\u00e5, og da var det i stedet et effektivt hjemmelag som satte nummer tre like etterp\u00e5. Blake McLaughlin sendte pucken kontant i nettmaskene bak Sparta-keeper Blake Pietila til 3-0 p\u00e5 tiden 38.03.<\/p>\n<p>Det var ogs\u00e5 stillingen etter to perioder i hovedstaden.<\/p>\n<p>Eliesen med redusering i 3. periode<\/p>\n<p>Det s\u00e5 lenge ut til at Sparta skulle g\u00e5 m\u00e5ll\u00f8se av isen denne kvelden, men litt over midtveis i 3. periode kom den etterlengtede reduseringen. Nicolai Eliesen styrte da pucken inn i VIF-buret p\u00e5 tiden 50.57, men dessverre kom de seg aldri n\u00e6rmere i m\u00e5lprotokollen i minuttene etter dette.<\/p>\n<p>V\u00e5lerenga vant 3-1 i Oslo denne januarkvelden.<\/p>\n<p>I neste runde venter ny bortekamp for Sparta. Torsdag 15. januar m\u00f8ter de Stavanger i DNB Arena.<\/p>\n<p>            Kampfakta<\/p>\n<p>Ishockey, eliteserien<\/p>\n<p><b>V\u00e5lerenga &#8211; Sparta 3-1<\/b><br \/>(1-0, 2-0, 1-1)<br \/>Jordal Amfi<\/p>\n<p><b>M\u00e5l:<\/b><br \/>1-0 (16.14) J\u00f8rgen Karterud (Gabriel Koch, Markus Modigs)<br \/>2-0 (20.42) Markus Modigs (Henrik Larsson, Blake McLaughlin)<br \/>3-0 (38.03) Blake McLaughlin (J\u00f8rgen Karterud, Markus Modigs)<br \/>3-1 (50.57) Nicolai Eliesen (Marcus Fagerudd, Sebastian Johansen)<\/p>\n<p><b>Skuddstatistikk: <\/b>23-21 (8-11, 9-7, 6-3)<\/p>\n<p><b>Utvisninger:<\/b> V\u00e5lerenga 1 x 2 min., Sparta 2 x 2 min.<\/p>\n<p><b>Hoveddommere:<\/b> Mads Frandsen og Oskar \u00d8vstedal.<\/p>\n<p><b>Solgte billetter:<\/b> 2784<\/p>\n<p><b>Spartas lag:<br \/>M\u00e5lvakt:<\/b> Blake Pietila.<br \/><b>F\u00f8rstefemmer:<\/b> Maksims Ponomarenko, Marcus Fagerudd, Kristian Jakobsson, Victor \u00d6hman og Jonathan Hermansson.<br \/><b>Andrefemmer:<\/b> Daniel Gloppen, Jesper Martinsen Lilleberg, Nicolai Eliesen, Filip Lalande og Sebastian Johansen.<br \/><b>Tredjefemmer:<\/b> Hampus Rydqvist, Noah Jacobsen, Tinius Ekhaugen, Henrik Knold og Sander Thoresen.<br \/><b>Fjerde l\u00f8perrekke:<\/b> Adam Mill\u00e9n, Vegard Faret og Alexander Thomas.<br \/><b>Syvende back:<\/b> Lucas Thomassen.<br \/><b>Ekstra l\u00f8per:<\/b> Magnus Eisenmenger.<\/p>\n","protected":false},"excerpt":{"rendered":"Sparta fikk en t\u00f8ff start p\u00e5 hockey\u00e5ret 2026 i Oslo torsdag. De hadde riktignok sine sjanser mot V\u00e5lerenga,&hellip;\n","protected":false},"author":2,"featured_media":132489,"comment_status":"","ping_status":"","sticky":false,"template":"","format":"standard","meta":{"footnotes":""},"categories":[59],"tags":[36,6201,977,6192,30,28,29,3038,83,82,1510,12058],"class_list":{"0":"post-132488","1":"post","2":"type-post","3":"status-publish","4":"format-standard","5":"has-post-thumbnail","7":"category-sport","8":"tag-art","9":"tag-eliteserien-ishockey","10":"tag-ishockey","11":"tag-jordal-amfi","12":"tag-no","13":"tag-norge","14":"tag-norway","15":"tag-sparta-sarpsborg","16":"tag-sport","17":"tag-sports","18":"tag-story","19":"tag-valerenga-ishockey"},"share_on_mastodon":{"url":"https:\/\/pubeurope.com\/@no\/115861515330740834","error":""},"_links":{"self":[{"href":"https:\/\/www.europesays.com\/no\/wp-json\/wp\/v2\/posts\/132488","targetHints":{"allow":["GET"]}}],"collection":[{"href":"https:\/\/www.europesays.com\/no\/wp-json\/wp\/v2\/posts"}],"about":[{"href":"https:\/\/www.europesays.com\/no\/wp-json\/wp\/v2\/types\/post"}],"author":[{"embeddable":true,"href":"https:\/\/www.europesays.com\/no\/wp-json\/wp\/v2\/users\/2"}],"replies":[{"embeddable":true,"href":"https:\/\/www.europesays.com\/no\/wp-json\/wp\/v2\/comments?post=132488"}],"version-history":[{"count":0,"href":"https:\/\/www.europesays.com\/no\/wp-json\/wp\/v2\/posts\/132488\/revisions"}],"wp:featuredmedia":[{"embeddable":true,"href":"https:\/\/www.europesays.com\/no\/wp-json\/wp\/v2\/media\/132489"}],"wp:attachment":[{"href":"https:\/\/www.europesays.com\/no\/wp-json\/wp\/v2\/media?parent=132488"}],"wp:term":[{"taxonomy":"category","embeddable":true,"href":"https:\/\/www.europesays.com\/no\/wp-json\/wp\/v2\/categories?post=132488"},{"taxonomy":"post_tag","embeddable":true,"href":"https:\/\/www.europesays.com\/no\/wp-json\/wp\/v2\/tags?post=132488"}],"curies":[{"name":"wp","href":"https:\/\/api.w.org\/{rel}","templated":true}]}}