{"id":132490,"date":"2026-01-08T21:09:12","date_gmt":"2026-01-08T21:09:12","guid":{"rendered":"https:\/\/www.europesays.com\/no\/132490\/"},"modified":"2026-01-08T21:09:12","modified_gmt":"2026-01-08T21:09:12","slug":"texas-universitet-ville-sensurere-platon-pa-pensum","status":"publish","type":"post","link":"https:\/\/www.europesays.com\/no\/132490\/","title":{"rendered":"Texas-universitet ville sensurere Platon p\u00e5 pensum"},"content":{"rendered":"<p class=\"kicker t14 tm15 align-left mobile_text_align_align-left\" style=\"\">USA<\/p>\n<p>    Den svenske filosofiprofessoren Martin Peterson fikk to valg fra instituttledelsen ved Texas A&amp;M-universitetet: Dropp Platons tekster om kj\u00f8nn og rase, eller undervis i et annet kurs.\u00a0<\/p>\n<p>\n        Platon er ikke s\u00e5 velkommen i Texas. Kopi av Silanions Platon-byste, laget for Akademiet i Athen, til venstre (ca. 310 f.v.t.). Til h\u00f8yre er campusomr\u00e5det til Texas A&amp;M i College Station, Texas.<br \/>\n        Foto: Wikimedia \/ Timothy Hurst\/College Station Eagle via AP, NTB\n    <\/p>\n<p>Den svenske filosofiprofessoren Martin Peterson har i 11 \u00e5r undervist studenter i filosofi ved et av USAs st\u00f8rste universiteter, Texas A&amp;M. Denne uken, i det han holdt p\u00e5 \u00e5 gj\u00f8re seg klar for oppstart av emnet \u00abSamtidens moralske problemer\u00bb, fikk han klar beskjed fra ledelsen ved instituttet sitt.\u00a0<\/p>\n<p>Kort sagt hadde han to valg, fritt oversatt: Enten kunne han tone ned modulene om rase- og kj\u00f8nnsideologi, inkludert Platon-tekstene som diskuterer dette \u2014 eller s\u00e5 kunne han f\u00e5 undervise i et annet emne (hvor undervisningen starter klokken 8:00).\u00a0<\/p>\n<p>Meldingen ble f\u00f8rst delt p\u00e5 Bluesky av lokalavdelingen til fagforeningen AAUP ved Texas A&amp;M, hvor Peterson selv er leder, men saken ble raskt plukket opp av det amerikanske filosofinettstedet <a href=\"https:\/\/dailynous.com\/2026\/01\/06\/texas-am-bans-plato\" data-lab-font_weight=\"font-weight-bold\" class=\"font-weight-bold m-font-weight-bold\" rel=\"nofollow noopener\" target=\"_blank\">Daily Nous<\/a>. Siden har den blitt omtalt verden rundt, blant annet i <a href=\"https:\/\/www.nytimes.com\/2026\/01\/07\/us\/tamu-plato-race-gender.html?fbclid=IwY2xjawPMVCdleHRuA2FlbQIxMABicmlkETFNZE9xbnRTelZlZ0p3dU92c3J0YwZhcHBfaWQQMjIyMDM5MTc4ODIwMDg5MgABHrU4Y92XGm7qmbx5Y82Iz5Tt8M_KVCpQOiVbaxVXWVklWZVIywJYLQHQgkzL_aem_Bi2f1b2Vy9bKv5K1r0HFvg\" data-lab-font_weight=\"font-weight-bold\" class=\"font-weight-bold m-font-weight-bold\" rel=\"nofollow noopener\" target=\"_blank\">The New York Times<\/a> og i svenske <a href=\"https:\/\/www.expressen.se\/nyheter\/varlden\/svenska-filosofen-forbjuds-att-undervisa-om-platon-\/\" data-lab-font_weight=\"font-weight-bold\" class=\"font-weight-bold m-font-weight-bold\" rel=\"nofollow noopener\" target=\"_blank\">Expressen<\/a>.<\/p>\n<p>                <img decoding=\"async\" src=\"https:\/\/www.europesays.com\/no\/wp-content\/uploads\/2026\/01\/1027963.webp.jpeg\" width=\"480\" height=\"226\" title=\"E-post fra Texas A&amp;M-ledelsen viser hvordan filosofiprofessoren f\u00e5r beskjed om \u00e5 endre emnet om rase- og kj\u00f8nnsideologi eller bytte til et annet kurs.\" alt=\"Skjermdump av e-post som beskriver to alternativer for et kurs i filosofi.\" loading=\"lazy\" style=\"\"\/><\/p>\n<p>\n            E-post fra Texas A&amp;M-ledelsen viser hvordan filosofiprofessoren f\u00e5r beskjed om \u00e5 endre emnet om rase- og kj\u00f8nnsideologi eller bytte til et annet kurs.<br \/>\n            Bluesky (skjermdump)\n        <\/p>\n<p>Det er ingen overdrivelse \u00e5 si at filosofimilj\u00f8er stusser over universitetsledelsens avgj\u00f8relse. \u00abHvordan,\u00bb sa Martin Peterson selv i et intervju gjengitt i New York Times, \u00aber det i det hele tatt mulig \u00e5 undervise i filosofi uten tillatelse til \u00e5 diskutere Platon, selv om noen av ideene hans er litt kontroversielle?\u00bb<\/p>\n<p>\u2014 Hva slags universitet er det? Er det virkelig det de vil ha?<\/p>\n<p>\u2014 Helt bisart<\/p>\n<p>Med f\u00e5 dager igjen til semesterstart har ledere ved universitetet bedt de ansatte om \u00e5 sende inn pensumlister og revidert dem i ekspressfart. Det var etter en slik korrespondanse Platon-beskjeden til professor Peterson kom, etter at han hadde sendt inn pensumlisten for\u00a0<a href=\"https:\/\/dailynous.com\/wp-content\/uploads\/2026\/01\/peterson-martin-syllabus-phil-111-s-2026-texas.pdf\" rel=\"nofollow noopener\" target=\"_blank\">emnet sitt i moralfilosofi<\/a>.<\/p>\n<p>                <img decoding=\"async\" src=\"https:\/\/www.europesays.com\/no\/wp-content\/uploads\/2026\/01\/1027980.webp.jpeg\" width=\"480\" height=\"437\" title=\"Martin Peterson er professor i filosofi ved Texas A&amp;M-universitetet.\" alt=\"Mann med sorte briller og dressjakke st\u00e5r ute foran en bygning i solskinn.\" loading=\"lazy\" style=\"\"\/><\/p>\n<p>\n            Martin Peterson er professor i filosofi ved Texas A&amp;M-universitetet.<br \/>\n            Texas A&amp;M\n        <\/p>\n<p>Til Expressen utdyper Peterson:<\/p>\n<p>\u00a0\u2014 Mange av samtidens moralske sp\u00f8rsm\u00e5l er koblet til rase, kj\u00f8nn og seksualitet i USA. Og det f\u00e5r jeg ikke lenger snakke om.<\/p>\n<p>I det aktuelle emnet tar han opp et eksempel fra Platons Symposion (eller Drikkegildet i Athen p\u00e5 norsk, ca. 385 f.v.t.) hvor det diskuteres en mytisk forklaring av kj\u00e6rlighet mellom personer av samme kj\u00f8nn og hvor Platon skriver om ikke-tradisjonelle seksuelle relasjoner.<\/p>\n<p>\u2014 En professor i filosofi f\u00e5r alts\u00e5 ikke snakke om Platon. Man sensurerer Platon. Helt bisart, sier han til den svenske avisen.\u00a0<\/p>\n<p>Universitetet svarte i en uttalelse til <a href=\"https:\/\/www.nytimes.com\/2026\/01\/07\/us\/tamu-plato-race-gender.html\" data-lab-font_weight=\"font-weight-bold\" class=\"font-weight-bold m-font-weight-bold\" rel=\"nofollow noopener\" target=\"_blank\">The New York Times<\/a>\u00a0at Texas A&amp;M\u00a0vil \u00abundervise i en rekke dialoger av Platon i ulike kurs dette semesteret, og vil fortsette \u00e5 gj\u00f8re det i fremtiden.\u00bb Andre, godkjente deler av filosofiemnet til Peterson, \u00abinkluderer verk av Platon, men inneholder ikke moduler om rase- og kj\u00f8nns\u00adideologi,\u00bb\u00a0uttalte universitetet.<\/p>\n<p>        <a itemprop=\"url\" class=\"\" href=\"https:\/\/www.khrono.no\/student-fekk-stryk-etter-bibelske-svar-om-kjonn-sensor-suspendert\/1020606\" data-k5a-url=\"https:\/\/www.khrono.no\/a\/1020606\" rel=\"nofollow noopener\" target=\"_blank\"><\/p>\n<p>USA<\/p>\n<p>            Student fekk stryk etter bibelske svar om kj\u00f8nn. Sensor suspendert<\/p>\n<p>        <\/a><\/p>\n<p>Kontroversiell pensumkontroll<\/p>\n<p>Bakgrunnen for ledelsens beskjed om \u00e5 sende inn pensum, er\u00a0<a href=\"https:\/\/dailynous.com\/2025\/11\/14\/a-mess-at-texas-am\/\" data-lab-font_weight=\"font-weight-bold\" class=\"font-weight-bold m-font-weight-bold\" rel=\"nofollow noopener\" target=\"_blank\">nye retningslinjer<\/a>\u00a0for universitetet som ble innf\u00f8rt i november. Da bestemte universitetsledelsen \u00e5 endre en paragraf i vedtektene om\u00a0<a href=\"https:\/\/www.tamus.edu\/regents\/wp-content\/uploads\/sites\/28\/2025\/11\/Item-4.2-TAMUS-Policies-08.01-and-12.01-Revisions-2ND-REVISED-FINAL.pdf\" data-lab-font_weight=\"font-weight-bold\" class=\"font-weight-bold m-font-weight-bold\" rel=\"nofollow noopener\" target=\"_blank\">\u00abBeskyttelse og etterlevelse av menneskerettigheter\u00bb<\/a>.<\/p>\n<p>I henhold til Texas A&amp;Ms nye retningslinjer skal ingen akademiske emner\u00a0\u00abfremme rase- eller kj\u00f8nns\u00adideologi, eller temaer knyttet til seksuell orientering eller kj\u00f8nnsidentitet, med mindre emnet og det relevante kursmaterialet p\u00e5 forh\u00e5nd er godkjent\u00bb av universitetets administrasjon.<\/p>\n<p>I henhold til bestemmelsene om akademisk frihet i retningslinjene skal heller ingen ansatte gi oppl\u00e6ring \u00abi kursmateriale som er i uoverensstemmelse med det godkjente pensum for emnet\u00bb.<\/p>\n<p>        <a itemprop=\"url\" class=\"\" href=\"https:\/\/www.khrono.no\/texas-rektor-gar-av-etter-krangel-om-kjonn\/1000190\" data-k5a-url=\"https:\/\/www.khrono.no\/a\/1000190\" rel=\"nofollow noopener\" target=\"_blank\"><\/p>\n<p>USA<\/p>\n<p>            Texas-rektor g\u00e5r av etter krangel om kj\u00f8nn<\/p>\n<p>        <\/a><\/p>\n<p>Krangel om kj\u00f8nn og akademisk frihet<\/p>\n<p>Denne endringen av universitetets retningslinjer var kontroversiell. Fagforeningen AAUP var kritisk, og talsperson Rana Jaleel\u00a0uttalte at vedtaket treffer h\u00f8yere utdanning <a href=\"https:\/\/apnews.com\/article\/texas-am-race-gender-university-d2601bbec22273f6c7e6a31aca790775?fbclid=IwY2xjawPMhB5leHRuA2FlbQIxMABicmlkETFNZE9xbnRTelZlZ0p3dU92c3J0YwZhcHBfaWQQMjIyMDM5MTc4ODIwMDg5MgABHv9i60KREioLPWM-jXS3Pl-vsh65Z0iYrEDH88gFWSZUt6NIM4WwXUHFjl-3_aem_6sZxBiCejEoHFn1rUtKP-w\" data-lab-font_weight=\"font-weight-bold\" class=\"font-weight-bold m-font-weight-bold\" rel=\"nofollow noopener\" target=\"_blank\">\u00abmidt i hjertet\u00bb<\/a>, kunnskapsutveksling \u00abuten frykt for gjengjeldelse, uten frykt for sensur.\u00bb<\/p>\n<p>Texas A&amp;M-professor Daniel Braaten (som ikke m\u00e5 forveksles med fotballspilleren med samme navn) kalte vedtaket \u00abet fullstendig \u2026 alvorlig brudd p\u00e5 akademisk frihet.\u00bb\u00a0<\/p>\n<p>Det er ikke f\u00f8rste gang undervisning om \u00abkj\u00f8nns- og raseideologi\u00bb ved universitetene i Texas har f\u00f8rt til krangel. I september fikk en ansatt sparken etter \u00e5 ha undervist i litteratur som refererte til mer enn to kj\u00f8nn. Hun ble varslet p\u00e5 av en student som viste til Donald Trumps presidentordre, skriver <a href=\"https:\/\/www.nytimes.com\/2025\/09\/10\/us\/texas-professor-fired-gender-ideology.html\" data-lab-font_weight=\"font-weight-bold\" class=\"font-weight-bold m-font-weight-bold\" rel=\"nofollow noopener\" target=\"_blank\">The New York Times<\/a>. To personer i lederstillinger p\u00e5 instituttet ble ogs\u00e5 sagt opp.<\/p>\n<p>Saken endte med at rektor ved Texas A&amp;M <a href=\"https:\/\/www.khrono.no\/texas-rektor-gar-av-etter-krangel-om-kjonn\/1000190\" data-lab-font_weight=\"font-weight-bold\" class=\"font-weight-bold m-font-weight-bold\" rel=\"nofollow noopener\" target=\"_blank\">gikk av i slutten av september<\/a>.<\/p>\n<p>        <a itemprop=\"url\" class=\"\" href=\"https:\/\/www.khrono.no\/han-er-norsk-professor-i-usa-og-meir-uroleg-enn-dei-fleste\/1019478\" data-k5a-url=\"https:\/\/www.khrono.no\/a\/1019478\" rel=\"nofollow noopener\" target=\"_blank\"><\/p>\n<p>geopolitikk<\/p>\n<p>            Han er norsk professor i USA \u2014 og meir uroleg enn dei fleste<\/p>\n<p>        <\/a><\/p>\n<p>Universitetene under politisk press<\/p>\n<p>Det politiske presset fra Trump-administrasjonen f\u00f8les av universiteter over hele landet. I Texas har republikanske politikere i den tradisjonelt konservativt styrte delstaten lenge v\u00e6rt kritisk til det de mener er indoktrinering av studenter med\u00a0\u00abkj\u00f8nns- og raseideologi\u00bb.<\/p>\n<p>Men til Expressen sier Martin Peterson at situasjonen har blitt verre etter at Trump kom til makten i januar i fjor.<\/p>\n<p>Han beskriver Texas A&amp;M som et grunnleggende konservativt universitet og forteller at han har kolleger som st\u00f8tter Donald Trump. Den direkte trusselen mot den akademiske friheten kommer mest fra lokale konservative lovmakere i delstaten Texas, mener han.<\/p>\n<p>En av dem, Brian Harrison, som er en republikansk delstatsrepresentant og tidligere student ved Texas A&amp;M, uttalte til <a href=\"https:\/\/www.nytimes.com\/2026\/01\/07\/us\/tamu-plato-race-gender.html\" data-lab-font_weight=\"font-weight-bold\" class=\"font-weight-bold m-font-weight-bold\" rel=\"nofollow noopener\" target=\"_blank\">The New York Times<\/a> denne uken at det \u00e5 hevde at universitetet har forbudt Platon, er \u00abmisvisende og feilaktige p\u00e5stander\u00bb. Kritikernes protester er\u00a0\u00abu\u00e6rlige, uredelige og kyniske\u00bb fors\u00f8k p\u00e5 \u00e5 \u00abbl\u00e5se opp eventuelle reelle eller oppfattede problemer\u00bb, la han til, f\u00f8r han fulgte opp med denne salven:<\/p>\n<p>\u2014 Det vi ser her, er i realiteten bare ytterligere bevis p\u00e5 at det altfor lenge har v\u00e6rt pasientene som har styrt asylene ved offentlige universiteter i Texas.<\/p>\n<p>        <a itemprop=\"url\" class=\"\" href=\"https:\/\/www.khrono.no\/columbia-forsker-i-paris-blir-mott-med-forferdelse-og-sympati-1\/1024221\" data-k5a-url=\"https:\/\/www.khrono.no\/a\/1024221\" rel=\"nofollow noopener\" target=\"_blank\"><\/p>\n<p>USA<\/p>\n<p>            Columbia-forsker i Paris: Blir m\u00f8tt med forferdelse og sympati <\/p>\n<p>        <\/a><\/p>\n<p>Moralen helt til slutt<\/p>\n<p>Og enden p\u00e5 visen? Martin Peterson dropper Platon.<\/p>\n<p>I samr\u00e5d med jurister har han n\u00e5 landet p\u00e5 at han skal revidere emneplanen og erstatte modulene om rase og kj\u00f8nn med undervisning om akademisk frihet og ytringsfrihet.<\/p>\n<p>\u2014 Jeg gj\u00f8r et poeng av at dette emnet har blitt sensurert. Det er jo ogs\u00e5 et samtidig moralsk sp\u00f8rsm\u00e5l, sier han.<\/p>\n<p>        <a itemprop=\"url\" class=\"\" href=\"https:\/\/www.khrono.no\/historikeren-som-gar-igjen-1\/1008524\" data-k5a-url=\"https:\/\/www.khrono.no\/a\/1008524\" rel=\"nofollow noopener\" target=\"_blank\"><\/p>\n<p>USA<\/p>\n<p>            Historikeren som g\u00e5r igjen<\/p>\n<p>        <\/a><\/p>\n","protected":false},"excerpt":{"rendered":"USA Den svenske filosofiprofessoren Martin Peterson fikk to valg fra instituttledelsen ved Texas A&amp;M-universitetet: Dropp Platons tekster om&hellip;\n","protected":false},"author":2,"featured_media":132491,"comment_status":"","ping_status":"","sticky":false,"template":"","format":"standard","meta":{"footnotes":""},"categories":[12],"tags":[20,21,24,25,15,22,23,13,30,28,29,14,16,26,27,42,43,44,45],"class_list":{"0":"post-132490","1":"post","2":"type-post","3":"status-publish","4":"format-standard","5":"has-post-thumbnail","7":"category-verden","8":"tag-breaking-news","9":"tag-breakingnews","10":"tag-featured-news","11":"tag-featurednews","12":"tag-headlines","13":"tag-latest-news","14":"tag-latestnews","15":"tag-news","16":"tag-no","17":"tag-norge","18":"tag-norway","19":"tag-nyheter","20":"tag-overskrifter","21":"tag-top-stories","22":"tag-topstories","23":"tag-verden","24":"tag-world","25":"tag-world-news","26":"tag-worldnews"},"share_on_mastodon":{"url":"https:\/\/pubeurope.com\/@no\/115861531287816699","error":""},"_links":{"self":[{"href":"https:\/\/www.europesays.com\/no\/wp-json\/wp\/v2\/posts\/132490","targetHints":{"allow":["GET"]}}],"collection":[{"href":"https:\/\/www.europesays.com\/no\/wp-json\/wp\/v2\/posts"}],"about":[{"href":"https:\/\/www.europesays.com\/no\/wp-json\/wp\/v2\/types\/post"}],"author":[{"embeddable":true,"href":"https:\/\/www.europesays.com\/no\/wp-json\/wp\/v2\/users\/2"}],"replies":[{"embeddable":true,"href":"https:\/\/www.europesays.com\/no\/wp-json\/wp\/v2\/comments?post=132490"}],"version-history":[{"count":0,"href":"https:\/\/www.europesays.com\/no\/wp-json\/wp\/v2\/posts\/132490\/revisions"}],"wp:featuredmedia":[{"embeddable":true,"href":"https:\/\/www.europesays.com\/no\/wp-json\/wp\/v2\/media\/132491"}],"wp:attachment":[{"href":"https:\/\/www.europesays.com\/no\/wp-json\/wp\/v2\/media?parent=132490"}],"wp:term":[{"taxonomy":"category","embeddable":true,"href":"https:\/\/www.europesays.com\/no\/wp-json\/wp\/v2\/categories?post=132490"},{"taxonomy":"post_tag","embeddable":true,"href":"https:\/\/www.europesays.com\/no\/wp-json\/wp\/v2\/tags?post=132490"}],"curies":[{"name":"wp","href":"https:\/\/api.w.org\/{rel}","templated":true}]}}