{"id":132494,"date":"2026-01-08T21:11:09","date_gmt":"2026-01-08T21:11:09","guid":{"rendered":"https:\/\/www.europesays.com\/no\/132494\/"},"modified":"2026-01-08T21:11:09","modified_gmt":"2026-01-08T21:11:09","slug":"trump-vurderer-a-betale-gronlendere-for-a-bli-amerikanske","status":"publish","type":"post","link":"https:\/\/www.europesays.com\/no\/132494\/","title":{"rendered":"Trump vurderer \u00e5 betale gr\u00f8nlendere for \u00e5 bli amerikanske"},"content":{"rendered":"\n<p class=\"_lead_o9xde_2 _lead_xtcu6_50 layout-component text-serif-m layout-normal text-serif-l layout-component layout-wide layout-padded _wide_17hqh_1 layout-padded\">Bel\u00f8pet kan v\u00e6re opptil 100.000 dollar per person.<\/p>\n<p><img alt=\" Foto: Fredrik Solstad \/ VG\" class=\"_image_qp4xg_65 layout-component layout-wide\" data-fullscreen- data-track-element-type=\"Article image fullscreen\" data-track-name=\"ImageFullscreen\" fetchpriority=\"high\" decoding=\"sync\" loading=\"eager\" height=\"3800\" itemprop=\"image\"  src=\"https:\/\/www.europesays.com\/no\/wp-content\/uploads\/2026\/01\/609492bf-7701-4ed2-bbde-168d008e2131.png\"  style=\"object-position:53.16949483128535% 33.36842105263158%\" width=\"5127\"\/> Foto: Fredrik Solstad \/ VG Oppdatert torsdag 8. januar kl. 21:37     <\/p>\n<p class=\"_paragraph_o9xde_4 _paragraph_xtcu6_10 layout-component text-serif-m layout-normal text-serif-m layout-padded\">Amerikanske myndigheter har diskutert \u00e5 gi engangsutbetalinger til <a href=\"https:\/\/www.vg.no\/tag\/groenland?utm_source=vg-article&amp;utm_medium=auto-tagger&amp;utm_campaign=rrgp2w\" class=\"_link_o9xde_39\" rel=\"nofollow noopener\" target=\"_blank\">Gr\u00f8nlands<\/a> befolkning som ledd i et fors\u00f8k p\u00e5 \u00e5 overbevise \u00f8ya om \u00e5 l\u00f8srive seg fra Danmark og bli en del av USA, if\u00f8lge fire kilder med kjennskap til saken, melder <a href=\"https:\/\/www.reuters.com\/world\/europe\/trump-administration-mulls-payments-sway-greenlanders-join-us-2026-01-08\/?utm_source=braze&amp;utm_medium=notifications&amp;utm_campaign=2025_engagement\" class=\"_link_o9xde_39\" rel=\"nofollow noopener\" target=\"_blank\">Reuters<\/a>.<\/p>\n<p class=\"_paragraph_o9xde_4 _paragraph_xtcu6_10 layout-component text-serif-m layout-normal text-serif-m layout-padded\">Selv om b\u00e5de bel\u00f8p og praktisk gjennomf\u00f8ring er uavklart, har amerikanske tjenestepersoner \u2013 blant dem r\u00e5dgivere i Det hvite hus \u2013 diskutert summer p\u00e5 mellom 10.000 og 100.000 dollar per innbygger, opplyser to av kildene. <\/p>\n<p class=\"_paragraph_o9xde_4 _paragraph_xtcu6_10 layout-component text-serif-m layout-normal text-serif-m layout-padded\">En betaling p\u00e5 100.000 dollar per person ville koste nesten seks milliarder dollar totalt for \u00f8yas 57.000 innbyggere.<\/p>\n<p>Trump: \u2013 Vi trenger Gr\u00f8nland <\/p>\n<p class=\"_paragraph_o9xde_4 _paragraph_xtcu6_10 layout-component text-serif-m layout-normal text-serif-m layout-padded\">Ideen om direkte betalinger til gr\u00f8nlendere er \u00e9n av flere planer Det hvite hus diskuterer for \u00e5 skaffe seg kontroll over \u00f8ya, inkludert potensiell bruk av amerikansk milit\u00e6rmakt. Samtidig advares det mot at en slik tiln\u00e6rming kan fremst\u00e5 som sterkt transaksjonell \u2013 og potensielt nedverdigende \u2013 overfor en befolkning som i lang tid har diskutert egen uavhengighet og sin \u00f8konomiske avhengighet av Danmark.<\/p>\n<p><img alt=\"Trump gjentok sitt \u00f8nske om verdens st\u00f8rste \u00f8y til journalister ombord Air Force One natt til mandag.  Foto: JIM WATSON \/ AFP \/ NTB\" class=\"_image_qp4xg_65 layout-component layout-normal\" data-fullscreen- data-track-element-type=\"Article image fullscreen\" data-track-name=\"ImageFullscreen\" decoding=\"async\" loading=\"lazy\" height=\"5504\" itemprop=\"image\"  src=\"https:\/\/www.europesays.com\/no\/wp-content\/uploads\/2026\/01\/84c4aafe-6772-44b3-ada0-6455644cb731.jpeg\"  style=\"object-position:0% 0%\" width=\"8256\"\/>Trump gjentok sitt \u00f8nske om verdens st\u00f8rste \u00f8y til journalister ombord Air Force One natt til mandag.  Foto: JIM WATSON \/ AFP \/ NTB<\/p>\n<p class=\"_paragraph_o9xde_4 _paragraph_xtcu6_10 layout-component text-serif-m layout-normal text-serif-m layout-padded\">\u2013 Vi trenger Gr\u00f8nland av hensyn til nasjonal sikkerhet, og Danmark kommer ikke til \u00e5 klare det, sa Trump til journalister p\u00e5 Air Force One natt til mandag.<\/p>\n<p><img alt=\"Gr\u00f8nlands statsminister Jens-Frederik Nielsen sammen med Danmarks statsminister Mette Frederiksen.  Foto: Mads Claus Rasmussen \/ AP \/ NTB\" class=\"_image_qp4xg_65 layout-component layout-normal\" data-fullscreen- data-track-element-type=\"Article image fullscreen\" data-track-name=\"ImageFullscreen\" decoding=\"async\" loading=\"lazy\" height=\"4879\" itemprop=\"image\"  src=\"https:\/\/www.europesays.com\/no\/wp-content\/uploads\/2026\/01\/759e33cf-0cf1-44ab-a6e8-9b4cd042b232.jpeg\"  style=\"object-position:41.18048913786036% 48.03238368518139%\" width=\"7319\"\/>Gr\u00f8nlands statsminister Jens-Frederik Nielsen sammen med Danmarks statsminister Mette Frederiksen.  Foto: Mads Claus Rasmussen \/ AP \/ NTB<\/p>\n<p class=\"_paragraph_o9xde_4 _paragraph_xtcu6_10 layout-component text-serif-m layout-normal text-serif-m layout-padded\">Gr\u00f8nlands statsminister Jens-Frederik Nielsen reagerte kraftig p\u00e5 Trumps uttalelser.<\/p>\n<p class=\"_paragraph_o9xde_4 _paragraph_xtcu6_10 layout-component text-serif-m layout-normal text-serif-m layout-padded\">\u2013 Nok er nok &#8230; Ikke flere fantasier om annektering, skrev han p\u00e5 Facebook s\u00f8ndag.<\/p>\n<p class=\"_paragraph_o9xde_4 _paragraph_xtcu6_10 layout-component text-serif-m layout-normal text-serif-m layout-padded\">Tirsdag utstedte Frankrike, Tyskland, Italia, Polen, Spania, Storbritannia og Danmark en felles uttalelse der de sa at kun Gr\u00f8nland og Danmark kan bestemme i saker som ang\u00e5r deres forhold.<\/p>\n<p class=\"_paragraph_o9xde_4 _paragraph_xtcu6_10 layout-component text-serif-m layout-normal text-serif-m layout-padded\">Mens meningsm\u00e5linger viser at et overveldende flertall av gr\u00f8nlendere \u00f8nsker uavhengighet, viser unders\u00f8kelser ogs\u00e5 at de fleste ikke \u00f8nsker \u00e5 bli en del av USA.<\/p>\n","protected":false},"excerpt":{"rendered":"Bel\u00f8pet kan v\u00e6re opptil 100.000 dollar per person. Foto: Fredrik Solstad \/ VG Oppdatert torsdag 8. januar kl.&hellip;\n","protected":false},"author":2,"featured_media":132495,"comment_status":"","ping_status":"","sticky":false,"template":"","format":"standard","meta":{"footnotes":""},"categories":[5],"tags":[20,21,55,24,25,2112,15,19,22,23,17,18,13,30,28,29,14,16,26,27,50,46],"class_list":{"0":"post-132494","1":"post","2":"type-post","3":"status-publish","4":"format-standard","5":"has-post-thumbnail","7":"category-overskrifter","8":"tag-breaking-news","9":"tag-breakingnews","10":"tag-donald-trump","11":"tag-featured-news","12":"tag-featurednews","13":"tag-gronland","14":"tag-headlines","15":"tag-hovedoppslag","16":"tag-latest-news","17":"tag-latestnews","18":"tag-main-news","19":"tag-mainnews","20":"tag-news","21":"tag-no","22":"tag-norge","23":"tag-norway","24":"tag-nyheter","25":"tag-overskrifter","26":"tag-top-stories","27":"tag-topstories","28":"tag-usa","29":"tag-vgai"},"share_on_mastodon":{"url":"https:\/\/pubeurope.com\/@no\/115861538972160197","error":""},"_links":{"self":[{"href":"https:\/\/www.europesays.com\/no\/wp-json\/wp\/v2\/posts\/132494","targetHints":{"allow":["GET"]}}],"collection":[{"href":"https:\/\/www.europesays.com\/no\/wp-json\/wp\/v2\/posts"}],"about":[{"href":"https:\/\/www.europesays.com\/no\/wp-json\/wp\/v2\/types\/post"}],"author":[{"embeddable":true,"href":"https:\/\/www.europesays.com\/no\/wp-json\/wp\/v2\/users\/2"}],"replies":[{"embeddable":true,"href":"https:\/\/www.europesays.com\/no\/wp-json\/wp\/v2\/comments?post=132494"}],"version-history":[{"count":0,"href":"https:\/\/www.europesays.com\/no\/wp-json\/wp\/v2\/posts\/132494\/revisions"}],"wp:featuredmedia":[{"embeddable":true,"href":"https:\/\/www.europesays.com\/no\/wp-json\/wp\/v2\/media\/132495"}],"wp:attachment":[{"href":"https:\/\/www.europesays.com\/no\/wp-json\/wp\/v2\/media?parent=132494"}],"wp:term":[{"taxonomy":"category","embeddable":true,"href":"https:\/\/www.europesays.com\/no\/wp-json\/wp\/v2\/categories?post=132494"},{"taxonomy":"post_tag","embeddable":true,"href":"https:\/\/www.europesays.com\/no\/wp-json\/wp\/v2\/tags?post=132494"}],"curies":[{"name":"wp","href":"https:\/\/api.w.org\/{rel}","templated":true}]}}