{"id":132498,"date":"2026-01-08T21:16:17","date_gmt":"2026-01-08T21:16:17","guid":{"rendered":"https:\/\/www.europesays.com\/no\/132498\/"},"modified":"2026-01-08T21:16:17","modified_gmt":"2026-01-08T21:16:17","slug":"svensk-kolstad-stjerne-til-sykehus-i-em-generalproven-fikk-ball-i-ansiktet","status":"publish","type":"post","link":"https:\/\/www.europesays.com\/no\/132498\/","title":{"rendered":"Svensk Kolstad-stjerne til sykehus i EM-generalpr\u00f8ven \u2013 fikk ball i ansiktet"},"content":{"rendered":"<p>Palicka, som signerte for Kolstad f\u00f8r denne sesongen, kom inn etter pause i onsdagens kamp mot Brasil.<\/p>\n<p> Fem minutter senere sto han i veien for et skudd og ble truffet i ansiktet. <a href=\"https:\/\/www.aftonbladet.se\/sportbladet\/a\/rrABp8\/blodigt-em-genrep-for-andreas-palicka\" rel=\"noopener nofollow\" target=\"_blank\">Aftonbladet<\/a> skriver at m\u00e5lvakten bl\u00f8dde mye f\u00f8r han gikk i garderoben. Der ble det besluttet at han skulle til sykehus.<\/p>\n<p>\u2013 Det er en liten bekymring s\u00e5 klart, sa landslagssjef Michael Apelgren etter kampen.<\/p>\n<p>Ogs\u00e5 Albin Lagergren fikk problemer i kampen. Han s\u00e5 ut til \u00e5 ha tr\u00f8bbel med en fot, skriver Aftonbladet.<\/p>\n<p>Sverige vant kampen i G\u00f6teborg 33-24.<\/p>\n<p>Sverige er en medaljekandidat i EM p\u00e5 hjemmebane senere i januar. Svenskene skal m\u00f8te Kroatia, Nederland og Georgia i puljespillet i Malm\u00f6. F\u00f8rste kamp mot Nederland spilles l\u00f8rdag.<\/p>\n","protected":false},"excerpt":{"rendered":"Palicka, som signerte for Kolstad f\u00f8r denne sesongen, kom inn etter pause i onsdagens kamp mot Brasil. Fem&hellip;\n","protected":false},"author":2,"featured_media":132499,"comment_status":"","ping_status":"","sticky":false,"template":"","format":"standard","meta":{"footnotes":""},"categories":[12],"tags":[20,21,24,25,15,22,23,13,30,28,29,14,16,26,27,42,43,44,45],"class_list":{"0":"post-132498","1":"post","2":"type-post","3":"status-publish","4":"format-standard","5":"has-post-thumbnail","7":"category-verden","8":"tag-breaking-news","9":"tag-breakingnews","10":"tag-featured-news","11":"tag-featurednews","12":"tag-headlines","13":"tag-latest-news","14":"tag-latestnews","15":"tag-news","16":"tag-no","17":"tag-norge","18":"tag-norway","19":"tag-nyheter","20":"tag-overskrifter","21":"tag-top-stories","22":"tag-topstories","23":"tag-verden","24":"tag-world","25":"tag-world-news","26":"tag-worldnews"},"share_on_mastodon":{"url":"https:\/\/pubeurope.com\/@no\/115861558742450432","error":""},"_links":{"self":[{"href":"https:\/\/www.europesays.com\/no\/wp-json\/wp\/v2\/posts\/132498","targetHints":{"allow":["GET"]}}],"collection":[{"href":"https:\/\/www.europesays.com\/no\/wp-json\/wp\/v2\/posts"}],"about":[{"href":"https:\/\/www.europesays.com\/no\/wp-json\/wp\/v2\/types\/post"}],"author":[{"embeddable":true,"href":"https:\/\/www.europesays.com\/no\/wp-json\/wp\/v2\/users\/2"}],"replies":[{"embeddable":true,"href":"https:\/\/www.europesays.com\/no\/wp-json\/wp\/v2\/comments?post=132498"}],"version-history":[{"count":0,"href":"https:\/\/www.europesays.com\/no\/wp-json\/wp\/v2\/posts\/132498\/revisions"}],"wp:featuredmedia":[{"embeddable":true,"href":"https:\/\/www.europesays.com\/no\/wp-json\/wp\/v2\/media\/132499"}],"wp:attachment":[{"href":"https:\/\/www.europesays.com\/no\/wp-json\/wp\/v2\/media?parent=132498"}],"wp:term":[{"taxonomy":"category","embeddable":true,"href":"https:\/\/www.europesays.com\/no\/wp-json\/wp\/v2\/categories?post=132498"},{"taxonomy":"post_tag","embeddable":true,"href":"https:\/\/www.europesays.com\/no\/wp-json\/wp\/v2\/tags?post=132498"}],"curies":[{"name":"wp","href":"https:\/\/api.w.org\/{rel}","templated":true}]}}