{"id":132505,"date":"2026-01-08T21:23:09","date_gmt":"2026-01-08T21:23:09","guid":{"rendered":"https:\/\/www.europesays.com\/no\/132505\/"},"modified":"2026-01-08T21:23:09","modified_gmt":"2026-01-08T21:23:09","slug":"debatten-utenriks-advarte-i-debatten-stormakter-kan-bruke-militaermakt-mot-oss","status":"publish","type":"post","link":"https:\/\/www.europesays.com\/no\/132505\/","title":{"rendered":"Debatten, Utenriks | Advarte i \u00abDebatten\u00bb: \u2013 Stormakter kan bruke milit\u00e6rmakt mot oss"},"content":{"rendered":"\n<p>\u00c5rets f\u00f8rste Debatten-sending hos NRK handlet om den geopolitiske situasjonen Norge st\u00e5r i, s\u00e6rlig i lys av USAs uttrykte \u00f8nske om \u00e5 tilegne seg Gr\u00f8nland, som i dag ligger under Danmark.<\/p>\n<p>\u2013 Jeg frykter at Norge kommer i skvis mellom stormaktene, sa folkerettsekspert Cecilie Hellestveit under sendingen.<\/p>\n<p>\u2013 Det kan bety at vi presses til \u00e5 gi fra oss landomr\u00e5der, blir ofre for hybridkrig eller i verste fall at en eller flere stormakter bruker milit\u00e6rmakt mot Norge for \u00e5 utfordre andre stormakter og balansen rundt det. I klartekst vil det siste bety krig eller okkupasjon, og jeg frykter at Norge ikke er forberedt p\u00e5 det.<\/p>\n<p>   <img decoding=\"async\" width=\"2096\" height=\"1179\" fetchpriority=\"low\"  loading=\"lazy\"  src=\"https:\/\/www.europesays.com\/no\/wp-content\/uploads\/2026\/01\/IMG_6046.jpg\" alt=\"\" class=\"brick-c-cFOWSL\" style=\"--brick-image-ratio: 2096 \/ 1179;\"\/><\/p>\n<p>      ADVARER: Cecilie Hellestveit, jurist og samfunnsviter ved Folkerettsinstituttet, mener Norge kan bli rammet et stormaktsspill. Skjermdump: NRK TV<\/p>\n<p><b>Les ogs\u00e5: <\/b><a class=\"simple-relation related-teaser article--c-eRUmMG article--c-eRUmMG-fZoQSp-design-nettavisen article--c-eRUmMG-gwthdJ-cv\" href=\"https:\/\/www.nettavisen.no\/trump-kan-bli-et-valg-mellom-gronland-eller-nato\/s\/5-95-2815534\" rel=\"nofollow noopener\" target=\"_blank\">Trump: \u2013 Kan bli et valg mellom Gr\u00f8nland eller Nato<\/a><\/p>\n<p>\u2013 Det hvite hus er beruset av makt<\/p>\n<p>Tidligere statsminister i Sverige, Carl Bildt, dukket ogs\u00e5 opp p\u00e5 skjermen i sesongpremieren.<\/p>\n<p>\u2013 Vi har aldri sett noe lignende tidligere, n\u00e5r USA ikke utelukker milit\u00e6r vold mot en alliert. Omtrent alle europeisk statsledere g\u00e5r og ut sier statene imot, det har aldri skjedd f\u00f8r. Vi har allerede en krise, sa han og la til:<\/p>\n<p>\u2013 Det hvite hus er beruset av den r\u00e5 maktas muligheter. Jeg tror vi vil se dem utnytte den r\u00e5 maktas mulighetene i \u00e5r for \u00e5 f\u00e5 til en l\u00f8sning p\u00e5 Gr\u00f8nland.<\/p>\n<p>Bildt mener Europa m\u00e5 sta sterkere opp for sine prinsipper.<\/p>\n<p><b>Les ogs\u00e5:<\/b> <a class=\"simple-relation related-teaser article--c-eRUmMG article--c-eRUmMG-fZoQSp-design-nettavisen article--c-eRUmMG-gwthdJ-cv\" href=\"https:\/\/www.nettavisen.no\/advarer-usa-kan-bruke-ra-makt-innen-seks-maneder\/s\/5-95-2810192\" rel=\"nofollow noopener\" target=\"_blank\">Advarer: USA kan bruke r\u00e5 makt innen seks m\u00e5neder<\/a><\/p>\n<p>Kjenner ikke p\u00e5 frykt<\/p>\n<p>Utenriksminister Espen Barth Eide blir spurt om han kjenner p\u00e5 frykt p\u00e5 Norges vegne, noe han avkreftet.<\/p>\n<p>\u2013 Nei, men vi sier jo at vi lever i den mest alvorlige sikkerhetspolitiske situasjonen p\u00e5 80 \u00e5r. For det f\u00f8rste fordi det er krig i Europa. Ogs\u00e5 fordi de grunnleggende kj\u00f8rereglene i internasjonal rett blir utfordret, b\u00e5de i \u00f8st og vest. Til sammen betyr det at vi lever i en farligere verden enn vi vokste opp i.<\/p>\n<p>\u2013 Men er det ikke da grunn til \u00e5 v\u00e6re redd?<\/p>\n<p>\u2013 Det er grunn til \u00e5 v\u00e6re forberedt, svarte Barth Eide og sier at forsvaret og den sivile beredskapen styrkes.<\/p>\n<p><b>Henrik Heldahl: <\/b><a class=\"simple-relation related-teaser article--c-eRUmMG article--c-eRUmMG-fZoQSp-design-nettavisen article--c-eRUmMG-gwthdJ-cv\" href=\"https:\/\/www.nettavisen.no\/trump-er-i-ferd-med-a-ta-rotta-pa-putin-og-xi\/o\/5-95-2813744\" rel=\"nofollow noopener\" target=\"_blank\">Trump er i ferd med \u00e5 ta rotta p\u00e5 Putin og Xi<\/a><\/p>\n<p>   <img decoding=\"async\" width=\"2096\" height=\"1179\" fetchpriority=\"low\"  loading=\"lazy\"  src=\"https:\/\/www.europesays.com\/no\/wp-content\/uploads\/2026\/01\/IMG_6047.jpg\" alt=\"\" class=\"brick-c-cFOWSL\" style=\"--brick-image-ratio: 2096 \/ 1179;\"\/><\/p>\n<p>      UTENRIKSMINISTER: Espen Barth Eide p\u00e5 Debatten 8. januar 2026. Skjermdump: NRK TV<\/p>\n<p>  \u2013 Norge er utsatt<\/p>\n<p>Hellestveit forklarer situasjonen Norge st\u00e5r i:<\/p>\n<p>\u2013 Norge ligger i en utsatt posisjon. Vi er koblet til EU, men ikke en del av EU. Vi har en \u00f8konomisk avhengighet til den \u00f8konomiske stormakten EU, og ligger med en grense til en del av Russland som de er vel opptatt av milit\u00e6rt, og vi er veldig avhengige av kinesisk teknologi, sa hun og la til:<\/p>\n<p>\u2013 I tillegg s\u00e5 har vi USA, som er stormakt p\u00e5 alle disse omr\u00e5dene. Men vi er p\u00e5 en m\u00e5te imellom alle, og det eksponerer oss.<\/p>\n<p>Hun mener Norge m\u00e5 tenke strategisk p\u00e5 m\u00e5ter vi ikke er vant til.<\/p>\n<p>\u2013 Og da m\u00e5 vi tenker p\u00e5 hvem kommer til \u00e5 v\u00e6re v\u00e5re aller n\u00e6rmeste i alle situasjoner, og de m\u00e5 telle mest. Da m\u00e5 vi tenke p\u00e5 en annen m\u00e5te politisk, infrastrukturmessig milit\u00e6rt enn vi er vant til.<\/p>\n","protected":false},"excerpt":{"rendered":"\u00c5rets f\u00f8rste Debatten-sending hos NRK handlet om den geopolitiske situasjonen Norge st\u00e5r i, s\u00e6rlig i lys av USAs&hellip;\n","protected":false},"author":2,"featured_media":126660,"comment_status":"","ping_status":"","sticky":false,"template":"","format":"standard","meta":{"footnotes":""},"categories":[12],"tags":[20,21,24,25,15,22,23,13,30,28,29,14,16,26,27,42,43,44,45],"class_list":{"0":"post-132505","1":"post","2":"type-post","3":"status-publish","4":"format-standard","5":"has-post-thumbnail","7":"category-verden","8":"tag-breaking-news","9":"tag-breakingnews","10":"tag-featured-news","11":"tag-featurednews","12":"tag-headlines","13":"tag-latest-news","14":"tag-latestnews","15":"tag-news","16":"tag-no","17":"tag-norge","18":"tag-norway","19":"tag-nyheter","20":"tag-overskrifter","21":"tag-top-stories","22":"tag-topstories","23":"tag-verden","24":"tag-world","25":"tag-world-news","26":"tag-worldnews"},"share_on_mastodon":{"url":"https:\/\/pubeurope.com\/@no\/115861586137797943","error":""},"_links":{"self":[{"href":"https:\/\/www.europesays.com\/no\/wp-json\/wp\/v2\/posts\/132505","targetHints":{"allow":["GET"]}}],"collection":[{"href":"https:\/\/www.europesays.com\/no\/wp-json\/wp\/v2\/posts"}],"about":[{"href":"https:\/\/www.europesays.com\/no\/wp-json\/wp\/v2\/types\/post"}],"author":[{"embeddable":true,"href":"https:\/\/www.europesays.com\/no\/wp-json\/wp\/v2\/users\/2"}],"replies":[{"embeddable":true,"href":"https:\/\/www.europesays.com\/no\/wp-json\/wp\/v2\/comments?post=132505"}],"version-history":[{"count":0,"href":"https:\/\/www.europesays.com\/no\/wp-json\/wp\/v2\/posts\/132505\/revisions"}],"wp:featuredmedia":[{"embeddable":true,"href":"https:\/\/www.europesays.com\/no\/wp-json\/wp\/v2\/media\/126660"}],"wp:attachment":[{"href":"https:\/\/www.europesays.com\/no\/wp-json\/wp\/v2\/media?parent=132505"}],"wp:term":[{"taxonomy":"category","embeddable":true,"href":"https:\/\/www.europesays.com\/no\/wp-json\/wp\/v2\/categories?post=132505"},{"taxonomy":"post_tag","embeddable":true,"href":"https:\/\/www.europesays.com\/no\/wp-json\/wp\/v2\/tags?post=132505"}],"curies":[{"name":"wp","href":"https:\/\/api.w.org\/{rel}","templated":true}]}}