{"id":132506,"date":"2026-01-08T21:25:12","date_gmt":"2026-01-08T21:25:12","guid":{"rendered":"https:\/\/www.europesays.com\/no\/132506\/"},"modified":"2026-01-08T21:25:12","modified_gmt":"2026-01-08T21:25:12","slug":"handballstjerner-med-erkjennelse-tv2-no","status":"publish","type":"post","link":"https:\/\/www.europesays.com\/no\/132506\/","title":{"rendered":"H\u00e5ndballstjerner med erkjennelse &#8211; TV2.no"},"content":{"rendered":"<ol>\n<li><a href=\"https:\/\/news.google.com\/rss\/articles\/CBMidkFVX3lxTE5aZktvSE9PM1YxbnEtR2hpemtJdkNVVWNkUWtISVVXeDB3WjFiVmFJaFpHWFliODR2ODl5aUZ1U1RYX3FYVGg0bjBxM0NnYjh3MXl6MFZUa0pTdmJubERJX0NLVTB0TkhHOGk5VGZhWWFNUUZfRXc?oc=5\" target=\"_blank\" rel=\"nofollow noopener\">H\u00e5ndballstjerner med erkjennelse<\/a>&nbsp;&nbsp;TV2.no<\/li>\n<li><a href=\"https:\/\/news.google.com\/rss\/articles\/CBMiigFBVV95cUxNc2ktZEVvM25Wc2pjWWdyTldCVi02VndDTVIxLVB6NXF0emRSRmlOcUUzR0FpQ1NUaTJJOWY1YzVveEJNUFFBVTNmRlAyOFg3MV80N2t2ZW1pdXZLdnpnUGN0UTVRZXBmMUFsRW9QSU5FY1pjLVVfLXIwWm1UeUU3NXd0YnA5Zk8wVmc?oc=5\" target=\"_blank\" rel=\"nofollow noopener\">Falt sammen \u00e9n uke f\u00f8r EM: \u2013\u2060 Fra himmel til helvete<\/a>&nbsp;&nbsp;VG<\/li>\n<li><a href=\"https:\/\/news.google.com\/rss\/articles\/CBMibkFVX3lxTE1jOWM2THNFQ3AzcWhhV2Jqd2JqNzJ1MXNvX0dldS1wenQwWnZHREVtZ0pHcXMtUGk3elVDLWs3X3F5Z0JPdURJZjNrSm9nZWdKMzAydGljNGlhQ3A4MjdqOW5OZUlhb1REaDhYYWRn?oc=5\" target=\"_blank\" rel=\"nofollow noopener\">&#8211; Nesten ikke til \u00e5 tro<\/a>&nbsp;&nbsp;Dagbladet<\/li>\n<li><a href=\"https:\/\/news.google.com\/rss\/articles\/CBMijwFBVV95cUxPX05pUUpibDhjSHBiejZiZTBySkVtZDl4dVZvb3poRlA0VlYtMTVNaTRPaVJCX3UyVmFUTmFvdVlyT18zZ3lhdW4ySEwyWUVHSUhHNENFaXlNWlF5TWRnRUZiV1R2NG13NUVFRlJ4NVZGWVNacF9tdWs5TnhPdHY5eFZnZmkwM0IxWTEtRHhHOA?oc=5\" target=\"_blank\" rel=\"nofollow noopener\">Sportsstudio &#8211; Norge raknet etter pause: \u2013 Nesten ikke til \u00e5 tro<\/a>&nbsp;&nbsp;Stavanger Aftenblad<\/li>\n<li><a href=\"https:\/\/news.google.com\/rss\/articles\/CBMiggFBVV95cUxPRWpzTUptSnJ0em9fVWc4bEoxYVNhWVZEOE5rMnFtVW90dk1vMTU0TEpsSFhIeENKNmJkOWhpTV9hUE43bjZWYU15QmlHS1dIelJXM3hpQVEyUlZBMldsa1h3RDVqUEF2d1Y2ZkhxN01BdFRwZDBfZlpZdHAtbDlkbTNR?oc=5\" target=\"_blank\" rel=\"nofollow noopener\">Klare for Golden League &#8211; deretter EM<\/a>&nbsp;&nbsp;Norges H\u00e5ndballforbund | handball.no<\/li>\n<\/ol>\n","protected":false},"excerpt":{"rendered":"H\u00e5ndballstjerner med erkjennelse&nbsp;&nbsp;TV2.no Falt sammen \u00e9n uke f\u00f8r EM: \u2013\u2060 Fra himmel til helvete&nbsp;&nbsp;VG &#8211; Nesten ikke til&hellip;\n","protected":false},"author":2,"featured_media":132507,"comment_status":"","ping_status":"","sticky":false,"template":"","format":"standard","meta":{"footnotes":""},"categories":[5],"tags":[20,21,24,25,15,19,22,23,17,18,13,30,28,29,14,16,26,27],"class_list":{"0":"post-132506","1":"post","2":"type-post","3":"status-publish","4":"format-standard","5":"has-post-thumbnail","7":"category-overskrifter","8":"tag-breaking-news","9":"tag-breakingnews","10":"tag-featured-news","11":"tag-featurednews","12":"tag-headlines","13":"tag-hovedoppslag","14":"tag-latest-news","15":"tag-latestnews","16":"tag-main-news","17":"tag-mainnews","18":"tag-news","19":"tag-no","20":"tag-norge","21":"tag-norway","22":"tag-nyheter","23":"tag-overskrifter","24":"tag-top-stories","25":"tag-topstories"},"share_on_mastodon":{"url":"https:\/\/pubeurope.com\/@no\/115861593982331168","error":""},"_links":{"self":[{"href":"https:\/\/www.europesays.com\/no\/wp-json\/wp\/v2\/posts\/132506","targetHints":{"allow":["GET"]}}],"collection":[{"href":"https:\/\/www.europesays.com\/no\/wp-json\/wp\/v2\/posts"}],"about":[{"href":"https:\/\/www.europesays.com\/no\/wp-json\/wp\/v2\/types\/post"}],"author":[{"embeddable":true,"href":"https:\/\/www.europesays.com\/no\/wp-json\/wp\/v2\/users\/2"}],"replies":[{"embeddable":true,"href":"https:\/\/www.europesays.com\/no\/wp-json\/wp\/v2\/comments?post=132506"}],"version-history":[{"count":0,"href":"https:\/\/www.europesays.com\/no\/wp-json\/wp\/v2\/posts\/132506\/revisions"}],"wp:featuredmedia":[{"embeddable":true,"href":"https:\/\/www.europesays.com\/no\/wp-json\/wp\/v2\/media\/132507"}],"wp:attachment":[{"href":"https:\/\/www.europesays.com\/no\/wp-json\/wp\/v2\/media?parent=132506"}],"wp:term":[{"taxonomy":"category","embeddable":true,"href":"https:\/\/www.europesays.com\/no\/wp-json\/wp\/v2\/categories?post=132506"},{"taxonomy":"post_tag","embeddable":true,"href":"https:\/\/www.europesays.com\/no\/wp-json\/wp\/v2\/tags?post=132506"}],"curies":[{"name":"wp","href":"https:\/\/api.w.org\/{rel}","templated":true}]}}