{"id":132508,"date":"2026-01-08T21:32:14","date_gmt":"2026-01-08T21:32:14","guid":{"rendered":"https:\/\/www.europesays.com\/no\/132508\/"},"modified":"2026-01-08T21:32:14","modified_gmt":"2026-01-08T21:32:14","slug":"aftenposten-avpubliserer-innlegg-etter-tvil-om-identitet","status":"publish","type":"post","link":"https:\/\/www.europesays.com\/no\/132508\/","title":{"rendered":"Aftenposten avpubliserer innlegg etter tvil om identitet"},"content":{"rendered":"<p>    Flere har reagert p\u00e5 debattinnlegg.<\/p>\n<p>\n        Aftenposten har tatt ned et debattinnlegg der bylinebildet var bildet til venstre. Tilsynelatende originalbilde til h\u00f8yre.<br \/>\n        Skjermdump. Montasje\n    <\/p>\n<p>Aftenposten har avpublisert et debattinnlegg som opprinnelig ble publisert onsdag kveld 7. januar, opplyser debattredakt\u00f8r Erik Tornes til Journalisten.<\/p>\n<p class=\"font-weight-bold m-font-weight-bold\" data-lab-font_weight=\"font-weight-bold\">\u2013\u00a0Det er den siste timen kommet informasjon som gj\u00f8r at vi ikke lenger har kontroll p\u00e5 opplysningene, skriver Tornes torsdag ettermiddag.<\/p>\n<p class=\"font-weight-normal m-font-weight-normal\" data-lab-font_weight=\"font-weight-normal\">Da Journalisten f\u00f8rst tok kontakt en time tidligere med sp\u00f8rsm\u00e5l om Aftenposten var trygg p\u00e5 forfatterens identitet, da i lys av flere \u00e5penbart manipulerte bilder p\u00e5 en Facebook-profil under navnet, var beskjeden at redaksjonen hadde v\u00e6rt i kontakt med ham, men at de n\u00e5 skulle sjekke videre.<\/p>\n<p>Innleggsforfatteren opplyser \u00e5 v\u00e6re en j\u00f8disk forretningsmann, og kommenterer i innlegget debatten som har fulgt\u00a0et nylig <a href=\"https:\/\/www.aftenposten.no\/meninger\/debatt\/i\/8pmm5G\/asle-toje-vil-norge-overleve-det-som-kommer\" rel=\"nofollow noopener\" target=\"_blank\">innlegg fra\u00a0Asle Toje<\/a>.<\/p>\n<p>Torsdag mottok Journalisten flere tips om innlegget, f\u00f8rst og fremst knyttet til navnet og bildet p\u00e5 innleggsforfatteren. Diskusjonen om innlegget gikk ogs\u00e5 p\u00e5 <a href=\"https:\/\/www.reddit.com\/r\/norge\/comments\/1q7aewv\/falsk_person_med_debattinnlegg_i_aftenposten\/\" rel=\"nofollow noopener\" target=\"_blank\">nettsamfunnet Reddit <\/a>i l\u00f8pet av torsdagen.<\/p>\n<p>S\u00e5 vidt Journalisten kan finne, er byline-bildet som ble brukt i det n\u00e5 avpubliserte innlegget manipulert, og\u00a0viser\u00a0opprinnelig\u00a0USAs tidligere utenriksminister Mike Pompeo.<\/p>\n<p>Til <a href=\"https:\/\/www.aftenposten.no\/norge\/i\/16nQ1G\/aftenposten-ble-lurt-publiserte-leserinnlegg-av-falsk-person\" rel=\"nofollow noopener\" target=\"_blank\">egen avis<\/a> opplyser Tornes at de\u00a0fikk tilsendt innlegget p\u00e5 e-post og var i kontakt med innsender f\u00f8r publisering, ogs\u00e5 dette over e-post.<\/p>\n<p>Tornes skal senere ha fors\u00f8kt \u00e5 komme i kontakt med personen p\u00e5 e-post og messenger, uten \u00e5 f\u00e5 svar.<\/p>\n<p>Debattredakt\u00f8ren forteller at Aftenposten har v\u00e6rt i kontakt med flere som er venner med ham p\u00e5 Facebook.<\/p>\n<p>\u2013 De vi har kontaktet, kjenner ham ikke, og sier at de er blitt venner med ham for flere \u00e5r siden, sier Tornes i Aftenposten-artikkelen.<\/p>\n<p>P\u00e5 Facebook oppgir personen \u00e5 v\u00e6re bosatt i Z\u00fcrich og komme fra Tel Aviv, men mange innlegg er p\u00e5 norsk og handler om norske forhold. Facebook-profilen har for eksempel ved flere anledninger deltatt i diskusjoner om den norske fotballklubben Lyn.<\/p>\n<p>Journalisten har hittil ikke f\u00e5tt respons fra profilen via LinkedIn-melding, eller p\u00e5 henvendelse til det israelske eventbyr\u00e5et der personen hevder \u00e5 v\u00e6re administrerende direkt\u00f8r.<\/p>\n<p>                <img decoding=\"async\" src=\"https:\/\/www.europesays.com\/no\/wp-content\/uploads\/2026\/01\/661772.webp.jpeg\" width=\"480\" height=\"356\" title=\"Bildet som skal vise forfatteren av et innlegg publisert hos Aftenposten...\" alt=\"\" loading=\"lazy\" style=\"\"\/><\/p>\n<p>\n            Bildet som skal vise forfatteren av et innlegg publisert hos Aftenposten&#8230;<br \/>\n            Skjermdump\n        <\/p>\n<p>                <img decoding=\"async\" src=\"https:\/\/www.europesays.com\/no\/wp-content\/uploads\/2026\/01\/661774.webp.jpeg\" width=\"480\" height=\"255\" title=\"...har klare likheter med et bilde fra traileren til en dokumentarfilm der Mike Pompeo deltar.\" alt=\"\" loading=\"lazy\" style=\"\"\/><\/p>\n<p>\n            &#8230;har klare likheter med et bilde fra traileren til en dokumentarfilm der Mike Pompeo deltar.<br \/>\n            Skjermdump\n        <\/p>\n","protected":false},"excerpt":{"rendered":"Flere har reagert p\u00e5 debattinnlegg. Aftenposten har tatt ned et debattinnlegg der bylinebildet var bildet til venstre. Tilsynelatende&hellip;\n","protected":false},"author":2,"featured_media":132509,"comment_status":"","ping_status":"","sticky":false,"template":"","format":"standard","meta":{"footnotes":""},"categories":[5],"tags":[20,21,24,25,15,19,22,23,17,18,13,30,28,29,14,16,26,27],"class_list":{"0":"post-132508","1":"post","2":"type-post","3":"status-publish","4":"format-standard","5":"has-post-thumbnail","7":"category-overskrifter","8":"tag-breaking-news","9":"tag-breakingnews","10":"tag-featured-news","11":"tag-featurednews","12":"tag-headlines","13":"tag-hovedoppslag","14":"tag-latest-news","15":"tag-latestnews","16":"tag-main-news","17":"tag-mainnews","18":"tag-news","19":"tag-no","20":"tag-norge","21":"tag-norway","22":"tag-nyheter","23":"tag-overskrifter","24":"tag-top-stories","25":"tag-topstories"},"share_on_mastodon":{"url":"https:\/\/pubeurope.com\/@no\/115861621488283947","error":""},"_links":{"self":[{"href":"https:\/\/www.europesays.com\/no\/wp-json\/wp\/v2\/posts\/132508","targetHints":{"allow":["GET"]}}],"collection":[{"href":"https:\/\/www.europesays.com\/no\/wp-json\/wp\/v2\/posts"}],"about":[{"href":"https:\/\/www.europesays.com\/no\/wp-json\/wp\/v2\/types\/post"}],"author":[{"embeddable":true,"href":"https:\/\/www.europesays.com\/no\/wp-json\/wp\/v2\/users\/2"}],"replies":[{"embeddable":true,"href":"https:\/\/www.europesays.com\/no\/wp-json\/wp\/v2\/comments?post=132508"}],"version-history":[{"count":0,"href":"https:\/\/www.europesays.com\/no\/wp-json\/wp\/v2\/posts\/132508\/revisions"}],"wp:featuredmedia":[{"embeddable":true,"href":"https:\/\/www.europesays.com\/no\/wp-json\/wp\/v2\/media\/132509"}],"wp:attachment":[{"href":"https:\/\/www.europesays.com\/no\/wp-json\/wp\/v2\/media?parent=132508"}],"wp:term":[{"taxonomy":"category","embeddable":true,"href":"https:\/\/www.europesays.com\/no\/wp-json\/wp\/v2\/categories?post=132508"},{"taxonomy":"post_tag","embeddable":true,"href":"https:\/\/www.europesays.com\/no\/wp-json\/wp\/v2\/tags?post=132508"}],"curies":[{"name":"wp","href":"https:\/\/api.w.org\/{rel}","templated":true}]}}