{"id":132510,"date":"2026-01-08T21:39:22","date_gmt":"2026-01-08T21:39:22","guid":{"rendered":"https:\/\/www.europesays.com\/no\/132510\/"},"modified":"2026-01-08T21:39:22","modified_gmt":"2026-01-08T21:39:22","slug":"fotballegenden-age-hareide-bisettes-i-molde-domkirke","status":"publish","type":"post","link":"https:\/\/www.europesays.com\/no\/132510\/","title":{"rendered":"Fotballegenden \u00c5ge Hareide bisettes i Molde domkirke"},"content":{"rendered":"\n<p class=\"_paragraph_o9xde_4 _paragraph_xtcu6_10 layout-component text-serif-m layout-normal text-serif-m layout-padded\">Den mange\u00e5rige fotballtreneren ble bisatt i Moldes domkirke torsdag. <a href=\"https:\/\/tv.vg.no\/video\/351809\/se-na-age-hareides-bisettelse-fra-molde-domkirke\" class=\"_link_o9xde_39\" rel=\"nofollow noopener\" target=\"_blank\">Her kan du se bisettelsen.<\/a><\/p>\n<p class=\"_paragraph_o9xde_4 _paragraph_xtcu6_10 layout-component text-serif-m layout-normal text-serif-m layout-padded\">Det var en kjendistung gruppe mennesker fra inn- og utland som tok plass i Molde. <\/p>\n<p class=\"_paragraph_o9xde_4 _paragraph_xtcu6_10 layout-component text-serif-m layout-normal text-serif-m layout-padded\">Kjell Magne Bondevik, Magne Hoseth, Eirik Bakke, Arild Stavrum, Morten Gamst Pedersen, Steffen Iversen, Jan Gunnar Solli, Vidar Riseth, Roar Strand, Rune Bratseth, Brede Hangeland, John Carew, Bj\u00f8rn Helge Riise og John Arne Riise var noen navnene som var p\u00e5 plass. <\/p>\n<p class=\"_paragraph_o9xde_4 _paragraph_xtcu6_10 layout-component text-serif-m layout-normal text-serif-m layout-padded\">Den danske fotballstjernen Christian Eriksen kom sammen med Jens Stryger Larsen og tidligere landslagskaptein Simon Kj\u00e6r, som alle spilte for Danmark under Hareide. <\/p>\n<p class=\"_paragraph_o9xde_4 _paragraph_xtcu6_10 layout-component text-serif-m layout-normal text-serif-m layout-padded\">Hareides tidligere assistent Jon Dahl Tomasson deltok ogs\u00e5. <\/p>\n<p class=\"_paragraph_o9xde_4 _paragraph_xtcu6_10 layout-component text-serif-m layout-normal text-serif-m layout-padded\">\u2013 Jeg h\u00e5per det blir en fin og verdig avskjed for en mann som har betydd mye for meg, men ogs\u00e5 for mange andre, sier Christian Eriksen til VG. <\/p>\n<p class=\"_paragraph_o9xde_4 _paragraph_xtcu6_10 layout-component text-serif-m layout-normal text-serif-m layout-padded\">\u2013 Hvordan vil du minnes ham?<\/p>\n<p class=\"_paragraph_o9xde_4 _paragraph_xtcu6_10 layout-component text-serif-m layout-normal text-serif-m layout-padded\">\u2013 P\u00e5 en fin og positiv m\u00e5te. Jeg har bare gode minner med \u00c5ge. Forholdet mellom \u00c5ge og meg var godt og varmt fra dag \u00e9n.<\/p>\n<p class=\"_paragraph_o9xde_4 _paragraph_xtcu6_10 layout-component text-serif-m layout-normal text-serif-m layout-padded\">Eriksen hadde Hareide som trener p\u00e5 det danske landslaget fra 2016 til 2020. Der kom Danmark blant annet til \u00e5ttedelsfinale under VM i 2018. <\/p>\n<p class=\"_paragraph_o9xde_4 _paragraph_xtcu6_10 layout-component text-serif-m layout-normal text-serif-m layout-padded\">\u2013 Han kom inn p\u00e5 landslaget p\u00e5 et tidspunkt da vi trengte en type som ham. Han skapte god stemning og struktur rundt laget, noe som selvf\u00f8lgelig ogs\u00e5 f\u00f8rte til mange gode resultater. <\/p>\n<p class=\"_paragraph_o9xde_4 _paragraph_xtcu6_10 layout-component text-serif-m layout-normal text-serif-m layout-padded\">\u2013 P\u00e5 den m\u00e5ten fikk vi en fin tid sammen med \u00c5ge som landslagssjef \u2013 b\u00e5de p\u00e5 og utenfor banen. Han var en fantastisk person, og jeg har bare gode minner, sier Eriksen. <\/p>\n<p class=\"_paragraph_o9xde_4 _paragraph_xtcu6_10 layout-component text-serif-m layout-normal text-serif-m layout-padded\">\u2013 Snakket du med ham etter at han ble syk?<\/p>\n<p class=\"_paragraph_o9xde_4 _paragraph_xtcu6_10 layout-component text-serif-m layout-normal text-serif-m layout-padded\">\u2013 Nei, jeg snakket ikke med ham mens han var syk. Jeg snakket med s\u00f8nnen hans etterp\u00e5, og da fikk jeg en oppdatering p\u00e5 hvordan det gikk. Men jeg hadde snakket med ham f\u00f8r, da han fortsatt var seg selv, sier Eriksen. <\/p>\n<p class=\"_paragraph_o9xde_4 _paragraph_xtcu6_10 layout-component text-serif-m layout-normal text-serif-m layout-padded\">Eriksens beste minne med Hareide var under en landslagssamling til Japan. <\/p>\n<p class=\"_paragraph_o9xde_4 _paragraph_xtcu6_10 layout-component text-serif-m layout-normal text-serif-m layout-padded\">\u2013 Det m\u00e5 v\u00e6re da han var trener for landslaget og vi var p\u00e5 tur til Japan, hvor han integrerte seg p\u00e5 en utrolig god m\u00e5te. M\u00e5ten han var p\u00e5 \u2013 han kunne b\u00e5de snakke fotball profesjonelt p\u00e5 banen, men samtidig nyte et glass vin og v\u00e6re seg selv utenfor, sier Eriksen. <\/p>\n<p class=\"_paragraph_o9xde_4 _paragraph_xtcu6_10 layout-component text-serif-m layout-normal text-serif-m layout-padded\"><strong class=\"_strong_o9xde_25\">Se bilder i galleriet under.<\/strong><\/p>\n<p>Christian Eriksen.  Foto: Fredrik Varfjell \/ NTB<\/p>\n<p class=\"_paragraph_o9xde_4 _paragraph_xtcu6_10 layout-component text-serif-m layout-normal text-serif-m layout-padded\">Bisettelsen startet med at Knut Marius Djupvik fremf\u00f8rte \u00abO helga natt\u00bb.<\/p>\n<p class=\"_paragraph_o9xde_4 _paragraph_xtcu6_10 layout-component text-serif-m layout-normal text-serif-m layout-padded\">Blant dem som holdt tale i Molde domkirke, var <a href=\"https:\/\/www.vg.no\/tag\/aage-hareide?utm_source=vg-article&amp;utm_medium=auto-tagger&amp;utm_campaign=lnA7oy\" class=\"_link_o9xde_39\" rel=\"nofollow noopener\" target=\"_blank\">\u00c5ge Hareides<\/a> s\u00f8nn. S\u00f8nnen Bendik talte r\u00f8rende p\u00e5 hele fire spr\u00e5k \u2013 norsk, engelsk, svensk og dansk.<\/p>\n<p class=\"_paragraph_o9xde_4 _paragraph_xtcu6_10 layout-component text-serif-m layout-normal text-serif-m layout-padded\">\u2013 Kj\u00e6re pappa. Jeg velger faktisk \u00e5 snakke direkte til deg n\u00e5, for jeg er faktisk sikker p\u00e5 at du h\u00f8rer p\u00e5 meg \u2013 s\u00e5 sta er du faktisk, innledet Bendik Hareide. <\/p>\n<p class=\"_paragraph_o9xde_4 _paragraph_xtcu6_10 layout-component text-serif-m layout-normal text-serif-m layout-padded\">\u2013 Du tar et lite avbrekk i fotballdiskusjonen med Nils ArneNils ArneRosenborg-legenden Nils Arne Eggen. , \u00abMattaMattaStart-legenden Svein &laquo;Matta&raquo; Mathisen\u00bb, Lars H\u00f8ghLars H\u00f8ghDansk keeperlegende. , Johan Cruijff,Johan Cruijff,Nederlandsk fotballegende.  mens Bj\u00f8rge LillelienBj\u00f8rge LillelienNorsk sportskommentator-legende.  kommenterer, og Knut Th. GleditschKnut Th. GleditschNorsk sportskommentator-legende  og Knut Nesb\u00f8 Knut Nesb\u00f8 Tidligere Molde- og Lyn-spiller. Spilte i Di Derre og var sportsjournalist i NRK. rapporterer. <\/p>\n<p class=\"_paragraph_o9xde_4 _paragraph_xtcu6_10 layout-component text-serif-m layout-normal text-serif-m layout-padded\">Senere i talen ba han alle spillerne i salen som har v\u00e6rt trent av \u00c5ge Hareide, om \u00e5 reise seg. <\/p>\n<p class=\"_paragraph_o9xde_4 _paragraph_xtcu6_10 layout-component text-serif-m layout-normal text-serif-m layout-padded\">\u2013 Du etterlater et enormt tomrom, sa Bendik Hareide. <\/p>\n<p class=\"_paragraph_o9xde_4 _paragraph_xtcu6_10 layout-component text-serif-m layout-normal text-serif-m layout-padded\">\u2013 Han var mitt st\u00f8rste forbilde, min ekstratrener og trygghet der jeg kunne komme med alle mulige problemer, sa barnebarnet Rikke. <\/p>\n<p class=\"_paragraph_o9xde_4 _paragraph_xtcu6_10 layout-component text-serif-m layout-normal text-serif-m layout-padded\">Mot slutten av seremonien fremf\u00f8rte ogs\u00e5 Jo Nesb\u00f8, bror til Knut Nesb\u00f8, sangen \u00abReisetips\u00bb sammen med Lars Jones. Deretter sang Knut Marius Djupvik \u00abTime to Say Goodbye\u00bb mens kisten ble b\u00e5ret ut.<\/p>\n<ul class=\"_gallery_1qa3s_23\" tabindex=\"0\">\n<li class=\"_item_1qa3s_37\" data-index=\"0\"><img decoding=\"async\" class=\"_image_foru8_23 _articleGallery_foru8_39\" data-fullscreen- width=\"4208\" height=\"2808\" itemprop=\"image\" loading=\"lazy\"  src=\"https:\/\/www.europesays.com\/no\/wp-content\/uploads\/2026\/01\/db493b48-81c1-4468-b165-e7db38753157.png\"  style=\"object-position:50% 50%;aspect-ratio:var(--gallery-aspect-ratio, 16 \/ 9)\"\/>Bendik Hareide. Foto: Fredrik Varfjell \/ NTB<\/li>\n<li class=\"_item_1qa3s_37\" data-index=\"1\"><img decoding=\"async\" class=\"_image_foru8_23 _articleGallery_foru8_39\" data-fullscreen- width=\"7404\" height=\"4938\" itemprop=\"image\" loading=\"lazy\"  src=\"https:\/\/www.europesays.com\/no\/wp-content\/uploads\/2026\/01\/ab3c5bf2-0d6b-421e-8c0c-5a8e16a59b18.png\"  style=\"object-position:50% 50%;aspect-ratio:var(--gallery-aspect-ratio, 16 \/ 9)\"\/>Lars Jones og Jo Nesb\u00f8. Foto: Fredrik Varfjell \/ NTB<\/li>\n<\/ul>\n<p>Bendik Hareide. Foto: Fredrik Varfjell \/ NTB<\/p>\n<p class=\"_paragraph_o9xde_4 _paragraph_xtcu6_10 layout-component text-serif-m layout-normal text-serif-m layout-padded\">\u2014 Jeg synes det ble veldig verdig. Det var en fantastisk stund i pappas \u00e5nd. Veldig mange fine ord, opp\u00e5 alt det fantastiske som har blitt skrevet om han. Det var hjertevarmende med all den kj\u00e6rligheten og st\u00f8tten vi har f\u00e5tt som familie i den tunge tida etter at han gikk bort, sier Bendik Hareide til VG.<\/p>\n<p class=\"_paragraph_o9xde_4 _paragraph_xtcu6_10 layout-component text-serif-m layout-normal text-serif-m layout-padded\">John Arne Riise var tydelig preget da han m\u00f8tte pressen f\u00f8r bisettelsen. <\/p>\n<p class=\"_paragraph_o9xde_4 _paragraph_xtcu6_10 layout-component text-serif-m layout-normal text-serif-m layout-padded\">\u2013 Jeg synes det vi gj\u00f8r n\u00e5 er en fantastisk m\u00e5te \u00e5 gj\u00f8re det p\u00e5. At s\u00e5 mange innenfor fotballfamilien hedrer ham p\u00e5 den m\u00e5ten. Det blir sikkert veldig fint etterp\u00e5 med s\u00e5 mange mennesker, sier Riise. <\/p>\n<p class=\"_paragraph_o9xde_4 _paragraph_xtcu6_10 layout-component text-serif-m layout-normal text-serif-m layout-padded\">\u2013 Han var en mann en med sterke meninger. Han hadde alltid et glimt i \u00f8yet og et smil p\u00e5 lur. Og latteren kommer vi aldri til \u00e5 glemme. <\/p>\n<p class=\"_paragraph_o9xde_4 _paragraph_xtcu6_10 layout-component text-serif-m layout-normal text-serif-m layout-padded\">\u2013 Hvordan vil du huske hans engasjement? <\/p>\n<p class=\"_paragraph_o9xde_4 _paragraph_xtcu6_10 layout-component text-serif-m layout-normal text-serif-m layout-padded\">\u2013 Jeg husker da vi var i Nord-Irland borte, og han klikket p\u00e5 media fordi dere sto en meter for langt inne p\u00e5 banen. Men det er smilet og latteren jeg husker mest. Det \u00e5 sitte og h\u00f8re ham le, det smitter mye, sier Riise til VG. <\/p>\n<p><img alt=\"En tydelig preget John Arne Riise som har hatt et n\u00e6rt forhold til Hareide.   Foto: Fredrik Varfjell \/ NTB\" class=\"_image_qp4xg_65 layout-component layout-normal\" data-fullscreen- data-track-element-type=\"Article image fullscreen\" data-track-name=\"ImageFullscreen\" decoding=\"async\" loading=\"lazy\" height=\"3261\" itemprop=\"image\"  src=\"https:\/\/www.europesays.com\/no\/wp-content\/uploads\/2026\/01\/aefaa7c5-4c4a-46d0-bccb-7d643a02dd00.jpeg\"  style=\"object-position:0% 0%\" width=\"4892\"\/>En tydelig preget John Arne Riise som har hatt et n\u00e6rt forhold til Hareide.   Foto: Fredrik Varfjell \/ NTB<\/p>\n<p class=\"_paragraph_o9xde_4 _paragraph_xtcu6_10 layout-component text-serif-m layout-normal text-serif-m layout-padded\">Tidligere fotballspiller Frode Johnsen (51) minnes Hareide med gode ord.<\/p>\n<p class=\"_paragraph_o9xde_4 _paragraph_xtcu6_10 layout-component text-serif-m layout-normal text-serif-m layout-padded\">\u2013 Hvordan er det \u00e5 v\u00e6re her? <\/p>\n<p class=\"_paragraph_o9xde_4 _paragraph_xtcu6_10 layout-component text-serif-m layout-normal text-serif-m layout-padded\">\u2013 Det er egentlig fint. Trist og fint, samtidig. Han var en fantastisk leder og en fantastisk person, sier Johnsen til VG. <\/p>\n<p class=\"_paragraph_o9xde_4 _paragraph_xtcu6_10 layout-component text-serif-m layout-normal text-serif-m layout-padded\">\u2013 Hvordan minnes du ham?<\/p>\n<p class=\"_paragraph_o9xde_4 _paragraph_xtcu6_10 layout-component text-serif-m layout-normal text-serif-m layout-padded\">\u2013 Positiv, blid og streng, som alle fotballspillere trenger. Det kunne komme positivt og negativt i forhold til resultater, og s\u00e5 videre. Hele laget blir bedre, og mer oppmerksom p\u00e5 detaljer og hverdagen, sier Johnsen. <\/p>\n<p class=\"_paragraph_o9xde_4 _paragraph_xtcu6_10 layout-component text-serif-m layout-normal text-serif-m layout-padded\">Flyet fra Oslo til Molde i morgentimene var stappfullt. <\/p>\n<p class=\"_paragraph_o9xde_4 _paragraph_xtcu6_10 layout-component text-serif-m layout-normal text-serif-m layout-padded\">\u2013 Det sier om han at er fullt fortjent. Han har betydd mye for mange. Det er en veldig fin avslutning, sier Johnsen.<\/p>\n<p class=\"_paragraph_o9xde_4 _paragraph_xtcu6_10 layout-component text-serif-m layout-normal text-serif-m layout-padded\">Tidligere landslagskeeper Rune Almenning Jarstein fikk debuten under Hareide. <\/p>\n<p class=\"_paragraph_o9xde_4 _paragraph_xtcu6_10 layout-component text-serif-m layout-normal text-serif-m layout-padded\">\u2013 Han har betydd utrolig mye for min karriere. En utrolig bra mann, sier Jarstein til VG. <\/p>\n<p><img alt=\"Roar Strand (t.v.), Rune Almenning Jarstein (i midten) og Frode Johnsen i bisettelsen.  Foto: Fredrik Varfjell \/ NTB\" class=\"_image_qp4xg_65 layout-component layout-normal\" data-fullscreen- data-track-element-type=\"Article image fullscreen\" data-track-name=\"ImageFullscreen\" decoding=\"async\" loading=\"lazy\" height=\"4774\" itemprop=\"image\"  src=\"https:\/\/www.europesays.com\/no\/wp-content\/uploads\/2026\/01\/e97d6423-dedf-48d8-9df7-43906cfa88f7.png\"  style=\"object-position:0% 0%\" width=\"7159\"\/>Roar Strand (t.v.), Rune Almenning Jarstein (i midten) og Frode Johnsen i bisettelsen.  Foto: Fredrik Varfjell \/ NTB<\/p>\n<p class=\"_paragraph_o9xde_4 _paragraph_xtcu6_10 layout-component text-serif-m layout-normal text-serif-m layout-padded\">Tidligere statsminister Kjell Magne Bondevik minnes Hareide som en \u00ablivsglad mann\u00bb.<\/p>\n<p class=\"_paragraph_o9xde_4 _paragraph_xtcu6_10 layout-component text-serif-m layout-normal text-serif-m layout-padded\">\u2013 Det er nesten uvirkelig at han n\u00e5 er borte. Han var ikke bare interessert i fotball, men han var ogs\u00e5 interessert i politikk og internasjonale forhold \u2013 s\u00e5 vi hadde veldig mye \u00e5 snakke om, sier Bondevik til VG.<\/p>\n<p class=\"_paragraph_o9xde_4 _paragraph_xtcu6_10 layout-component text-serif-m layout-normal text-serif-m layout-padded\">P\u00e5 sp\u00f8rsm\u00e5l om hvordan han mottok d\u00f8dsbudskapet, svarer han: <\/p>\n<p class=\"_paragraph_o9xde_4 _paragraph_xtcu6_10 layout-component text-serif-m layout-normal text-serif-m layout-padded\">\u2013 Det var veldig vemodig. Vi visste jo at han var d\u00f8dssyk, men det kom enda raskere enn vi hadde trodd. <\/p>\n<p><img alt=\"Tidligere statsminister Kjell Magne Bondevik.  Foto: Fredrik Varfjell \/ NTB\" class=\"_image_qp4xg_65 layout-component layout-normal\" data-fullscreen- data-track-element-type=\"Article image fullscreen\" data-track-name=\"ImageFullscreen\" decoding=\"async\" loading=\"lazy\" height=\"5063\" itemprop=\"image\"  src=\"https:\/\/www.europesays.com\/no\/wp-content\/uploads\/2026\/01\/0dd0e718-1f9b-4182-bd39-44858482f6f1.jpeg\"  style=\"object-position:0% 0%\" width=\"7594\"\/>Tidligere statsminister Kjell Magne Bondevik.  Foto: Fredrik Varfjell \/ NTB<\/p>\n<p class=\"_paragraph_o9xde_4 _paragraph_xtcu6_10 layout-component text-serif-m layout-normal text-serif-m layout-padded\">\u00c5ge Hareide d\u00f8de 18. desember 2025 etter kort tids sykdom. Han fikk p\u00e5vist hjernesvulst i juli samme \u00e5r. <\/p>\n<p class=\"_paragraph_o9xde_4 _paragraph_xtcu6_10 layout-component text-serif-m layout-normal text-serif-m layout-padded\">Hareide var kjent for sitt karakteristiske smil og hum\u00f8r \u2013 selv om det ogs\u00e5 kunne g\u00e5 en kule varmt som trener.<\/p>\n<p class=\"_paragraph_o9xde_4 _paragraph_xtcu6_10 layout-component text-serif-m layout-normal text-serif-m layout-padded\">Til tross for alvorlig sykdom, fikk Hareide oppleve at Norge tok seg til VM igjen. Fotballegenden var p\u00e5 plass i Milano under siste kvalifiseringskamp mot Italia, da det hele ble avgjort. <\/p>\n<p><img alt=\"Hareide da han landet i privatfly i Milano med Kjell Inge R\u00f8kke og s\u00f8nnen Bendik.  Foto: Bj\u00f8rn S. Delebekk \/ VG\" class=\"_image_qp4xg_65 layout-component layout-normal\" data-fullscreen- data-track-element-type=\"Article image fullscreen\" data-track-name=\"ImageFullscreen\" decoding=\"async\" loading=\"lazy\" height=\"2917\" itemprop=\"image\"  src=\"https:\/\/www.europesays.com\/no\/wp-content\/uploads\/2026\/01\/26f5e0f4-47bb-48b2-bd17-ae2c5cd076f6.jpeg\"  style=\"object-position:0% 0%\" width=\"4094\"\/>Hareide da han landet i privatfly i Milano med Kjell Inge R\u00f8kke og s\u00f8nnen Bendik.  Foto: Bj\u00f8rn S. Delebekk \/ VG<\/p>\n<p class=\"_paragraph_o9xde_4 _paragraph_xtcu6_10 layout-component text-serif-m layout-normal text-serif-m layout-padded\"><a href=\"https:\/\/www.vg.no\/sport\/i\/j09w6e\/aage-hareide-har-faatt-kreft-det-hele-var-et-sjokk\" data-track-element-type=\"Link\" data-track-id=\"link:j09w6e\" class=\"_link_o9xde_39\" rel=\"nofollow noopener\" target=\"_blank\">VG<\/a>\u00a0m\u00f8tte \u00c5ge Hareide i november. Der snakket han om sjokket etter sykdomsbeskjeden og den morsomste sesongen han hadde som fotballtrener, med Molde i 1995.<\/p>\n<p class=\"_paragraph_o9xde_4 _paragraph_xtcu6_10 layout-component text-serif-m layout-normal text-serif-m layout-padded\">\u2013 Petter Rudi bak de tre S\u2019ene, Stavrum, Solskj\u00e6r og Sundgot. Det var utrolig morsomt, sa Hareide da.<\/p>\n<p class=\"_paragraph_o9xde_4 _paragraph_xtcu6_10 layout-component text-serif-m layout-normal text-serif-m layout-padded\">Da visste han at trenerkarrieren var over \u2013 f\u00e5 m\u00e5neder etter at han vurderte \u00e5 bli landslagstrener for Oman.<\/p>\n<p>Spillerkarrieren<\/p>\n<ul class=\"_list_o9xde_3 _list_xtcu6_9 _list_16v91_9 _unordered_o9xde_106 layout-component text-serif-m layout-normal text-sans-m layout-padded\" itemprop=\"text\">\n<li class=\"_item_o9xde_30\">H\u00f8dd 1970\u20131975 (37)<\/li>\n<li class=\"_item_o9xde_30\">Molde 1975\u20131981 (81)<\/li>\n<li class=\"_item_o9xde_30\">Manchester City 1981\u201382 (24)<\/li>\n<li class=\"_item_o9xde_30\">Norwich 1982\u20131984 (40)<\/li>\n<li class=\"_item_o9xde_30\">Molde 1984\u20131987 (72)<\/li>\n<li class=\"_item_o9xde_30\">Norges landslag 1976\u20131986 (50)<\/li>\n<\/ul>\n<p class=\"_paragraph_o9xde_4 _paragraph_xtcu6_10 _paragraph_16v91_10 layout-component text-serif-m layout-normal text-sans-m layout-padded\" itemprop=\"text\">Kamper i parentes.<\/p>\n<p>Trenerkarrieren<\/p>\n<ul class=\"_list_o9xde_3 _list_xtcu6_9 _list_16v91_9 _unordered_o9xde_106 layout-component text-serif-m layout-normal text-sans-m layout-padded\" itemprop=\"text\">\n<li class=\"_item_o9xde_30\">Molde 1985\u20131991<\/li>\n<li class=\"_item_o9xde_30\">Molde 1993\u20131997<\/li>\n<li class=\"_item_o9xde_30\">Helsingborg 1998\u20131999<\/li>\n<li class=\"_item_o9xde_30\">Br\u00f8ndby 2000\u20132002<\/li>\n<li class=\"_item_o9xde_30\">Rosenborg 2003<\/li>\n<li class=\"_item_o9xde_30\">Norge 2003\u20132008<\/li>\n<li class=\"_item_o9xde_30\">\u00d6rgryte 2009<\/li>\n<li class=\"_item_o9xde_30\">Viking 2010\u20132012<\/li>\n<li class=\"_item_o9xde_30\">Danmark 2015\u20132020<\/li>\n<li class=\"_item_o9xde_30\">Rosenborg 2020\u20132021<\/li>\n<li class=\"_item_o9xde_30\">Malm\u00f6 2022<\/li>\n<li class=\"_item_o9xde_30\">Island 2023\u20132024<\/li>\n<\/ul>\n<p>Merittene<\/p>\n<ul class=\"_list_o9xde_3 _list_xtcu6_9 _list_16v91_9 _unordered_o9xde_106 layout-component text-serif-m layout-normal text-sans-m layout-padded\" itemprop=\"text\">\n<li class=\"_item_o9xde_30\">\u00c5rets spiller, VG 1980<\/li>\n<li class=\"_item_o9xde_30\">\u00c5rets forsvarsspiller, VG 1980<\/li>\n<li class=\"_item_o9xde_30\">Cupmester Molde 1994<\/li>\n<li class=\"_item_o9xde_30\">Cupmester Helsingborg 1998 <\/li>\n<li class=\"_item_o9xde_30\">Seriemester Helsingborg 1999<\/li>\n<li class=\"_item_o9xde_30\">Seriemester Br\u00f8ndby 2002<\/li>\n<li class=\"_item_o9xde_30\">Seriemester Rosenborg 2003<\/li>\n<li class=\"_item_o9xde_30\">Cupmester Rosenborg 2003<\/li>\n<li class=\"_item_o9xde_30\">Seriemester Malm\u00f6 2014<\/li>\n<li class=\"_item_o9xde_30\">Kniksens hederspris 2017<\/li>\n<li class=\"_item_o9xde_30\">\u00c5rets danske trener 2018, 2020<\/li>\n<li class=\"_item_o9xde_30\">Ridder av Dannebrog 2020<\/li>\n<\/ul>\n","protected":false},"excerpt":{"rendered":"Den mange\u00e5rige fotballtreneren ble bisatt i Moldes domkirke torsdag. Her kan du se bisettelsen. Det var en kjendistung&hellip;\n","protected":false},"author":2,"featured_media":132511,"comment_status":"","ping_status":"","sticky":false,"template":"","format":"standard","meta":{"footnotes":""},"categories":[5],"tags":[11648,20,21,8525,24,25,92,15,3163,19,22,23,17,18,13,30,28,29,14,16,1387,26,27],"class_list":{"0":"post-132510","1":"post","2":"type-post","3":"status-publish","4":"format-standard","5":"has-post-thumbnail","7":"category-overskrifter","8":"tag-age-hareide","9":"tag-breaking-news","10":"tag-breakingnews","11":"tag-danmarks-herrelandslag-fotball","12":"tag-featured-news","13":"tag-featurednews","14":"tag-fotball","15":"tag-headlines","16":"tag-herrelandslaget-fotball","17":"tag-hovedoppslag","18":"tag-latest-news","19":"tag-latestnews","20":"tag-main-news","21":"tag-mainnews","22":"tag-news","23":"tag-no","24":"tag-norge","25":"tag-norway","26":"tag-nyheter","27":"tag-overskrifter","28":"tag-stale-solbakken","29":"tag-top-stories","30":"tag-topstories"},"share_on_mastodon":{"url":"https:\/\/pubeurope.com\/@no\/115861649175957876","error":""},"_links":{"self":[{"href":"https:\/\/www.europesays.com\/no\/wp-json\/wp\/v2\/posts\/132510","targetHints":{"allow":["GET"]}}],"collection":[{"href":"https:\/\/www.europesays.com\/no\/wp-json\/wp\/v2\/posts"}],"about":[{"href":"https:\/\/www.europesays.com\/no\/wp-json\/wp\/v2\/types\/post"}],"author":[{"embeddable":true,"href":"https:\/\/www.europesays.com\/no\/wp-json\/wp\/v2\/users\/2"}],"replies":[{"embeddable":true,"href":"https:\/\/www.europesays.com\/no\/wp-json\/wp\/v2\/comments?post=132510"}],"version-history":[{"count":0,"href":"https:\/\/www.europesays.com\/no\/wp-json\/wp\/v2\/posts\/132510\/revisions"}],"wp:featuredmedia":[{"embeddable":true,"href":"https:\/\/www.europesays.com\/no\/wp-json\/wp\/v2\/media\/132511"}],"wp:attachment":[{"href":"https:\/\/www.europesays.com\/no\/wp-json\/wp\/v2\/media?parent=132510"}],"wp:term":[{"taxonomy":"category","embeddable":true,"href":"https:\/\/www.europesays.com\/no\/wp-json\/wp\/v2\/categories?post=132510"},{"taxonomy":"post_tag","embeddable":true,"href":"https:\/\/www.europesays.com\/no\/wp-json\/wp\/v2\/tags?post=132510"}],"curies":[{"name":"wp","href":"https:\/\/api.w.org\/{rel}","templated":true}]}}