{"id":132518,"date":"2026-01-08T21:52:28","date_gmt":"2026-01-08T21:52:28","guid":{"rendered":"https:\/\/www.europesays.com\/no\/132518\/"},"modified":"2026-01-08T21:52:28","modified_gmt":"2026-01-08T21:52:28","slug":"kjersti-strand-gar-fra-morenot-aquaculture-til-abyss","status":"publish","type":"post","link":"https:\/\/www.europesays.com\/no\/132518\/","title":{"rendered":"Kjersti Strand g\u00e5r fra M\u00f8renot Aquaculture til Abyss"},"content":{"rendered":"<p><b>Kjersti Strand startet som ny CCO i Abyss 1. januar. Hun vil spille en n\u00f8kkelrolle i \u00e5 bygge selskapet videre.<\/b><\/p>\n<p>Gjennom oppkj\u00f8pet av Fr\u00f8y Akvaservice har Abyss bygd en stor og stabil plattform for \u00e5 vokse p\u00e5 reisen videre.<\/p>\n<p>\u2013 Vi har blitt dobbelt s\u00e5 store, og vil snart utforske nye segmenter og utvikle nye tjenester. Da er det viktig for oss \u00e5 ha med noen som Kjersti til \u00e5 lede oss inn i den spennende framtida, sier Abyss-topp Victor Jensen i en pressemelding.<\/p>\n<p>Tr\u00f8nderen kommer fra tre \u00e5r som VP of Sales i M\u00f8renot Aquaculture, og har erfaring fra b\u00e5de Moen Marin og BEWI. Denne CV-en gjorde henne attraktiv for Abyss, og det er heller ikke tilfeldig at det er nettopp Abyss som n\u00e5 er blitt hennes arbeidsgiver.<\/p>\n<p>\u2013 Abyss har hatt en sv\u00e6rt spennende reise det har v\u00e6rt morsomt \u00e5 f\u00f8lge. Jeg husker at Abyss var et lite selskap med et par b\u00e5ter. N\u00e5 har de over 60 b\u00e5ter og skal inn i nye segmenter. Dette har jeg lyst til \u00e5 ta del i, sier Strand.<\/p>\n<p>Helhet er et ord som g\u00e5r igjen n\u00e5r Jensen skal beskrive \u00e5rsaken til ansettelsen. B\u00e5de n\u00e5r det gjelder Abyss som en del av et st\u00f8rre \u00f8kosystem rundt oppdrettsn\u00e6ringen, men ogs\u00e5 hvordan selskapet som helhet opererer og fremst\u00e5r selv om antall prosjekter, initiativer og tjenester \u00f8ker.<\/p>\n<p>\u2013 Hun bidrar med profesjonalitet, strategisk tenkning og det \u00e5 se helheten i selskapet. Med s\u00e5 mye spennende p\u00e5 gang \u00e5 dykke ned i, er helheten viktig \u00e5 huske p\u00e5, sier Jensen.<\/p>\n<p>\u2013 Med bakgrunnen hennes vil hun ogs\u00e5 hjelpe oss med \u00e5 se det vi holder p\u00e5 med fra leverand\u00f8renes og kundenes perspektiv. Det er gull verdt for b\u00e5de oss og kundene, legger Jensen til.<\/p>\n<p>Serviceb\u00e5trederiet Abyss kj\u00f8pte nylig opp Fr\u00f8y Akvaservice, og teller n\u00e5 63 b\u00e5ter og omtrent 500 ansatte, med ti kontorer og baser langs kysten.<\/p>\n","protected":false},"excerpt":{"rendered":"Kjersti Strand startet som ny CCO i Abyss 1. januar. Hun vil spille en n\u00f8kkelrolle i \u00e5 bygge&hellip;\n","protected":false},"author":2,"featured_media":132519,"comment_status":"","ping_status":"","sticky":false,"template":"","format":"standard","meta":{"footnotes":""},"categories":[56],"tags":[60,61,62,30,28,29],"class_list":{"0":"post-132518","1":"post","2":"type-post","3":"status-publish","4":"format-standard","5":"has-post-thumbnail","7":"category-naeringsliv","8":"tag-business","9":"tag-economy","10":"tag-naeringsliv","11":"tag-no","12":"tag-norge","13":"tag-norway"},"share_on_mastodon":{"url":"https:\/\/pubeurope.com\/@no\/115861700221441440","error":""},"_links":{"self":[{"href":"https:\/\/www.europesays.com\/no\/wp-json\/wp\/v2\/posts\/132518","targetHints":{"allow":["GET"]}}],"collection":[{"href":"https:\/\/www.europesays.com\/no\/wp-json\/wp\/v2\/posts"}],"about":[{"href":"https:\/\/www.europesays.com\/no\/wp-json\/wp\/v2\/types\/post"}],"author":[{"embeddable":true,"href":"https:\/\/www.europesays.com\/no\/wp-json\/wp\/v2\/users\/2"}],"replies":[{"embeddable":true,"href":"https:\/\/www.europesays.com\/no\/wp-json\/wp\/v2\/comments?post=132518"}],"version-history":[{"count":0,"href":"https:\/\/www.europesays.com\/no\/wp-json\/wp\/v2\/posts\/132518\/revisions"}],"wp:featuredmedia":[{"embeddable":true,"href":"https:\/\/www.europesays.com\/no\/wp-json\/wp\/v2\/media\/132519"}],"wp:attachment":[{"href":"https:\/\/www.europesays.com\/no\/wp-json\/wp\/v2\/media?parent=132518"}],"wp:term":[{"taxonomy":"category","embeddable":true,"href":"https:\/\/www.europesays.com\/no\/wp-json\/wp\/v2\/categories?post=132518"},{"taxonomy":"post_tag","embeddable":true,"href":"https:\/\/www.europesays.com\/no\/wp-json\/wp\/v2\/tags?post=132518"}],"curies":[{"name":"wp","href":"https:\/\/api.w.org\/{rel}","templated":true}]}}