{"id":132520,"date":"2026-01-08T21:53:15","date_gmt":"2026-01-08T21:53:15","guid":{"rendered":"https:\/\/www.europesays.com\/no\/132520\/"},"modified":"2026-01-08T21:53:15","modified_gmt":"2026-01-08T21:53:15","slug":"fhi-advarer-mange-blir-syke-na-dette-bor-du-vaere-forsiktig-med","status":"publish","type":"post","link":"https:\/\/www.europesays.com\/no\/132520\/","title":{"rendered":"FHI advarer: Mange blir syke n\u00e5 \u2013 dette b\u00f8r du v\u00e6re forsiktig med"},"content":{"rendered":"<p>Derfor m\u00e5 du ta ekstra hensyn n\u00e5.<\/p>\n<p>\t\t\tAkkurat n\u00e5 leser andre<\/p>\n<p>\t\t\t\t\t<a :href=\"https:\/\/www.dagens.no\/nyheter\/post.link\"><br \/>\n\t\t\t\t\t\t<img class=\"my-0 aspect-square h-full max-h-16 w-auto rounded object-cover hidden sm:block\" :src=\"https:\/\/www.dagens.no\/nyheter\/post.featured_media_url\" alt=\"\"\/><br \/>\n\t\t\t\t\t<\/a><\/p>\n<p>\t\t\t\t\t\t<a class=\"text-body-text group-hover:text-body-accent font-normal\" :href=\"https:\/\/www.dagens.no\/nyheter\/post.link\" x-html=\"post.title\"\/><\/p>\n<p>N\u00e5r hverdagen starter igjen etter ferier, merker mange at sykdom raskt sprer seg. Hoste, rennende nese og feber er vanlig p\u00e5 denne tiden av \u00e5ret, men det er ikke kulda i seg selv som er hoved\u00e5rsaken.<\/p>\n<p>If\u00f8lge Folkehelseinstituttet f\u00f8lger luftveisinfeksjoner et fast sesongm\u00f8nster, der vinterhalv\u00e5ret skiller seg tydelig ut.<\/p>\n<p>\u00abLuftveisinfeksjoner generelt f\u00f8lger en sesongvariasjon, hvor forekomsten er h\u00f8yere i vinterhalv\u00e5ret enn i sommerhalv\u00e5ret,\u00bb sier Trine Hessevik Paulsen ved FHI.<\/p>\n<p>Det skriver Dagbladet. <\/p>\n<p>Kulde og tett kontakt \u00f8ker risikoen<\/p>\n<p>Om vinteren tilbringer vi mer tid innend\u00f8rs, ofte tett p\u00e5 andre mennesker. Samtidig kan lave temperaturer p\u00e5virke kroppens forsvar mot virus. Slimhinnene i nesen kan bli mer s\u00e5rbare, og t\u00f8rr inneluft kan gj\u00f8re det lettere for smittestoffer \u00e5 spre seg.<\/p>\n<p>\t\t\tLes ogs\u00e5<\/p>\n<p>\t\t\t\t\t<a :href=\"https:\/\/www.dagens.no\/nyheter\/post.link\"><br \/>\n\t\t\t\t\t\t<img class=\"my-0 aspect-square h-full max-h-16 w-auto rounded object-cover hidden sm:block\" :src=\"https:\/\/www.dagens.no\/nyheter\/post.featured_media_url\" alt=\"\"\/><br \/>\n\t\t\t\t\t<\/a><\/p>\n<p>\t\t\t\t\t\t<a class=\"text-body-text group-hover:text-body-accent font-normal\" :href=\"https:\/\/www.dagens.no\/nyheter\/post.link\" x-html=\"post.title\"\/><\/p>\n<p>\u00abN\u00e5r det blir kaldere kan slimhinnene v\u00e5re bli mer mottakelige,\u00bb forklarer Paulsen.<\/p>\n<p>Erfaringer fra pandemien<\/p>\n<p>Under koronapandemien ble det tydelig hvor stor rolle fysisk kontakt spiller i spredningen av sykdom. Da kontakt mellom mennesker ble kraftig redusert, falt ogs\u00e5 forekomsten av vanlige luftveisinfeksjoner betydelig.<\/p>\n<p>\u00abDet var p\u00e5 grunn av coronatiltakene mindre av andre luftveisinfeksjoner vinteren 2020\u201321 og 2021\u201322,\u00bb har Preben Aavitsland ved FHI tidligere uttalt.<\/p>\n<p>Ikke en uvanlig hard vinter<\/p>\n<p>Selv om mange f\u00f8ler seg forkj\u00f8let n\u00e5, viser tall at denne vinteren ikke er spesielt ille sammenlignet med tidligere \u00e5r. Andelen legebes\u00f8k knyttet til luftveisinfeksjoner er lavere enn de siste vintrene.<\/p>\n<p>\u00abDet ser faktisk ut til \u00e5 v\u00e6re noe mindre omfang av luftveisinfeksjoner denne vinteren sammenlignet med de siste \u00e5ra,\u00bb sier Paulsen.<\/p>\n<p>\t\t\tLes ogs\u00e5<\/p>\n<p>\t\t\t\t\t<a :href=\"https:\/\/www.dagens.no\/nyheter\/post.link\"><br \/>\n\t\t\t\t\t\t<img class=\"my-0 aspect-square h-full max-h-16 w-auto rounded object-cover hidden sm:block\" :src=\"https:\/\/www.dagens.no\/nyheter\/post.featured_media_url\" alt=\"\"\/><br \/>\n\t\t\t\t\t<\/a><\/p>\n<p>\t\t\t\t\t\t<a class=\"text-body-text group-hover:text-body-accent font-normal\" :href=\"https:\/\/www.dagens.no\/nyheter\/post.link\" x-html=\"post.title\"\/><\/p>\n<p>Slik kan du redusere smitte<\/p>\n<p>De fleste luftveisinfeksjoner g\u00e5r over av seg selv med hvile, v\u00e6ske og eventuelt febernedsettende medisiner. <\/p>\n<p>FHI anbefaler ogs\u00e5 \u00e5 ta hensyn til risikogrupper og f\u00f8lge enkle smitteverntiltak som god h\u00e5ndhygiene og \u00e5 unng\u00e5 n\u00e6rkontakt ved symptomer.<\/p>\n","protected":false},"excerpt":{"rendered":"Derfor m\u00e5 du ta ekstra hensyn n\u00e5. Akkurat n\u00e5 leser andre N\u00e5r hverdagen starter igjen etter ferier, merker&hellip;\n","protected":false},"author":2,"featured_media":132521,"comment_status":"","ping_status":"","sticky":false,"template":"","format":"standard","meta":{"footnotes":""},"categories":[12],"tags":[20,21,24,25,15,22,23,13,30,28,29,14,16,26,27,42,43,44,45],"class_list":{"0":"post-132520","1":"post","2":"type-post","3":"status-publish","4":"format-standard","5":"has-post-thumbnail","7":"category-verden","8":"tag-breaking-news","9":"tag-breakingnews","10":"tag-featured-news","11":"tag-featurednews","12":"tag-headlines","13":"tag-latest-news","14":"tag-latestnews","15":"tag-news","16":"tag-no","17":"tag-norge","18":"tag-norway","19":"tag-nyheter","20":"tag-overskrifter","21":"tag-top-stories","22":"tag-topstories","23":"tag-verden","24":"tag-world","25":"tag-world-news","26":"tag-worldnews"},"share_on_mastodon":{"url":"https:\/\/pubeurope.com\/@no\/115861704125106926","error":""},"_links":{"self":[{"href":"https:\/\/www.europesays.com\/no\/wp-json\/wp\/v2\/posts\/132520","targetHints":{"allow":["GET"]}}],"collection":[{"href":"https:\/\/www.europesays.com\/no\/wp-json\/wp\/v2\/posts"}],"about":[{"href":"https:\/\/www.europesays.com\/no\/wp-json\/wp\/v2\/types\/post"}],"author":[{"embeddable":true,"href":"https:\/\/www.europesays.com\/no\/wp-json\/wp\/v2\/users\/2"}],"replies":[{"embeddable":true,"href":"https:\/\/www.europesays.com\/no\/wp-json\/wp\/v2\/comments?post=132520"}],"version-history":[{"count":0,"href":"https:\/\/www.europesays.com\/no\/wp-json\/wp\/v2\/posts\/132520\/revisions"}],"wp:featuredmedia":[{"embeddable":true,"href":"https:\/\/www.europesays.com\/no\/wp-json\/wp\/v2\/media\/132521"}],"wp:attachment":[{"href":"https:\/\/www.europesays.com\/no\/wp-json\/wp\/v2\/media?parent=132520"}],"wp:term":[{"taxonomy":"category","embeddable":true,"href":"https:\/\/www.europesays.com\/no\/wp-json\/wp\/v2\/categories?post=132520"},{"taxonomy":"post_tag","embeddable":true,"href":"https:\/\/www.europesays.com\/no\/wp-json\/wp\/v2\/tags?post=132520"}],"curies":[{"name":"wp","href":"https:\/\/api.w.org\/{rel}","templated":true}]}}