{"id":132524,"date":"2026-01-08T22:01:50","date_gmt":"2026-01-08T22:01:50","guid":{"rendered":"https:\/\/www.europesays.com\/no\/132524\/"},"modified":"2026-01-08T22:01:50","modified_gmt":"2026-01-08T22:01:50","slug":"geopolitisk-uro-sender-forsvarsaksjer-til-nye-hoyder-europa-ma-ruste-opp","status":"publish","type":"post","link":"https:\/\/www.europesays.com\/no\/132524\/","title":{"rendered":"Geopolitisk uro sender forsvarsaksjer til nye h\u00f8yder: \u2013 Europa m\u00e5 ruste opp"},"content":{"rendered":"<p class=\"lead dn-text-entity lead\" role=\"paragraph\">Gr\u00f8nland-trusler, angrep i Venezuela og utspill om \u00f8kte forsvarsbudsjetter sender europeiske forsvarsaksjer til \u00aball-time high\u00bb. DNB-forvalter tror p\u00e5 en vedvarende vekst i markedet.<\/p>\n<p>Lockheed Martin, som produserer F-35 Lightning II, stiger i f\u00f8rhandelen p\u00e5 Wall Street torsdag etter Trumps melding om \u00f8kte forsvarsbudsjetter.<\/p>\n<p>Foto: Giuseppe Cacace \/ AFP \/ NTB<\/p>\n","protected":false},"excerpt":{"rendered":"Gr\u00f8nland-trusler, angrep i Venezuela og utspill om \u00f8kte forsvarsbudsjetter sender europeiske forsvarsaksjer til \u00aball-time high\u00bb. DNB-forvalter tror p\u00e5&hellip;\n","protected":false},"author":2,"featured_media":132525,"comment_status":"","ping_status":"","sticky":false,"template":"","format":"standard","meta":{"footnotes":""},"categories":[56],"tags":[60,61,62,30,28,29],"class_list":{"0":"post-132524","1":"post","2":"type-post","3":"status-publish","4":"format-standard","5":"has-post-thumbnail","7":"category-naeringsliv","8":"tag-business","9":"tag-economy","10":"tag-naeringsliv","11":"tag-no","12":"tag-norge","13":"tag-norway"},"share_on_mastodon":{"url":"https:\/\/pubeurope.com\/@no\/115861739416461153","error":""},"_links":{"self":[{"href":"https:\/\/www.europesays.com\/no\/wp-json\/wp\/v2\/posts\/132524","targetHints":{"allow":["GET"]}}],"collection":[{"href":"https:\/\/www.europesays.com\/no\/wp-json\/wp\/v2\/posts"}],"about":[{"href":"https:\/\/www.europesays.com\/no\/wp-json\/wp\/v2\/types\/post"}],"author":[{"embeddable":true,"href":"https:\/\/www.europesays.com\/no\/wp-json\/wp\/v2\/users\/2"}],"replies":[{"embeddable":true,"href":"https:\/\/www.europesays.com\/no\/wp-json\/wp\/v2\/comments?post=132524"}],"version-history":[{"count":0,"href":"https:\/\/www.europesays.com\/no\/wp-json\/wp\/v2\/posts\/132524\/revisions"}],"wp:featuredmedia":[{"embeddable":true,"href":"https:\/\/www.europesays.com\/no\/wp-json\/wp\/v2\/media\/132525"}],"wp:attachment":[{"href":"https:\/\/www.europesays.com\/no\/wp-json\/wp\/v2\/media?parent=132524"}],"wp:term":[{"taxonomy":"category","embeddable":true,"href":"https:\/\/www.europesays.com\/no\/wp-json\/wp\/v2\/categories?post=132524"},{"taxonomy":"post_tag","embeddable":true,"href":"https:\/\/www.europesays.com\/no\/wp-json\/wp\/v2\/tags?post=132524"}],"curies":[{"name":"wp","href":"https:\/\/api.w.org\/{rel}","templated":true}]}}