{"id":132526,"date":"2026-01-08T22:04:06","date_gmt":"2026-01-08T22:04:06","guid":{"rendered":"https:\/\/www.europesays.com\/no\/132526\/"},"modified":"2026-01-08T22:04:06","modified_gmt":"2026-01-08T22:04:06","slug":"trafikkulykke-kodal-tre-biler-har-kollidert-tonsbergs-blad","status":"publish","type":"post","link":"https:\/\/www.europesays.com\/no\/132526\/","title":{"rendered":"Trafikkulykke, Kodal | Tre biler har kollidert &#8211; T\u00f8nsbergs Blad"},"content":{"rendered":"<ol>\n<li><a href=\"https:\/\/news.google.com\/rss\/articles\/CBMiZ0FVX3lxTE82Y0diUVVQaGFoUUNGZGgxdlE3NWFZNHZta1hxU3BzV2xhU3I2RUZnN2RHaF94cVZfNXMyYWhJOElJdjNlcmJ5SzlSdGRSX1c4R3pxSS1uQUFGU3cxTDlVUUNqMzlTR1k?oc=5\" target=\"_blank\" rel=\"nofollow noopener\">Trafikkulykke, Kodal | Tre biler har kollidert<\/a>&nbsp;&nbsp;T\u00f8nsbergs Blad<\/li>\n<li><a href=\"https:\/\/news.google.com\/rss\/articles\/CBMijgFBVV95cUxNUVhaMG5LZGJnMHBPVW5mV3ZHb2oyRmR4aW0zQWtaOVdmWTB0bEJ6UTVEdzM3VUZtYldTeVViNUZiMHFqZGd0dFJZWFBXSWM1NVdGOVdqWk9iLV83LWlBSHFmVG9RM2szN3hjYWQ5bFRoVmJ5U3IwMlZkTTZuSVYtRzVsdVozenV6dWpTM193?oc=5\" target=\"_blank\" rel=\"nofollow noopener\">Trafikk, S\u00f8r-\u00d8st politidistrikt | Trafikkulykke: \u2013 Tre voksne og et barn involvert<\/a>&nbsp;&nbsp;Sandefjords Blad<\/li>\n<li><a href=\"https:\/\/news.google.com\/rss\/articles\/CBMiYkFVX3lxTE5DdllKX0c4bjJ6dXJKT0pNZ3BMS3A3Y1c5d3JNU0JtNk81anF2c0kzX3ZoV2pGTm5FbEZsQTlXUGNJYWw5TnRrd1FsSlMyeVZmLWdEWnpEYUpSQ3hfaWtRdjFB?oc=5\" target=\"_blank\" rel=\"nofollow noopener\">Ulykke i Kilgata: \u2013 To personer fraktet til sykehuset<\/a>&nbsp;&nbsp;Sandefjords Blad<\/li>\n<li><a href=\"https:\/\/news.google.com\/rss\/articles\/CBMiogFBVV95cUxPeFBUVUk3OFRpX0NkcWdULUdhMWtIY245cm11TVJnc2NWSUhrSFRpcWdlOG5RRXZZUmxCc1ppTG51VWRCa0k5emdYUDc0YVZPbk1LZHl4R1JTdm41d0g3RkNtTDlTdXBWOU9VV1AwYmJId2k0ZTE1Qi1GN2dYd3ZrQkx1Ymx1bmx3anFqdVpSb3hjTk12NjNFVGlVWm9xUmJPMUE?oc=5\" target=\"_blank\" rel=\"nofollow noopener\">Bilulykke, Trafikk | To biler har kollidert \u2013 en av sj\u00e5f\u00f8rene sendt til sykehus med ambulanse<\/a>&nbsp;&nbsp;T\u00f8nsbergs Blad<\/li>\n<\/ol>\n","protected":false},"excerpt":{"rendered":"Trafikkulykke, Kodal | Tre biler har kollidert&nbsp;&nbsp;T\u00f8nsbergs Blad Trafikk, S\u00f8r-\u00d8st politidistrikt | Trafikkulykke: \u2013 Tre voksne og et&hellip;\n","protected":false},"author":2,"featured_media":132527,"comment_status":"","ping_status":"","sticky":false,"template":"","format":"standard","meta":{"footnotes":""},"categories":[10],"tags":[20,21,24,25,15,22,23,13,30,28,29,14,16,26,27],"class_list":{"0":"post-132526","1":"post","2":"type-post","3":"status-publish","4":"format-standard","5":"has-post-thumbnail","7":"category-norge","8":"tag-breaking-news","9":"tag-breakingnews","10":"tag-featured-news","11":"tag-featurednews","12":"tag-headlines","13":"tag-latest-news","14":"tag-latestnews","15":"tag-news","16":"tag-no","17":"tag-norge","18":"tag-norway","19":"tag-nyheter","20":"tag-overskrifter","21":"tag-top-stories","22":"tag-topstories"},"share_on_mastodon":{"url":"https:\/\/pubeurope.com\/@no\/115861747604310578","error":""},"_links":{"self":[{"href":"https:\/\/www.europesays.com\/no\/wp-json\/wp\/v2\/posts\/132526","targetHints":{"allow":["GET"]}}],"collection":[{"href":"https:\/\/www.europesays.com\/no\/wp-json\/wp\/v2\/posts"}],"about":[{"href":"https:\/\/www.europesays.com\/no\/wp-json\/wp\/v2\/types\/post"}],"author":[{"embeddable":true,"href":"https:\/\/www.europesays.com\/no\/wp-json\/wp\/v2\/users\/2"}],"replies":[{"embeddable":true,"href":"https:\/\/www.europesays.com\/no\/wp-json\/wp\/v2\/comments?post=132526"}],"version-history":[{"count":0,"href":"https:\/\/www.europesays.com\/no\/wp-json\/wp\/v2\/posts\/132526\/revisions"}],"wp:featuredmedia":[{"embeddable":true,"href":"https:\/\/www.europesays.com\/no\/wp-json\/wp\/v2\/media\/132527"}],"wp:attachment":[{"href":"https:\/\/www.europesays.com\/no\/wp-json\/wp\/v2\/media?parent=132526"}],"wp:term":[{"taxonomy":"category","embeddable":true,"href":"https:\/\/www.europesays.com\/no\/wp-json\/wp\/v2\/categories?post=132526"},{"taxonomy":"post_tag","embeddable":true,"href":"https:\/\/www.europesays.com\/no\/wp-json\/wp\/v2\/tags?post=132526"}],"curies":[{"name":"wp","href":"https:\/\/api.w.org\/{rel}","templated":true}]}}