{"id":132528,"date":"2026-01-08T22:05:07","date_gmt":"2026-01-08T22:05:07","guid":{"rendered":"https:\/\/www.europesays.com\/no\/132528\/"},"modified":"2026-01-08T22:05:07","modified_gmt":"2026-01-08T22:05:07","slug":"ukraina-russland-usa-advarer-kyiv-vi-har-informasjon-om-et-stort-angrep","status":"publish","type":"post","link":"https:\/\/www.europesays.com\/no\/132528\/","title":{"rendered":"Ukraina, Russland | USA advarer Kyiv: \u2013 Vi har informasjon om et stort angrep"},"content":{"rendered":"\n<p>Den amerikanske ambassaden i Kyiv har sendt ut et varsel om et ventet angrep mot Ukraina.<\/p>\n<p>\u2013 Vi har mottatt informasjon om et potensielt betydelig luftangrep som kan forekomme n\u00e5r som helst i l\u00f8pet av de neste dagene. Ambassaden anbefaler som alltid at amerikanske statsborgere er forberedt p\u00e5 \u00e5 s\u00f8ke ly umiddelbart dersom en luftalarm blir varslet, skriver ambassaden i <a href=\"https:\/\/ua.usembassy.gov\/security-alert-u-s-embassy-kyiv-ukraine-january-8-2026\/\" rel=\"Follow nofollow noopener\" target=\"_blank\">en uttalelse<\/a>.<\/p>\n<p>Det er ikke dagligdags at ambassaden legger ut slike meldinger. Forrige gang <a href=\"https:\/\/ua.usembassy.gov\/security-alert-u-s-embassy-kyiv-ukraine-may-9-2025\/\" rel=\"Follow nofollow noopener\" target=\"_blank\">var 9. mai 2025<\/a>. To uker senere <a href=\"https:\/\/www.reuters.com\/business\/aerospace-defense\/russian-drone-fragments-set-kyiv-apartment-building-ablaze-official-says-2025-05-24\/\" rel=\"Follow nofollow noopener\" target=\"_blank\">sendte Russland 367 droner og missiler mot ukrainske byer<\/a> \u2013 krigens mest omfattende luftangrep p\u00e5 det tidspunktet.<\/p>\n<p>Kan komme allerede i natt<\/p>\n<p>Ogs\u00e5 Ukraina-president Volodymyr Zelenskyj advarer. Han sier torsdag kveld at angrepet kan komme allerede i natt.<\/p>\n<p>\u2013 Det er viktig \u00e5 v\u00e6re oppmerksom p\u00e5 luftangrepsvarsler og dra til tilfluktsrom n\u00e5r det er n\u00f8dvendig. Russerne har ikke forandret seg det minste. De pr\u00f8ver \u00e5 utnytte det t\u00f8ffe vinterv\u00e6ret, som har blitt betydelig forverret i mange av regionene v\u00e5re og for\u00e5rsaker alvorlige problemer p\u00e5 veiene og med str\u00f8mforsyningen, sier Zelenskyj i en uttalelse.<\/p>\n<p>Flere omr\u00e5der i Ukraina er uten str\u00f8m torsdag. I Lviv, helt vest i landet, melder <a href=\"https:\/\/www.yr.no\/en\/forecast\/daily-table\/2-702550\/Ukraine\/Lviv%20Oblast\/Lvivskyi%20Raion\/Lviv\" rel=\"Follow nofollow noopener\" target=\"_blank\">Yr ned mot 17 minusgrader i helgen<\/a>.<\/p>\n<p>\u2013 Akkurat n\u00e5 satser Russland mer p\u00e5 vinteren enn p\u00e5 diplomati \u2013 p\u00e5 ballistiske missiler mot energisystemet v\u00e5rt i stedet for \u00e5 jobbe med USA og avtaler med president Trump. Dette m\u00e5 endres \u2013 gjennom press p\u00e5 Russland og fortsatt st\u00f8tte til Ukraina, sier Zelenskyj.<\/p>\n<p>Russland reagerer p\u00e5 fredsbevarende styrker<\/p>\n<p>Tidligere denne uken ble Ukraina og deres europeiske allierte enige om sikkerhetsgarantier for Ukraina etter et m\u00f8te i Paris. Sikkerhetsgarantiene, som inkluderer fredsbevarende styrker fra blant annet Norge den dagen en fredsavtale er p\u00e5 plass, har ogs\u00e5 f\u00e5tt st\u00f8tte fra USAs spesialutsending, Steve Witkoff.<\/p>\n<p>Da Frankrikes president Emmanuel Macron og britenes statsminister Keir Starmer presenterte erkl\u00e6ringen var den engelske ordlyden at styrkene skulle bli utplassert hvis det ble enighet om en \u00abpeace deal\u00bb. Dette for \u00e5 hindre nye angrep p\u00e5 Ukraina.<\/p>\n<p><b>Les mer: <a href=\"https:\/\/www.nettavisen.no\/nyheter\/usa-med-klar-beskjed-til-putin-vi-er-enige-med-koalisjonen\/s\/5-95-2811025\" rel=\"Follow nofollow noopener\" target=\"_blank\">Klar fredsbeskjed: \u2013 Vanskeligere for Putin n\u00e5<\/a><\/b><\/p>\n<p>Russlands utenriksdepartements talskvinne Maria Zakharova svarte torsdag at en slik fredsbevarende styrke er en \u00abeskalering\u00bb og en <a href=\"https:\/\/t.me\/MFARussia\/27964\" rel=\"Follow nofollow\">\u00abdirekte trussel mot Russlands sikkerhet\u00bb<\/a>.<\/p>\n<p><b>Les mer: <a href=\"https:\/\/www.nettavisen.no\/nyheter\/russland-langer-ut-mot-planer-om-fredsbevarende-styrker-i-ukraina-en-krigsakse\/s\/5-95-2814534\" rel=\"Follow nofollow noopener\" target=\"_blank\">Moskva reagerer p\u00e5 planene om fredsbevarende styrker<\/a><\/b><\/p>\n","protected":false},"excerpt":{"rendered":"Den amerikanske ambassaden i Kyiv har sendt ut et varsel om et ventet angrep mot Ukraina. \u2013 Vi&hellip;\n","protected":false},"author":2,"featured_media":132529,"comment_status":"","ping_status":"","sticky":false,"template":"","format":"standard","meta":{"footnotes":""},"categories":[5],"tags":[20,21,24,25,15,19,22,23,17,18,13,30,28,29,14,16,26,27],"class_list":{"0":"post-132528","1":"post","2":"type-post","3":"status-publish","4":"format-standard","5":"has-post-thumbnail","7":"category-overskrifter","8":"tag-breaking-news","9":"tag-breakingnews","10":"tag-featured-news","11":"tag-featurednews","12":"tag-headlines","13":"tag-hovedoppslag","14":"tag-latest-news","15":"tag-latestnews","16":"tag-main-news","17":"tag-mainnews","18":"tag-news","19":"tag-no","20":"tag-norge","21":"tag-norway","22":"tag-nyheter","23":"tag-overskrifter","24":"tag-top-stories","25":"tag-topstories"},"share_on_mastodon":{"url":"https:\/\/pubeurope.com\/@no\/115861751247235615","error":""},"_links":{"self":[{"href":"https:\/\/www.europesays.com\/no\/wp-json\/wp\/v2\/posts\/132528","targetHints":{"allow":["GET"]}}],"collection":[{"href":"https:\/\/www.europesays.com\/no\/wp-json\/wp\/v2\/posts"}],"about":[{"href":"https:\/\/www.europesays.com\/no\/wp-json\/wp\/v2\/types\/post"}],"author":[{"embeddable":true,"href":"https:\/\/www.europesays.com\/no\/wp-json\/wp\/v2\/users\/2"}],"replies":[{"embeddable":true,"href":"https:\/\/www.europesays.com\/no\/wp-json\/wp\/v2\/comments?post=132528"}],"version-history":[{"count":0,"href":"https:\/\/www.europesays.com\/no\/wp-json\/wp\/v2\/posts\/132528\/revisions"}],"wp:featuredmedia":[{"embeddable":true,"href":"https:\/\/www.europesays.com\/no\/wp-json\/wp\/v2\/media\/132529"}],"wp:attachment":[{"href":"https:\/\/www.europesays.com\/no\/wp-json\/wp\/v2\/media?parent=132528"}],"wp:term":[{"taxonomy":"category","embeddable":true,"href":"https:\/\/www.europesays.com\/no\/wp-json\/wp\/v2\/categories?post=132528"},{"taxonomy":"post_tag","embeddable":true,"href":"https:\/\/www.europesays.com\/no\/wp-json\/wp\/v2\/tags?post=132528"}],"curies":[{"name":"wp","href":"https:\/\/api.w.org\/{rel}","templated":true}]}}