{"id":132532,"date":"2026-01-08T22:13:12","date_gmt":"2026-01-08T22:13:12","guid":{"rendered":"https:\/\/www.europesays.com\/no\/132532\/"},"modified":"2026-01-08T22:13:12","modified_gmt":"2026-01-08T22:13:12","slug":"krise-pa-cuba-lever-som-zombier","status":"publish","type":"post","link":"https:\/\/www.europesays.com\/no\/132532\/","title":{"rendered":"Krise p\u00e5 Cuba: \u2013 Lever som \u00abzombier\u00bb"},"content":{"rendered":"\n<p class=\"_paragraph_o9xde_4 _paragraph_xtcu6_10 layout-component text-serif-m layout-normal text-serif-m layout-padded\">Kan et allerede skakkj\u00f8rt <a href=\"https:\/\/www.vg.no\/tag\/cuba?utm_source=vg-article&amp;utm_medium=auto-tagger&amp;utm_campaign=Okppzq\" class=\"_link_o9xde_39\" rel=\"nofollow noopener\" target=\"_blank\">Cuba<\/a> overleve at Venezuelas president Maduro er satt ut av spill?<\/p>\n<p class=\"_paragraph_o9xde_4 _paragraph_xtcu6_10 layout-component text-serif-m layout-normal text-serif-m layout-padded\"><strong class=\"_strong_o9xde_25\">\u2013 Cuba vil falle, det klarer de helt p\u00e5 egen h\u00e5nd, sier Donald Trump. <\/strong><\/p>\n<p class=\"_paragraph_o9xde_4 _paragraph_xtcu6_10 layout-component text-serif-m layout-normal text-serif-m layout-padded\">Men det hjelper neppe at USA n\u00e5 varsler at de vil strupe landets viktigste inntektskilde \u2013 venezuelansk olje. <\/p>\n<p class=\"_paragraph_o9xde_4 _paragraph_xtcu6_10 layout-component text-serif-m layout-normal text-serif-m layout-padded\">\u2013 Hvis jeg bodde i Havanna, og jeg var i regjeringen, ville jeg v\u00e6rt i hvert fall litt bekymret, sa utenriksminister Marco Rubio etter milit\u00e6raksjonen mot Venezuela sist l\u00f8rdag. <\/p>\n<p class=\"_paragraph_o9xde_4 _paragraph_xtcu6_10 layout-component text-serif-m layout-normal text-serif-m layout-padded\">Rubio er selv s\u00f8nn av cubanske migranter til USA. <\/p>\n<p class=\"_paragraph_o9xde_4 _paragraph_xtcu6_10 layout-component text-serif-m layout-normal text-serif-m layout-padded\">VG bes\u00f8kte det omstridte landet like f\u00f8r verdens \u00f8yne ble rettet mot den karibiske republikken. <\/p>\n<p class=\"_paragraph_o9xde_4 _paragraph_xtcu6_10 layout-component text-serif-m layout-normal text-serif-m layout-padded\">Det vi ble vitne til var alarmerende. <\/p>\n<p class=\"_paragraph_o9xde_4 _paragraph_xtcu6_10 layout-component text-serif-m layout-normal text-serif-m layout-padded\"><strong class=\"_strong_o9xde_25\">\u2013 Vi lever som \u00abzombier\u00bb i et stort fengsel, sier en cubaner i 50-\u00e5rene til VG.<\/strong><\/p>\n<p class=\"_paragraph_o9xde_4 _paragraph_xtcu6_10 layout-component text-serif-m layout-normal text-serif-m layout-padded\">Hverdagen p\u00e5 Cuba er langt fra illusjonen om salsadansene, livsglade cubanere med sigar, rom og cola. <\/p>\n<p class=\"_paragraph_o9xde_4 _paragraph_xtcu6_10 layout-component text-serif-m layout-normal text-serif-m layout-padded\">\u2013 Du ser smilene v\u00e5re p\u00e5 utsiden, men i sjelen v\u00e5r er det bare tristhet. Ingenting er viktigere enn frihet, men vi er \u00abkidnappet\u00bb, og det blir verre hver dag, sier mannen.<\/p>\n<p class=\"_paragraph_o9xde_4 _paragraph_xtcu6_10 layout-component text-serif-m layout-normal text-serif-m layout-padded\">Turistene ser det myndighetene vil at de skal se, p\u00e5peker han \u2013 \u00aben eneste stor l\u00f8gn\u00bb.<\/p>\n<p class=\"_paragraph_o9xde_4 _paragraph_xtcu6_10 layout-component text-serif-m layout-normal text-serif-m layout-padded\">\u2013 Staten bryr seg ikke om v\u00e5re problemer, og vi havner i fengsel hvis vi snakker h\u00f8yt om hvor ille det er. Men verden b\u00f8r f\u00e5 vite sannheten \u2013 de \u00f8delegger landet v\u00e5rt! <\/p>\n<p class=\"_paragraph_o9xde_4 _paragraph_xtcu6_10 layout-component text-serif-m layout-normal text-serif-m layout-padded\">Det som en gang var praktbygg forfaller i hovedstaden Havanna, og tr\u00e6r bryter seg vei gjennom sprekkene.<\/p>\n<p class=\"_paragraph_o9xde_4 _paragraph_xtcu6_10 layout-component text-serif-m layout-normal text-serif-m layout-padded\">Desperate innbyggere henter murstein og materialer fra bygg som kollapser, for \u00e5 redde egen bolig. <\/p>\n<p class=\"_paragraph_o9xde_4 _paragraph_xtcu6_10 layout-component text-serif-m layout-normal text-serif-m layout-padded\">Ingen av de forlatte byggene har gulv igjen, alle plankene er saget ut, og folk g\u00e5r heller midt i gaten enn \u00e5 risikere restene av en balkong i hodet. <\/p>\n<p class=\"_paragraph_o9xde_4 _paragraph_xtcu6_10 layout-component text-serif-m layout-normal text-serif-m layout-padded\"><strong class=\"_strong_o9xde_25\">Mange husstander har str\u00f8m kun tre\u2013seks timer hver dag.<\/strong><\/p>\n<p class=\"_paragraph_o9xde_4 _paragraph_xtcu6_10 layout-component text-serif-m layout-normal text-serif-m layout-padded\">\u2013 Det er ingen fremtid p\u00e5 Cuba, sier en kvinne i 40-\u00e5rene VG m\u00f8ter i Trinidad, omtrent midt i landet.<\/p>\n<p class=\"_paragraph_o9xde_4 _paragraph_xtcu6_10 layout-component text-serif-m layout-normal text-serif-m layout-padded\">Hun har aldri v\u00e6rt utenfor \u00f8ystaten, men har likevel l\u00e6rt seg flytende engelsk.<\/p>\n<p class=\"_paragraph_o9xde_4 _paragraph_xtcu6_10 layout-component text-serif-m layout-normal text-serif-m layout-padded\">\u2013 Ingen mellom 18 og 30 \u00e5r bor her lenger. Alle som kan reise utenlands og tjene penger, gj\u00f8r det. Folk selger alt de har. Jeg har en liten s\u00f8nn, og det er ikke mulig for meg \u00e5 begynne p\u00e5 nytt et annet sted n\u00e5.<\/p>\n<p><img class=\"_image_s2syr_92\" fetchpriority=\"low\" loading=\"lazy\" decoding=\"async\"  src=\"https:\/\/www.europesays.com\/no\/wp-content\/uploads\/2026\/01\/6471ed3a-f8f7-4858-8c41-1362efa4002c.jpeg\"  style=\"--hotspot:51.97723765432099% 63.541666666666664%;object-fit:cover\"\/><img class=\"_image_s2syr_92\" fetchpriority=\"low\" loading=\"lazy\" decoding=\"async\"  src=\"https:\/\/www.europesays.com\/no\/wp-content\/uploads\/2026\/01\/f560ebc4-00f1-44ac-b297-ece9fd02cb68.jpeg\"  style=\"--hotspot:73.74338624338624% 33.433048433048434%;object-fit:cover\"\/><\/p>\n<p class=\"_paragraph_o9xde_4 _paragraph_xtcu6_10 _paragraph_s2syr_106 layout-component text-serif-m layout-normal\"><strong class=\"_strong_o9xde_25 _strong_s2syr_179 _block_s2syr_134\">Cubas befolkning sank med ti prosent fra slutten av 2021 til slutten av 2023 \u2013 fra cirka 11,2 til 10 millioner.<\/strong><\/p>\n<p class=\"_paragraph_o9xde_4 _paragraph_xtcu6_10 _paragraph_s2syr_106 layout-component text-serif-m layout-normal\"><strong class=\"_strong_o9xde_25 _strong_s2syr_179 _block_s2syr_134\">Og masseflukten <br \/>fortsetter.<\/strong><\/p>\n<p class=\"_paragraph_o9xde_4 _paragraph_xtcu6_10 layout-component text-serif-m layout-normal text-serif-m layout-padded\">\u00c5 kritisere de autorit\u00e6re cubanske myndighetene \u00e5pent kan v\u00e6re farlig. Derfor har VG i denne reportasjen anonymisert alle som kritiserer myndighetene.<\/p>\n<p class=\"_paragraph_o9xde_4 _paragraph_xtcu6_10 layout-component text-serif-m layout-normal text-serif-m layout-padded\">\u2013 Jeg elsker landet mitt, men jeg ser ikke noe h\u00e5p om bedring, sier kvinnen i Trinidad.<\/p>\n<p class=\"_paragraph_o9xde_4 _paragraph_xtcu6_10 layout-component text-serif-m layout-normal text-serif-m layout-padded\">Ingen VG snakker med skylder p\u00e5 USAs handelsforbud, eller at Trump nylig<a href=\"https:\/\/www.reuters.com\/world\/americas\/trump-signs-memo-toughening-us-policy-toward-cuba-white-house-official-says-2025-06-30\/?utm_source=chatgpt.com\" class=\"_link_o9xde_39\" rel=\"nofollow noopener\" target=\"_blank\"> strammet inn <\/a>Cuba-politikken.<\/p>\n<p class=\"_paragraph_o9xde_4 _paragraph_xtcu6_10 layout-component text-serif-m layout-normal text-serif-m layout-padded\"><strong class=\"_strong_o9xde_25\">Alle peker p\u00e5 egne myndigheter.<\/strong><\/p>\n<p><img alt=\"Foto: AP \/ NTB\" class=\"_image_qp4xg_65 layout-component layout-normal\" data-fullscreen- data-track-element-type=\"Article image fullscreen\" data-track-name=\"ImageFullscreen\" decoding=\"async\" loading=\"lazy\" height=\"2092\" itemprop=\"image\"  src=\"https:\/\/www.europesays.com\/no\/wp-content\/uploads\/2026\/01\/d4bb0ad6-8ba7-42d3-986b-70a354f4810a.jpeg\"  style=\"object-position:0% 0%\" width=\"1569\"\/>Foto: AP \/ NTB<img alt=\"Foto: AP \/ NTB\" class=\"_image_qp4xg_65 layout-component layout-wide\" data-fullscreen- data-track-element-type=\"Article image fullscreen\" data-track-name=\"ImageFullscreen\" decoding=\"async\" loading=\"lazy\" height=\"2083\" itemprop=\"image\"  src=\"https:\/\/www.europesays.com\/no\/wp-content\/uploads\/2026\/01\/e5e56a4f-035b-44da-bd38-95974c9a153f.jpeg\"  style=\"object-position:0% 0%\" width=\"2778\"\/>Foto: AP \/ NTB<img alt=\"Foto: AP \/ NTB\" class=\"_image_qp4xg_65 layout-component layout-wide\" data-fullscreen- data-track-element-type=\"Article image fullscreen\" data-track-name=\"ImageFullscreen\" decoding=\"async\" loading=\"lazy\" height=\"2083\" itemprop=\"image\"  src=\"https:\/\/www.europesays.com\/no\/wp-content\/uploads\/2026\/01\/e5e56a4f-035b-44da-bd38-95974c9a153f.jpeg\"  style=\"object-position:0% 0%\" width=\"2778\"\/>Foto: AP \/ NTB<\/p>\n<p class=\"_paragraph_o9xde_4 _paragraph_xtcu6_10 layout-component text-serif-m layout-normal text-serif-m layout-padded\">Det er 66 \u00e5r siden Fidel CastroFidel CastroFidel Castro var en cubansk geriljaleder som gjennomf\u00f8rte den cubanske revolusjonen fra 1953 til 1959. Etter dette var han landets fremste politiske leder gjennom et halvt \u00e5rhundre, frem til 2006. tok makten p\u00e5 Cuba.<\/p>\n<p class=\"_paragraph_o9xde_4 _paragraph_xtcu6_10 layout-component text-serif-m layout-normal text-serif-m layout-padded\">Tiden etterp\u00e5 var preget av sosial utjevning og sterk sovjetisk st\u00f8tte, men ogs\u00e5 av politisk undertrykkelse og \u00f8konomisk isolasjon, etterfulgt av krisetider etter Sovjetunionens fall i 1991.<\/p>\n<p class=\"_paragraph_o9xde_4 _paragraph_xtcu6_10 layout-component text-serif-m layout-normal text-serif-m layout-padded\">Blant annet har den gamle plan\u00f8konomien plan\u00f8konomien Staten bestemmer hva som skal produseres, hvor mye som skal produseres, og til hvilken pris \u2013 i stedet for at markedet styrer dette. vist seg lite fleksibel.<\/p>\n<p class=\"_paragraph_o9xde_4 _paragraph_xtcu6_10 layout-component text-serif-m layout-normal text-serif-m layout-padded\"><strong class=\"_strong_o9xde_25\">\u2013 Det er verre n\u00e5 enn p\u00e5 90-tallet, sier en kilde til VG.<\/strong><\/p>\n<p><img alt=\"Foto: Yamil Lage \/ AFP\" class=\"_image_qp4xg_65 layout-component layout-normal\" data-fullscreen- data-track-element-type=\"Article image fullscreen\" data-track-name=\"ImageFullscreen\" decoding=\"async\" loading=\"lazy\" height=\"5504\" itemprop=\"image\"  src=\"https:\/\/www.europesays.com\/no\/wp-content\/uploads\/2026\/01\/54239e3b-bf00-4576-b8ca-fd19ca917b32.jpeg\"  style=\"object-position:0% 0%\" width=\"4128\"\/>Foto: Yamil Lage \/ AFP<img alt=\"Foto: Yamil Lage \/ AFP\" class=\"_image_qp4xg_65 layout-component layout-wide\" data-fullscreen- data-track-element-type=\"Article image fullscreen\" data-track-name=\"ImageFullscreen\" decoding=\"async\" loading=\"lazy\" height=\"5441\" itemprop=\"image\"  src=\"https:\/\/www.europesays.com\/no\/wp-content\/uploads\/2026\/01\/6bd41c8e-f71b-4530-bb6b-8bf7b2c6dd78.png\"  style=\"object-position:0% 0%\" width=\"7254\"\/>Foto: Yamil Lage \/ AFP<img alt=\"Foto: Yamil Lage \/ AFP\" class=\"_image_qp4xg_65 layout-component layout-wide\" data-fullscreen- data-track-element-type=\"Article image fullscreen\" data-track-name=\"ImageFullscreen\" decoding=\"async\" loading=\"lazy\" height=\"5441\" itemprop=\"image\"  src=\"https:\/\/www.europesays.com\/no\/wp-content\/uploads\/2026\/01\/6bd41c8e-f71b-4530-bb6b-8bf7b2c6dd78.png\"  style=\"object-position:0% 0%\" width=\"7254\"\/>Foto: Yamil Lage \/ AFP<\/p>\n<p class=\"_paragraph_o9xde_4 _paragraph_xtcu6_10 layout-component text-serif-m layout-normal text-serif-m layout-padded\">Energisystemet er sv\u00e6rt skj\u00f8rt, p\u00e5peker cubaneren. Infrastrukturen kollapser, mat kommer ikke frem og innbyggerne bruker fremdeles rasjoneringskortrasjoneringskortGir rett til \u00e5 kj\u00f8pe et bestemt kvantum (av matvarer o.l.) innenfor en viss periode. .<\/p>\n<p class=\"_paragraph_o9xde_4 _paragraph_xtcu6_10 layout-component text-serif-m layout-normal text-serif-m layout-padded\">Tilgangen p\u00e5 drivstoff avhenger av n\u00e5r tankskip fra land som Russland eller Venezuela kommer med nye forsyninger.<\/p>\n<p class=\"_paragraph_o9xde_4 _paragraph_xtcu6_10 layout-component text-serif-m layout-normal text-serif-m layout-padded\">Og uten drivstoff og str\u00f8m f\u00e5r ikke b\u00f8ndene h\u00f8stet det som trengs, eller levert r\u00e5varene i tide. Dette skaper ringvirkninger i alle deler av samfunnet, ikke minst \u00f8konomien.<\/p>\n<p class=\"_paragraph_o9xde_4 _paragraph_xtcu6_10 layout-component text-serif-m layout-normal text-serif-m layout-padded\">VG humper rundt i landet med bil \u2013 via tropiske Playa Larga, til fargerike Trinidad, og tilbake til hovedstaden Havanna.<\/p>\n<p class=\"_paragraph_o9xde_4 _paragraph_xtcu6_10 layout-component text-serif-m layout-normal text-serif-m layout-padded\">Selv om mobilnettet er blitt betraktelig bedre p\u00e5 de siste ti \u00e5rene, forsvinner stort sett internett s\u00e5 snart vi er ute av byene, og dekningen er av og p\u00e5.<\/p>\n<p class=\"_paragraph_o9xde_4 _paragraph_xtcu6_10 layout-component text-serif-m layout-normal text-serif-m layout-padded\">Vi kj\u00f8rer sikksakk p\u00e5 motorveien, fordi veien er full av store hull. Hjulskift underveis er ikke et unormalt syn. <\/p>\n<p class=\"_paragraph_o9xde_4 _paragraph_xtcu6_10 layout-component text-serif-m layout-normal text-serif-m layout-padded\"><strong class=\"_strong_o9xde_25\">Langs strekningen st\u00e5r falmede gigantskilt med de gamle kommunistheltene.<\/strong><\/p>\n<p class=\"_paragraph_o9xde_4 _paragraph_xtcu6_10 layout-component text-serif-m layout-normal text-serif-m layout-padded\">I flere \u00e5r har Cuba v\u00e6rt i en <a href=\"https:\/\/snl.no\/%C3%98konomi_og_n%C3%A6ringsliv_p%C3%A5_Cuba?utm_source=chatgpt.com\" class=\"_link_o9xde_39\" rel=\"nofollow noopener\" target=\"_blank\">vedvarende \u00f8konomisk resesjon<\/a>. <\/p>\n<p class=\"_paragraph_o9xde_4 _paragraph_xtcu6_10 layout-component text-serif-m layout-normal text-serif-m layout-padded\">Landets \u00f8konomi stupte under pandemien, med et fall i brutto nasjonalprodukt p\u00e5 11 prosent i 2020 \u2013 det kraftigste p\u00e5 omtrent 30 \u00e5r.<\/p>\n<p class=\"_paragraph_o9xde_4 _paragraph_xtcu6_10 layout-component text-serif-m layout-normal text-serif-m layout-padded\"><strong class=\"_strong_o9xde_25\">H\u00f8y inflasjoninflasjonInflasjon er det samme som et fall i verdien av penger, det vil si at man f\u00e5r mindre varer og tjenester enn f\u00f8r for en bestemt pengesum.  i 2024 har ytterligere forverret situasjonen.<\/strong><\/p>\n<p class=\"_paragraph_o9xde_4 _paragraph_xtcu6_10 layout-component text-serif-m layout-normal text-serif-m layout-padded\">\u2013 Den st\u00f8rste utvandringen i cubansk historie har skjedd de siste par \u00e5rene. Mer enn ti prosent av innbyggerne har dratt. Det er som om hele Oslos befolkning skulle forsvinne \u2013 helt vanvittige tall, sier sosialantropolog St\u00e5le Wig ved Universitetet i Oslo.<\/p>\n<p><img decoding=\"async\" alt=\"Bilde av \u2013 Landet er t\u00f8mt for unge mennesker.\" class=\"_image_ygndg_42\" height=\"56\" itemprop=\"image\" loading=\"lazy\"  src=\"https:\/\/www.europesays.com\/no\/wp-content\/uploads\/2026\/01\/72a1bdca-f53b-4259-98c4-7a5c69cf9df3.jpeg\"  width=\"40\"\/><strong class=\"_name_ygndg_51 title-serif-xs\">\u2013 Landet er t\u00f8mt for unge mennesker.<\/strong><\/p>\n<p class=\"_paragraph_o9xde_4 _paragraph_xtcu6_10 layout-component text-serif-m layout-normal text-serif-m layout-padded\">Mellom 2015 og 2018 tilbrakte forskeren 18 m\u00e5neder p\u00e5 Cuba. Han jobbet som taxisj\u00e5f\u00f8r og skrev bok om opplevelsen.<\/p>\n<p class=\"_paragraph_o9xde_4 _paragraph_xtcu6_10 layout-component text-serif-m layout-normal text-serif-m layout-padded\"><strong class=\"_strong_o9xde_25\">\u2013 Cuba har f\u00e5tt Latin-Amerikas eldste befolkning. Det er blitt en demografisk bombe.<\/strong><\/p>\n<p><img class=\"_image_s2syr_92\" fetchpriority=\"low\" loading=\"lazy\" decoding=\"async\"  src=\"https:\/\/www.europesays.com\/no\/wp-content\/uploads\/2026\/01\/1709f1ae-afd8-4468-9db3-e7678e608b6b.jpeg\"  style=\"--hotspot:34.036458333333336% 48.61328125%;object-fit:cover\"\/><img class=\"_image_s2syr_92\" fetchpriority=\"low\" loading=\"lazy\" decoding=\"async\"  src=\"https:\/\/www.europesays.com\/no\/wp-content\/uploads\/2026\/01\/fb992475-d4af-4a1a-8a2f-b490ee1f6333.jpeg\"  style=\"--hotspot:72.96875% 76.484375%;object-fit:cover\"\/><\/p>\n<p class=\"_paragraph_o9xde_4 _paragraph_xtcu6_10 _paragraph_s2syr_106 layout-component text-serif-m layout-normal\"><strong class=\"_strong_o9xde_25 _strong_s2syr_179 _block_s2syr_134\">Klokken er seks om morgenen en fredag.<\/strong><\/p>\n<p class=\"_paragraph_o9xde_4 _paragraph_xtcu6_10 _paragraph_s2syr_106 layout-component text-serif-m layout-normal\"><strong class=\"_strong_o9xde_25 _strong_s2syr_179 _block_s2syr_134\">I Havanna st\u00e5r en hobbyfisker med sn\u00f8ret i den forurensede havnen.<\/strong><\/p>\n<p class=\"_paragraph_o9xde_4 _paragraph_xtcu6_10 layout-component text-serif-m layout-normal text-serif-m layout-padded\">\u2013 Jeg m\u00e5 skaffe mat til familien min og rekke \u00e5 tilberede den f\u00f8r str\u00f8mmen g\u00e5r, sier Calet Brindis (53).<\/p>\n<p class=\"_paragraph_o9xde_4 _paragraph_xtcu6_10 layout-component text-serif-m layout-normal text-serif-m layout-padded\">Han er barberer av yrke. <\/p>\n<p class=\"_paragraph_o9xde_4 _paragraph_xtcu6_10 layout-component text-serif-m layout-normal text-serif-m layout-padded\">Resten av d\u00f8gnet jobber han p\u00e5 den lokale sjappa som selger drikke, snacks, basisprodukter og alkohol. <\/p>\n<p class=\"_paragraph_o9xde_4 _paragraph_xtcu6_10 layout-component text-serif-m layout-normal text-serif-m layout-padded\"><strong class=\"_strong_o9xde_25\">VG bes\u00f8ker ham her. <\/strong><\/p>\n<p class=\"_paragraph_o9xde_4 _paragraph_xtcu6_10 layout-component text-serif-m layout-normal text-serif-m layout-padded\">De som er hardest rammet p\u00e5 Cuba, har svak \u00f8konomi fra f\u00f8r,<strong class=\"_strong_o9xde_25\"> <\/strong>viser<strong class=\"_strong_o9xde_25\"> <\/strong>en 2025-<a href=\"https:\/\/derechossocialescuba.com\/wp-content\/uploads\/2025\/09\/ods8r_es.pdf\" class=\"_link_o9xde_39\" rel=\"nofollow noopener\" target=\"_blank\">studie<\/a> fra Cuban Observatory of Human Rights (OCDH).<\/p>\n<p class=\"_paragraph_o9xde_4 _paragraph_xtcu6_10 layout-component text-serif-m layout-normal text-serif-m layout-padded\">Det er de som ikke har tilgang til utenlandsk valuta, kontakter som kan sende penger fra utlandet, stabile jobber eller tilgang til turistmarkedet.<\/p>\n<p class=\"_paragraph_o9xde_4 _paragraph_xtcu6_10 layout-component text-serif-m layout-normal text-serif-m layout-padded\">Som Calet og familien.<\/p>\n<p class=\"_paragraph_o9xde_4 _paragraph_xtcu6_10 layout-component text-serif-m layout-normal text-serif-m layout-padded\">\u2013 Vi er sv\u00e6rt bekymret n\u00e5, for Cuba er helt avhengig av Venezuela, sier han.<\/p>\n<p class=\"_paragraph_o9xde_4 _paragraph_xtcu6_10 layout-component text-serif-m layout-normal text-serif-m layout-padded\">53-\u00e5ringen har fem barn og tre sm\u00e5 barnebarn.<\/p>\n<p class=\"_paragraph_o9xde_4 _paragraph_xtcu6_10 layout-component text-serif-m layout-normal text-serif-m layout-padded\"><strong class=\"_strong_o9xde_25\">Datteren Claudia P\u00e9rez Hern\u00e1ndez er 18 \u00e5r og allerede tobarnsmor.<\/strong><\/p>\n<p class=\"_paragraph_o9xde_4 _paragraph_xtcu6_10 layout-component text-serif-m layout-normal text-serif-m layout-padded\">Mens turistn\u00e6ringen tidligere kunne gi en vei ut av fattigdom for noen, har kollapsen i tilreisende<strong class=\"_strong_o9xde_25\"> <\/strong>og den \u00f8konomiske krisen gjort at heller ikke dette lenger er en sikker redning.<\/p>\n<p class=\"_paragraph_o9xde_4 _paragraph_xtcu6_10 layout-component text-serif-m layout-normal text-serif-m layout-padded\">I 2023 forventet Cuba 3,5 millioner turister. Bare 2,4 millioner kom. <\/p>\n<p class=\"_paragraph_o9xde_4 _paragraph_xtcu6_10 layout-component text-serif-m layout-normal text-serif-m layout-padded\">For 2025 er tallene enda lavere. Turistministeren forventer \u00e5 ende p\u00e5 cirka 2,2 millioner, skriver <a href=\"https:\/\/english.elpais.com\/international\/2024-12-20\/tourism-amid-power-cuts-and-food-shortages-why-does-cuba-continue-to-invest-in-hotels.html?utm_source=chatgpt.com\" class=\"_link_o9xde_39\" rel=\"nofollow noopener\" target=\"_blank\">El Pa\u00eds<\/a>.<\/p>\n<p class=\"_paragraph_o9xde_4 _paragraph_xtcu6_10 layout-component text-serif-m layout-normal text-serif-m layout-padded\">Likevel gikk 40 prosent av<strong class=\"_strong_o9xde_25\"> <\/strong>statens<strong class=\"_strong_o9xde_25\"> <\/strong>investeringer i 2024 til turistsektoren, mye mer enn til helse, utdanning eller jordbruk, if\u00f8lge en rapport fra Cubas \u00abSSB\u00bb.Cubas \u00abSSB\u00bb.ONEI (National Office of Statistics and Information) <\/p>\n<p class=\"_paragraph_o9xde_4 _paragraph_xtcu6_10 layout-component text-serif-m layout-normal text-serif-m layout-padded\">\u2013 Det er blitt et mer dramatisk skille mellom dem som har tilgang til dollar, og dem som ikke har det, sier Cuba-forsker Wig. <\/p>\n<p class=\"_paragraph_o9xde_4 _paragraph_xtcu6_10 layout-component text-serif-m layout-normal text-serif-m layout-padded\">\u2013 De aller fleste mangler helt grunnleggende ting. \u00d8st i landet kan de oppleve str\u00f8mbrudd i opp mot 20 timer. Til enhver tid er hele energisystemet n\u00e6r kollaps.<\/p>\n<p class=\"_paragraph_o9xde_4 _paragraph_xtcu6_10 layout-component text-serif-m layout-normal text-serif-m layout-padded\">Wig forteller at folk m\u00e5 bruke fryseren som kj\u00f8leskap og h\u00e5pe at maten ikke r\u00e5tner.<\/p>\n<p class=\"_paragraph_o9xde_4 _paragraph_xtcu6_10 layout-component text-serif-m layout-normal text-serif-m layout-padded\">\u2013 Det er en desperat situasjon. Jeg tror mange p\u00e5 Cuba f\u00f8ler seg glemt.<\/p>\n<p class=\"_paragraph_o9xde_4 _paragraph_xtcu6_10 layout-component text-serif-m layout-normal text-serif-m layout-padded\"><strong class=\"_strong_o9xde_25\">P\u00e5 restaurantbes\u00f8k m\u00e5 du v\u00e6re forberedt p\u00e5 at str\u00f8mmen kan komme og g\u00e5, og ikke alle har dyre n\u00f8daggregat som sikrer fersk mat.<\/strong><\/p>\n<p class=\"_paragraph_o9xde_4 _paragraph_xtcu6_10 layout-component text-serif-m layout-normal text-serif-m layout-padded\">Myndighetene har mye mindre st\u00f8tte i dag, mener<strong class=\"_strong_o9xde_25\"> <\/strong>Wig, og peker p\u00e5 at unge voksne ikke har noen minner av<strong class=\"_strong_o9xde_25\"> <\/strong>landsfaderen Fidel Castro.<\/p>\n<p class=\"_paragraph_o9xde_4 _paragraph_xtcu6_10 layout-component text-serif-m layout-normal text-serif-m layout-padded\"><strong class=\"_strong_o9xde_25\">\u2013 De har vokst opp i en tid hvor troen p\u00e5 det revolusjon\u00e6re prosjektet er borte.<\/strong><\/p>\n<p class=\"_paragraph_o9xde_4 _paragraph_xtcu6_10 layout-component text-serif-m layout-normal text-serif-m layout-padded\">Parlamentsbygningen i Havanna st\u00e5r som et symbol p\u00e5 klasseskillet p\u00e5 den karibiske \u00f8ya. Mens praktbygget skinner, og hagen er m\u00f8ysommelig ivaretatt av gartnere, faller bygningene rundt n\u00e6rmest sammen. <\/p>\n<p class=\"_paragraph_o9xde_4 _paragraph_xtcu6_10 layout-component text-serif-m layout-normal text-serif-m layout-padded\">Estadio Panamericano, som i 1991 huset de <a href=\"https:\/\/snl.no\/panamerikanske_leker\" class=\"_link_o9xde_39\" rel=\"nofollow noopener\" target=\"_blank\">panamerikanske leker<\/a>, er nok et symbol p\u00e5 forfallet. Idretts\u00adanlegget rett utenfor byen har v\u00e6rt fors\u00f8mt i ti\u00e5r.<\/p>\n<p class=\"_paragraph_o9xde_4 _paragraph_xtcu6_10 layout-component text-serif-m layout-normal text-serif-m layout-padded\">Over skallet maling, skakke h\u00f8yde\u00adhoppstenger og gjengrodde rader, troner en stor plakat av Che Guevara og det ber\u00f8mte slagordet \u00a1Hasta la victoria siempre! \u2013 \u00aballtid mot seier\u00bb.<\/p>\n<p class=\"_paragraph_o9xde_4 _paragraph_xtcu6_10 layout-component text-serif-m layout-normal text-serif-m layout-padded\">Innbyggere i Havanna forteller til VG at stadion inntil nylig har v\u00e6rt brukt av skoler og fotballag, noe det nyere gresslaget ogs\u00e5 vitner om. Men det skal ikke v\u00e6re utstyr eller fungerende dusjer p\u00e5 anlegget, som kan huse opptil 45.000 tilskuere. <\/p>\n<p class=\"_paragraph_o9xde_4 _paragraph_xtcu6_10 layout-component text-serif-m layout-normal text-serif-m layout-padded\">Svak l\u00f8nn og vanskelige arbeids\u00adforhold i statlig sektor gj\u00f8r at mange cubanere s\u00f8ker muligheter andre steder.<\/p>\n<p class=\"_paragraph_o9xde_4 _paragraph_xtcu6_10 layout-component text-serif-m layout-normal text-serif-m layout-padded\">\u2013 Min svigerinne hoppet av medisinstudiet etter fire av seks \u00e5r, og dro til Spania for \u00e5 bli servit\u00f8r. Der tjener hun mange ganger det hun ville tjent som lege her, sier en mann i 40-\u00e5rene til VG.<\/p>\n<p class=\"_paragraph_o9xde_4 _paragraph_xtcu6_10 layout-component text-serif-m layout-normal text-serif-m layout-padded\">Selv har han sikret seg en statsjobb som skogsguide. Dette gir ham en fast utbetaling p\u00e5 15 dollar i m\u00e5neden \u2013 150 norske kroner.<\/p>\n<p class=\"_paragraph_o9xde_4 _paragraph_xtcu6_10 layout-component text-serif-m layout-normal text-serif-m layout-padded\"><strong class=\"_strong_o9xde_25\">En gjennomsnittlig m\u00e5nedsl\u00f8nn i statlig sektor er p\u00e5 cirka 175\u2013190 kroner, en \u00e5rsl\u00f8nn p\u00e5 cirka 2250. <\/strong><\/p>\n<p class=\"_paragraph_o9xde_4 _paragraph_xtcu6_10 layout-component text-serif-m layout-normal text-serif-m layout-padded\">En liter melk koster litt over 20 kroner, det samme som i Norge.<\/p>\n<p>Ekstrem fattigdom<\/p>\n<ul class=\"_list_o9xde_3 _list_xtcu6_9 _list_16v91_9 _unordered_o9xde_106 layout-component text-serif-m layout-normal text-sans-m layout-padded\">\n<li class=\"_item_o9xde_30\">S\u00e5 mye som 89 prosent av cubanske familier i 2025 klassifisert som \u00abekstremt fattige\u00bb, if\u00f8lge en 2025-<a href=\"https:\/\/derechossocialescuba.com\/wp-content\/uploads\/2025\/09\/ods8r_es.pdf\" class=\"_link_o9xde_39\" rel=\"nofollow noopener\" target=\"_blank\">studie<\/a> fra Cuban Observatory of Human Rights (OCDH).<\/li>\n<li class=\"_item_o9xde_30\">Studien peker p\u00e5 at krisen rammer bredt. Sult, knapphet p\u00e5 ressurser, lav l\u00f8nn og kollaps i offentlige tjenester bidrar til at mange opplever dypt svekkede levek\u00e5r. <\/li>\n<li class=\"_item_o9xde_30\">Sanksjoner og handels\u00adrestriksjoner, spesielt fra USA, har forverret tilgangen p\u00e5 importerte varer, valutatilgang og utenlandsk kapital.<\/li>\n<li class=\"_item_o9xde_30\">Det rapporteres derfor om stor knapphet p\u00e5 mat, medisiner, drivstoff og andre n\u00f8dvendig\u00adheter, skriver blant andre<a href=\"https:\/\/english.elpais.com\/international\/2024-12-20\/tourism-amid-power-cuts-and-food-shortages-why-does-cuba-continue-to-invest-in-hotels.html?utm_source=chatgpt.com\" class=\"_link_o9xde_39\" rel=\"nofollow noopener\" target=\"_blank\"> El Pais.<\/a><\/li>\n<li class=\"_item_o9xde_30\">President Miguel D\u00edaz-Canel og regjeringen skylder hovedsakelig p\u00e5 den vedvarende amerikanske blokaden og sanksjonene<strong class=\"_strong_o9xde_25\"> <\/strong>mot Cuba, skriver <a href=\"https:\/\/www.reuters.com\/world\/americas\/cuban-president-denounces-state-terrorism-against-venezuela-2026-01-03\/?utm_source=chatgpt.com\" class=\"_link_o9xde_39\" rel=\"nofollow noopener\" target=\"_blank\">Reuters.<\/a><\/li>\n<\/ul>\n<p>Vis mer<\/p>\n<p class=\"_paragraph_o9xde_4 _paragraph_xtcu6_10 layout-component text-serif-m layout-normal text-serif-m layout-padded\">Ettersom<strong class=\"_strong_o9xde_25\"> <\/strong>mange mottar penger fra utlandet eller jobber i privat sektor, er den reelle kj\u00f8pekraften h\u00f8yere.<\/p>\n<p class=\"_paragraph_o9xde_4 _paragraph_xtcu6_10 layout-component text-serif-m layout-normal text-serif-m layout-padded\">P\u00e5 Cuba er det like fullt<strong class=\"_strong_o9xde_25\"> <\/strong>ikke enkelt \u00e5 starte for seg selv eller skape noe.<\/p>\n<p class=\"_paragraph_o9xde_4 _paragraph_xtcu6_10 layout-component text-serif-m layout-normal text-serif-m layout-padded\">Myndighetene vil ikke at privat sektor skal vokse for mye. F\u00f8r 2000-tallet fantes det omtrent ikke muligheter til \u00e5 jobbe for andre enn staten.<\/p>\n<p class=\"_paragraph_o9xde_4 _paragraph_xtcu6_10 layout-component text-serif-m layout-normal text-serif-m layout-padded\">Cubanere som er selvstendig n\u00e6ringsdrivende, f\u00e5r stadig bes\u00f8k av politiet, skrev Forskning.no i 2020. Her ble ogs\u00e5 Cuba-forsker Wig <a href=\"https:\/\/www.forskning.no\/sosialantropologi-okonomi\/kubanere-som-jobber-for-seg-selv-far-stadig-besok-av-politiet\/1642943\" class=\"_link_o9xde_39\" rel=\"nofollow noopener\" target=\"_blank\">intervjuet<\/a>.<\/p>\n<p class=\"_paragraph_o9xde_4 _paragraph_xtcu6_10 layout-component text-serif-m layout-normal text-serif-m layout-padded\">I perioder har staten krevd \u00e5 f\u00e5 se bankkontoen deres, for \u00e5 kunne vite akkurat hvor mye de har tjent. <\/p>\n<p class=\"_paragraph_o9xde_4 _paragraph_xtcu6_10 layout-component text-serif-m layout-normal text-serif-m layout-padded\">Cubanere VG snakker med sier at hver gang de foresl\u00e5r \u00e5 skape noe, sl\u00e5r myndighetene ned dr\u00f8mmene deres og gj\u00f8r realiseringen av prosjektet n\u00e6rmest umulig. <\/p>\n<p class=\"_paragraph_o9xde_4 _paragraph_xtcu6_10 layout-component text-serif-m layout-normal text-serif-m layout-padded\"><strong class=\"_strong_o9xde_25\">\u2013 Alle m\u00e5 dessuten bryte reglene hele tiden for \u00e5 f\u00e5 ting til \u00e5 fungere, sier Wig.<\/strong><\/p>\n<p class=\"_paragraph_o9xde_4 _paragraph_xtcu6_10 layout-component text-serif-m layout-normal text-serif-m layout-padded\">\u2013 Dermed har de alltid noe \u00e5 skjule, og det gj\u00f8r noe med maktbalansen i samfunnet. Myndighetene har alltid noe \u00e5 ta deg p\u00e5.<\/p>\n<p class=\"_paragraph_o9xde_4 _paragraph_xtcu6_10 layout-component text-serif-m layout-normal text-serif-m layout-padded\">Samtidig er det <a href=\"https:\/\/tradingeconomics.com\/cuba\/government-budget\" class=\"_link_o9xde_39\" rel=\"nofollow noopener\" target=\"_blank\">nesten ikke penger igjen<\/a> i statsapparatet. <\/p>\n<p class=\"_paragraph_o9xde_4 _paragraph_xtcu6_10 layout-component text-serif-m layout-normal text-serif-m layout-padded\">Helsepersonell som ikke forsvinner til utlandet, m\u00e5 klare seg med sv\u00e6rt knappe ressurser<strong class=\"_strong_o9xde_25\"> <\/strong>\u2013 og pr\u00f8ve \u00e5 holde systemet i gang.<\/p>\n<p><img class=\"_image_s2syr_92\" fetchpriority=\"low\" loading=\"lazy\" decoding=\"async\"  src=\"https:\/\/www.europesays.com\/no\/wp-content\/uploads\/2026\/01\/86532a6a-9ed7-47b5-b38a-8a5063f70169.jpeg\"  style=\"--hotspot:38.70701058201058% 23.782911077993045%;object-fit:cover\"\/><img class=\"_image_s2syr_92\" fetchpriority=\"low\" loading=\"lazy\" decoding=\"async\"  src=\"https:\/\/www.europesays.com\/no\/wp-content\/uploads\/2026\/01\/2fb265b0-f0e7-4433-933a-b4dc197c6765.jpeg\"  style=\"--hotspot:50.011671335200745% 64.03186274509804%;object-fit:cover\"\/><\/p>\n<p class=\"_paragraph_o9xde_4 _paragraph_xtcu6_10 _paragraph_s2syr_106 layout-component text-serif-m layout-normal\"><strong class=\"_strong_o9xde_25 _strong_s2syr_179 _block_s2syr_134\">Alle former for regimekritikk sl\u00e5s hardt ned p\u00e5. Derfor m\u00e5 befolkningen finne andre m\u00e5ter uttrykke seg p\u00e5.<\/strong><\/p>\n<p class=\"_paragraph_o9xde_4 _paragraph_xtcu6_10 _paragraph_s2syr_106 layout-component text-serif-m layout-normal\"><strong class=\"_strong_o9xde_25 _strong_s2syr_179 _block_s2syr_134\"> Overalt i Havanna synes taggen \u00ab2+2=5\u00bb.<\/strong><\/p>\n<p class=\"_paragraph_o9xde_4 _paragraph_xtcu6_10 layout-component text-serif-m layout-normal text-serif-m layout-padded\">Uttrykket er opprinnelig fra George Orwells ber\u00f8mte roman \u00ab1984\u00bb.<\/p>\n<p class=\"_paragraph_o9xde_4 _paragraph_xtcu6_10 layout-component text-serif-m layout-normal text-serif-m layout-padded\">I boken brukes det som et symbol p\u00e5 statens makt til \u00e5 f\u00e5 folk til \u00e5 akseptere \u00e5penbare l\u00f8gner \u2013 selv noe s\u00e5 objektivt som matematikk \u2013 hvis myndighetene sier at det er sant.<\/p>\n<p>2021-protestene<\/p>\n<ul class=\"_list_o9xde_3 _list_xtcu6_9 _list_16v91_9 _unordered_o9xde_106 layout-component text-serif-m layout-normal text-sans-m layout-padded\">\n<li class=\"_item_o9xde_30\">S\u00f8ndag 11. juli 2021 tok tusen\u00advis av cubanere til gatene i en rekke byer: blant annet i San Antonio de los Ba\u00f1os (vest for Havanna) og Palma Soriano (i \u00f8st).<\/li>\n<li class=\"_item_o9xde_30\">Bakgrunnen var flere problemer: \u00f8konomisk krise, mangel p\u00e5 mat og medisiner, str\u00f8mbrudd og stor frustrasjon over myndighetenes h\u00e5ndtering av pandemien.<\/li>\n<li class=\"_item_o9xde_30\">Protestene<a href=\"https:\/\/www.ebsco.com\/research-starters\/history\/2021-cuban-protests?utm_source=chatgpt.com\" class=\"_link_o9xde_39\" rel=\"nofollow noopener\" target=\"_blank\"> spredte seg raskt<\/a> via mobil\u00adinternett og sosiale medier, til flere byer over hele \u00f8ya.<\/li>\n<li class=\"_item_o9xde_30\">Det ansl\u00e5s at <a href=\"https:\/\/havanatimes.org\/news\/cuba-421-july-11-2021-protesters-still-imprisoned\/?utm_source=chatgpt.com\" class=\"_link_o9xde_39\" rel=\"nofollow noopener\" target=\"_blank\">hundrevis<\/a> fortsatt sitter fengslet som f\u00f8lge av protestene.<\/li>\n<\/ul>\n<p>Vis mer<\/p>\n<p class=\"_paragraph_o9xde_4 _paragraph_xtcu6_10 layout-component text-serif-m layout-normal text-serif-m layout-padded\">I hovedstadens gater tigger kvinner og barn. De ber om Paracet, morsmelk\u00aderstatning, tannb\u00f8rster, s\u00e5pe, penger.<\/p>\n<p class=\"_paragraph_o9xde_4 _paragraph_xtcu6_10 layout-component text-serif-m layout-normal text-serif-m layout-padded\">Et popup-utsalgpopup-utsalgEn butikk som dukker opp og eksisterer i en kort periode. tilbyr blant annet kvinneprodukter og lusesjampo. Men da VG g\u00e5r forbi, er alt utsolgt. <\/p>\n<p class=\"_paragraph_o9xde_4 _paragraph_xtcu6_10 layout-component text-serif-m layout-normal text-serif-m layout-padded\"><strong class=\"_strong_o9xde_25\">I tillegg til alvorlige innenriksforhold st\u00e5r Cuba n\u00e5 i en sv\u00e6rt spent internasjonal situasjon.<\/strong><\/p>\n<p class=\"_paragraph_o9xde_4 _paragraph_xtcu6_10 layout-component text-serif-m layout-normal text-serif-m layout-padded\">\u2013 Cuba er avhengig av venezuelansk olje for \u00e5 holde samfunnet i gang. Hvis oljeleveransene n\u00e5 stanser, vil situasjonen raskt bli enda mer akutt for vanlige folk, sier Wig. <\/p>\n<p class=\"_paragraph_o9xde_4 _paragraph_xtcu6_10 layout-component text-serif-m layout-normal text-serif-m layout-padded\">\u2013 Samtidig kan det hende at andre land, som Russland, vil se seg tjent med \u00e5 g\u00e5 inn med \u00f8kt st\u00f8tte for \u00e5 hindre en total kollaps. <\/p>\n<p class=\"_paragraph_o9xde_4 _paragraph_xtcu6_10 layout-component text-serif-m layout-normal text-serif-m layout-padded\">Som Venezuelas n\u00e6rmeste allierte er det mange som er bekymret for en krig i det<strong class=\"_strong_o9xde_25\"> <\/strong>allerede<strong class=\"_strong_o9xde_25\"> <\/strong>rammede landet. <\/p>\n<p class=\"_paragraph_o9xde_4 _paragraph_xtcu6_10 layout-component text-serif-m layout-normal text-serif-m layout-padded\">\u2013 Det er ingen hemmelighet at USAs utenriksminister Rubio \u00f8nsker et regimeskifte p\u00e5 Cuba. Enten USA velger \u00e5 g\u00e5 til direkte angrep eller bare \u00f8ker det \u00f8konomiske presset, er det liten tvil om at den cubanske befolkningen vil g\u00e5 enda t\u00f8ffere tider i m\u00f8te.<\/p>\n<p>Hva skjer n\u00e5?<\/p>\n<ul class=\"_list_o9xde_3 _list_xtcu6_9 _list_16v91_9 _unordered_o9xde_106 layout-component text-serif-m layout-normal text-sans-m layout-padded\">\n<li class=\"_item_o9xde_30\">USA gjennomf\u00f8rte i 2025 flere <a href=\"https:\/\/www.vg.no\/nyheter\/i\/OkbR8k\/trump-om-angrep-mot-overlevende-paa-paastaatt-kartellbaat-jeg-ville-ikke-ha-oensket-det\" data-track-element-type=\"Link\" data-track-id=\"link:OkbR8k\" class=\"_link_o9xde_39\" rel=\"nofollow noopener\" target=\"_blank\">d\u00f8delige angrep<\/a> i Karibia og Stillehavet, og advarte Venezuela om milit\u00e6rt angrep \u2013 en trussel Trump gjorde alvor av l\u00f8rdag 3. januar 2026. President Maduro ble tatt til fange og skal stilles for retten i New York. <\/li>\n<li class=\"_item_o9xde_30\">Cuba er Venezuelas n\u00e6rmeste allierte, og helt avhengig av nabolandets oljeinntekter. N\u00e5 vil Trump strupe disse. <\/li>\n<li class=\"_item_o9xde_30\">Cuba har kraftig ford\u00f8mt USAs inngripen etter at amerikanske myndigheter i desember beslagla et stort oljetanker\u00adfart\u00f8y utenfor Venezuelas kyst, p\u00e5 vei til Cuba. <\/li>\n<li class=\"_item_o9xde_30\">Cubanske myndighets\u00adpersoner beskriver handlingen som pirat\u00advirksomhet og maritim terrorisme, som bryter internasjonal lov og skader Cuba \u00f8konomisk ved \u00e5 forhindre levering av venezuelansk olje som var ment \u00e5 g\u00e5 til \u00f8ya, skriver <a href=\"https:\/\/www.theguardian.com\/us-news\/2025\/dec\/13\/cuba-denounces-us-seizure-oil-tanker-off-venezuela-coast\" class=\"_link_o9xde_39\" rel=\"nofollow noopener\" target=\"_blank\">The Guardian.<\/a><\/li>\n<li class=\"_item_o9xde_30\">Fart\u00f8yet, som fraktet n\u00e6rmere to millioner fat r\u00e5olje, ble omdirigert til USA, noe som forverret spenningene mellom USA, Venezuela og Cuba. <\/li>\n<\/ul>\n<p>Vis mer<\/p>\n<p class=\"_paragraph_o9xde_4 _paragraph_xtcu6_10 layout-component text-serif-m layout-normal text-serif-m layout-padded\">\u2013 Hvordan kan Cuba \u00abreddes\u00bb?<\/p>\n<p class=\"_paragraph_o9xde_4 _paragraph_xtcu6_10 layout-component text-serif-m layout-normal text-serif-m layout-padded\">\u2013 De m\u00e5 gj\u00f8re noen store \u00f8konomiske og politiske reformer som involverer befolkningen i beslutningsprosesser, svarer forskeren.<\/p>\n<p class=\"_paragraph_o9xde_4 _paragraph_xtcu6_10 layout-component text-serif-m layout-normal text-serif-m layout-padded\">Det handler if\u00f8lge Wig om \u00e5 f\u00e5 fart p\u00e5 \u00f8konomien, blant annet ved \u00e5 slippe til nye initiativer i jordbrukssektoren.<\/p>\n<p class=\"_paragraph_o9xde_4 _paragraph_xtcu6_10 layout-component text-serif-m layout-normal text-serif-m layout-padded\">\u2013 Det er et tankekors at et land med s\u00e5 store naturressurser har mindre selvforsyningsgrad enn Norge. Jordbruksmodellen funker ikke. De trenger store investeringer og reformer. <\/p>\n<p class=\"_paragraph_o9xde_4 _paragraph_xtcu6_10 layout-component text-serif-m layout-normal text-serif-m layout-padded\">Cubas gater er fremdeles fylt av de ber\u00f8mte amerikanske veteranbilene, lappet sammen med det de lokale kan finne av reservedeler. <\/p>\n<p class=\"_paragraph_o9xde_4 _paragraph_xtcu6_10 layout-component text-serif-m layout-normal text-serif-m layout-padded\">For turister er det kanskje sjarmerende og autentisk \u00e5 \u00abreise tilbake i tid\u00bb, men for cubanerne er dette hverdagen.<\/p>\n<p class=\"_paragraph_o9xde_4 _paragraph_xtcu6_10 layout-component text-serif-m layout-normal text-serif-m layout-padded\">Bensinmangelen f\u00f8rer ogs\u00e5 til at s\u00f8ppelbilene ikke rekker \u00e5 hente avfall i tide. Det flyter i mange av hovedstadens gater. <\/p>\n<p class=\"_paragraph_o9xde_4 _paragraph_xtcu6_10 layout-component text-serif-m layout-normal text-serif-m layout-padded\">Sosialantropolog Wig har lite til overs for nordmenn som vil reise hit for \u00e5 oppleve det \u00abekte\u00bb Cuba f\u00f8r det er \u00abfor sent\u00bb. <\/p>\n<p class=\"_paragraph_o9xde_4 _paragraph_xtcu6_10 layout-component text-serif-m layout-normal text-serif-m layout-padded\">\u2013 Det er noe grotesk ved det: \u00c5 reise til et land for \u00e5 se biler som hoster gatelangs, og hus som forfaller, uten \u00e5 tenke p\u00e5 at menneskene som bor der gjerne skulle hatt en ny bil, eller et hus som ikke kollapser, sier han.<\/p>\n<p class=\"_paragraph_o9xde_4 _paragraph_xtcu6_10 layout-component text-serif-m layout-normal text-serif-m layout-padded\"><strong class=\"_strong_o9xde_25\">\u2013 Vanlige cubanere lever n\u00e5 helt p\u00e5 bristepunktet av hva som er mulig. <\/strong><\/p>\n<p> Lone Lohne (tekst og foto)<\/p>\n<p class=\"text-sans-s\">Journalist<\/p>\n<p><img decoding=\"async\" alt=\"Lone Lohne (tekst og foto)\" class=\"_image_uv074_179\" src=\"https:\/\/www.europesays.com\/no\/wp-content\/uploads\/2026\/01\/67d47bdb-8b3d-4c13-81e3-55e3416c6184.jpeg\" width=\"480\"\/>Kontakt Lone Lohne (tekst og foto)     <\/p>\n","protected":false},"excerpt":{"rendered":"Kan et allerede skakkj\u00f8rt Cuba overleve at Venezuelas president Maduro er satt ut av spill? \u2013 Cuba vil&hellip;\n","protected":false},"author":2,"featured_media":132533,"comment_status":"","ping_status":"","sticky":false,"template":"","format":"standard","meta":{"footnotes":""},"categories":[12],"tags":[20,21,10129,24,25,15,22,23,1015,13,30,28,29,14,16,572,26,27,42,785,43,44,45],"class_list":{"0":"post-132532","1":"post","2":"type-post","3":"status-publish","4":"format-standard","5":"has-post-thumbnail","7":"category-verden","8":"tag-breaking-news","9":"tag-breakingnews","10":"tag-cuba","11":"tag-featured-news","12":"tag-featurednews","13":"tag-headlines","14":"tag-latest-news","15":"tag-latestnews","16":"tag-levekar","17":"tag-news","18":"tag-no","19":"tag-norge","20":"tag-norway","21":"tag-nyheter","22":"tag-overskrifter","23":"tag-okonomi","24":"tag-top-stories","25":"tag-topstories","26":"tag-verden","27":"tag-vghubben","28":"tag-world","29":"tag-world-news","30":"tag-worldnews"},"share_on_mastodon":{"url":"https:\/\/pubeurope.com\/@no\/115861782940016577","error":""},"_links":{"self":[{"href":"https:\/\/www.europesays.com\/no\/wp-json\/wp\/v2\/posts\/132532","targetHints":{"allow":["GET"]}}],"collection":[{"href":"https:\/\/www.europesays.com\/no\/wp-json\/wp\/v2\/posts"}],"about":[{"href":"https:\/\/www.europesays.com\/no\/wp-json\/wp\/v2\/types\/post"}],"author":[{"embeddable":true,"href":"https:\/\/www.europesays.com\/no\/wp-json\/wp\/v2\/users\/2"}],"replies":[{"embeddable":true,"href":"https:\/\/www.europesays.com\/no\/wp-json\/wp\/v2\/comments?post=132532"}],"version-history":[{"count":0,"href":"https:\/\/www.europesays.com\/no\/wp-json\/wp\/v2\/posts\/132532\/revisions"}],"wp:featuredmedia":[{"embeddable":true,"href":"https:\/\/www.europesays.com\/no\/wp-json\/wp\/v2\/media\/132533"}],"wp:attachment":[{"href":"https:\/\/www.europesays.com\/no\/wp-json\/wp\/v2\/media?parent=132532"}],"wp:term":[{"taxonomy":"category","embeddable":true,"href":"https:\/\/www.europesays.com\/no\/wp-json\/wp\/v2\/categories?post=132532"},{"taxonomy":"post_tag","embeddable":true,"href":"https:\/\/www.europesays.com\/no\/wp-json\/wp\/v2\/tags?post=132532"}],"curies":[{"name":"wp","href":"https:\/\/api.w.org\/{rel}","templated":true}]}}