{"id":132538,"date":"2026-01-08T22:16:19","date_gmt":"2026-01-08T22:16:19","guid":{"rendered":"https:\/\/www.europesays.com\/no\/132538\/"},"modified":"2026-01-08T22:16:19","modified_gmt":"2026-01-08T22:16:19","slug":"norge-raknet-mot-danmark-skuffet-og-skremt-2","status":"publish","type":"post","link":"https:\/\/www.europesays.com\/no\/132538\/","title":{"rendered":"Norge raknet mot Danmark: &#8211; Skuffet og skremt"},"content":{"rendered":"<p>En jevn og intens f\u00f8rsteomgang resulterte i at lagene gikk til pause p\u00e5 stillingen 13\u201313.\u00a0<\/p>\n<p>Torbj\u00f8rn Bergerud mye av grunnen til at Norge hang med p\u00e5 notene med elleve redninger p\u00e5 de f\u00f8rste 30 minuttene.\u00a0<\/p>\n<p>        <img class=\"image__img lazyload\" itemprop=\"image\" title=\"Foto: \u00d8yvind Brattegard\/TV 2\" alt=\"FENOMENAL: Torbj\u00f8rn Bergerud leverte en knallsterk f\u00f8rsteomgang for Norge mot Danmark. Foto: \u00d8yvind Brattegard\/TV 2\" width=\"675\" height=\"379\" bad-src=\"https:\/\/www.europesays.com\/no\/wp-content\/uploads\/2026\/01\/1767910579_412_18445964.webp.jpeg\" fetchpriority=\"auto\" \/><\/p>\n<p>      FENOMENAL: Torbj\u00f8rn Bergerud leverte en knallsterk f\u00f8rsteomgang for Norge mot Danmark.<br \/>\n         Foto: \u00d8yvind Brattegard\/TV 2<\/p>\n<p>Etter hvilen var Danmark langt kvassere enn de norske herrene og hadde opparbeidet seg en luke p\u00e5 fem m\u00e5l p\u00e5 stillingen 16\u201321 ti minutter ut i andreomgang.<\/p>\n<p>\u2013 Det var \u00e5pningskvarteret av andreomgang som \u00f8dela det som kunne blitt en skikkelig opptur for Norge, sier TV 2s kommentator Harald Bredeli og konkluderer:\u00a0<\/p>\n<p>\u2013 Fra himmel til helvete for Norge.\u00a0<\/p>\n<p>Verdensener Danmark vant til slutt solid 34\u201326 i Norges f\u00f8rste av to EM-oppkj\u00f8ringskamper.<\/p>\n<p>\u2013 Vi hang ikke med defensivt, brant for mange muligheter offensivt, kastet bort altfor mange baller og klarte ikke \u00e5 sette tempo. Da var forskjellen enorm det f\u00f8rste kvarteret, oppsummerer TV 2s h\u00e5ndballekspert Bent Svele.<\/p>\n<p>\u2013 Det f\u00f8rste kvarteret av andreomgang var grusomt \u00e5 se p\u00e5, for \u00e5 v\u00e6re \u00e6rlig. Jeg er skuffet og skremt av at vi skal tape et kvarter s\u00e5 mye, selv mot Danmark, mener Svele.<\/p>\n<p>        <img class=\"image__img lazyload\" itemprop=\"image\" title=\"Foto: Vegard Wivestad Gr\u00f8tt \/ BILDBYR\u00c5N\" alt=\"\u2013 SKREMT: TV 2s h\u00e5ndballekspert Bent Svele var b\u00e5de skuffet og skremt over h\u00e5ndballherrenes innsats det f\u00f8rste kvarteret av andreomgang mot Danmark. Foto: Vegard Wivestad Gr\u00f8tt \/ BILDBYR\u00c5N\" width=\"675\" height=\"453\" bad-src=\"https:\/\/www.europesays.com\/no\/wp-content\/uploads\/2026\/01\/1767910579_508_11814212.webp.jpeg\" fetchpriority=\"auto\" \/><\/p>\n<p>      \u2013 SKREMT: TV 2s h\u00e5ndballekspert Bent Svele var b\u00e5de skuffet og skremt over h\u00e5ndballherrenes innsats det f\u00f8rste kvarteret av andreomgang mot Danmark.<br \/>\n         Foto: Vegard Wivestad Gr\u00f8tt \/ BILDBYR\u00c5N<\/p>\n<p>\u2013 Vi klarer \u00e5 st\u00e5 imot i \u00e9n omgang, det f\u00e5r vi ta med oss, sier Sander Sagosen som har f\u00f8lgende \u00e5 si om den andre omgangen:<\/p>\n<p>\u2013 Vi ble overmannet. Vi bommet for mye, jeg bommet for mye. Vi m\u00e5 hjem og jobbe.<\/p>\n<p>Landslagssjef Jonas Wille har f\u00f8lgende \u00e5 si etter \u00e5ttem\u00e5lstapet:<\/p>\n<p>\u2013 Det f\u00f8rste kvarteret i andreomgang var en stygg periode. Men det er viktig at vi tar med oss det som var bra og bruker den d\u00e5rlige perioden til noe konstruktivt. Det skal vi gj\u00f8re, forsikrer Wille og understreker:\u00a0<\/p>\n<p>        <img class=\"image__img lazyload\" itemprop=\"image\" title=\"Foto: \u00d8yvind Brattegard \/TV 2\" alt=\"OFFENSIV: \u2013 Vi lar oss ikke knekke, forsikrer landslagssjef Jonas Wille etter tapet for Danmark. Foto: \u00d8yvind Brattegard \/TV 2\" width=\"675\" height=\"453\" bad-src=\"https:\/\/www.europesays.com\/no\/wp-content\/uploads\/2026\/01\/1767910579_163_18446052.webp.jpeg\" fetchpriority=\"auto\" \/><\/p>\n<p>      OFFENSIV: \u2013 Vi lar oss ikke knekke, forsikrer landslagssjef Jonas Wille etter tapet for Danmark.<br \/>\n         Foto: \u00d8yvind Brattegard \/TV 2<\/p>\n<p>\u2013 Vi lar oss ikke knekke av en d\u00e5rlig omgang mot Danmark. Vi er offensive som bare det.\u00a0<\/p>\n<p class=\"bold m-bold\" data-lab-font_weight=\"bold\">L\u00f8rdag m\u00f8ter Norge Nederland til andre og siste EM-oppkj\u00f8ringskamp i Golden League. Den kampen ser du p\u00e5 TV 2 Direkte og Play.<\/p>\n","protected":false},"excerpt":{"rendered":"En jevn og intens f\u00f8rsteomgang resulterte i at lagene gikk til pause p\u00e5 stillingen 13\u201313.\u00a0 Torbj\u00f8rn Bergerud mye&hellip;\n","protected":false},"author":2,"featured_media":132409,"comment_status":"","ping_status":"","sticky":false,"template":"","format":"standard","meta":{"footnotes":""},"categories":[59],"tags":[30,28,29,83,82],"class_list":{"0":"post-132538","1":"post","2":"type-post","3":"status-publish","4":"format-standard","5":"has-post-thumbnail","7":"category-sport","8":"tag-no","9":"tag-norge","10":"tag-norway","11":"tag-sport","12":"tag-sports"},"share_on_mastodon":{"url":"https:\/\/pubeurope.com\/@no\/115861794572215505","error":""},"_links":{"self":[{"href":"https:\/\/www.europesays.com\/no\/wp-json\/wp\/v2\/posts\/132538","targetHints":{"allow":["GET"]}}],"collection":[{"href":"https:\/\/www.europesays.com\/no\/wp-json\/wp\/v2\/posts"}],"about":[{"href":"https:\/\/www.europesays.com\/no\/wp-json\/wp\/v2\/types\/post"}],"author":[{"embeddable":true,"href":"https:\/\/www.europesays.com\/no\/wp-json\/wp\/v2\/users\/2"}],"replies":[{"embeddable":true,"href":"https:\/\/www.europesays.com\/no\/wp-json\/wp\/v2\/comments?post=132538"}],"version-history":[{"count":0,"href":"https:\/\/www.europesays.com\/no\/wp-json\/wp\/v2\/posts\/132538\/revisions"}],"wp:featuredmedia":[{"embeddable":true,"href":"https:\/\/www.europesays.com\/no\/wp-json\/wp\/v2\/media\/132409"}],"wp:attachment":[{"href":"https:\/\/www.europesays.com\/no\/wp-json\/wp\/v2\/media?parent=132538"}],"wp:term":[{"taxonomy":"category","embeddable":true,"href":"https:\/\/www.europesays.com\/no\/wp-json\/wp\/v2\/categories?post=132538"},{"taxonomy":"post_tag","embeddable":true,"href":"https:\/\/www.europesays.com\/no\/wp-json\/wp\/v2\/tags?post=132538"}],"curies":[{"name":"wp","href":"https:\/\/api.w.org\/{rel}","templated":true}]}}