{"id":132539,"date":"2026-01-08T22:17:10","date_gmt":"2026-01-08T22:17:10","guid":{"rendered":"https:\/\/www.europesays.com\/no\/132539\/"},"modified":"2026-01-08T22:17:10","modified_gmt":"2026-01-08T22:17:10","slug":"kunstig-intelligens-festivaler-trollrock-trond-onsker-ki-band-velkommen-jeg-forhandler-gjerne-med-djevelen-oppland-arbeiderblad","status":"publish","type":"post","link":"https:\/\/www.europesays.com\/no\/132539\/","title":{"rendered":"Kunstig intelligens, Festivaler | Trollrock-Trond \u00f8nsker \u00abKI-band\u00bb velkommen: \u2013 Jeg forhandler gjerne med djevelen &#8211; Oppland Arbeiderblad"},"content":{"rendered":"<ol>\n<li><a href=\"https:\/\/news.google.com\/rss\/articles\/CBMirAFBVV95cUxNUGRFV05zdDRVanZzREJxcFZxMjVoVzZJcEhyelg0TTZiQ21tRHpVZlAxRFVCM1N2MzFjenpDTmhQSkJXM2dTLV9UZ2R6MlZyMG85dnllcEJXaHVtSE9uS0ZwbmRlYzlYdzN2M2hHRnVQVnI2eHA1SC1jQTEydHNXVUxoNENLZ3pKdlZzbEp2dTN6bDJFOEJxRUhjZU84Z2hfX1hwaVZ3Z3pmSGVa?oc=5\" target=\"_blank\" rel=\"nofollow noopener\">Kunstig intelligens, Festivaler | Trollrock-Trond \u00f8nsker \u00abKI-band\u00bb velkommen: \u2013 Jeg forhandler gjerne med djevelen<\/a>&nbsp;&nbsp;Oppland Arbeiderblad<\/li>\n<li><a href=\"https:\/\/news.google.com\/rss\/articles\/CBMibkFVX3lxTE5ldm5xX0liLV9hbzRaMFNCcWJuRHpfWF9JbGNZN2VnTE1aeWxySnNXUU83X2VGeWdDb082UnQ3amZnVTdxQUxUN0tYZmwtMHgwYnl6Y0h5SDZkRTZFaS1jSTQzeFplZlJJeVN3SllR?oc=5\" target=\"_blank\" rel=\"nofollow noopener\">Festival avbooker AI-band etter mediastorm<\/a>&nbsp;&nbsp;VG<\/li>\n<li><a href=\"https:\/\/news.google.com\/rss\/articles\/CBMiugFBVV95cUxPaXZhS0pBUmpZMkQyZ2t2eTdBb1g3dU9ZS1VrbTQtSmxQYVhkRTZNUkNXZmRTNmY5TUtacHRNcDVaTTNQYkdmMnhTRDg5eVFFRmJHbGNWRUFmMmVoN0t2MFZLcXlCbkltcmRralpiWkhaQ3V6Nl9ROERHb1pvM0pFSHRmMGxldkNZZEMzVlp6aFFCaTZPbU9xNzlPZnVUQkxTMnRnVll6cmQyMk9XS0lpemM5NERmcTdyR3c?oc=5\" target=\"_blank\" rel=\"nofollow noopener\">\u2013 Selv om de skal spille live, er denne m\u00e5ten \u00e5 lage musikk p\u00e5 det motsatte av kunst<\/a>&nbsp;&nbsp;Haugesunds Avis<\/li>\n<li><a href=\"https:\/\/news.google.com\/rss\/articles\/CBMilgFBVV95cUxObDRfNGdSaGloU1JnMGJ6VTRIc0lkakI1UTc3Z3pCbkQxRFdUVi1HaW42Y1lzYnhObmZiWTZ4WHlINS1Ja245aDRyS2tlcjJYUlRtVXBBelBGVDZsektMLTA0eFI4eDhfOFFjUXhEU0k3RHZnNEF3ZnZyU3VDV2NINXJ4YV84Z3pnQmNYTEg1Z3U5aDFjVXc?oc=5\" target=\"_blank\" rel=\"nofollow noopener\">KI-bandet Vestavind mistar medlemmer og m\u00e5 byta namn<\/a>&nbsp;&nbsp;NRK<\/li>\n<li><a href=\"https:\/\/news.google.com\/rss\/articles\/CBMikgFBVV95cUxPd01MdXdHdVpfTHlPbVhVaUt4anVuTzhPb3FjazZCMGh3bjFuOXRsV3hiU2VScTFVa2xYUXl0VFFqVThDUnRlZnpPTVhySVluQkY5LXEtQVlmeU9GWEhPZjZzcG9mN1N3Z1ZlMlhBMlFPSlFCT3E1TmpQajRXMGtBR0JSYWFseHJLMnJhMFlMOU9Wdw?oc=5\" target=\"_blank\" rel=\"nofollow noopener\">Festivaler viste ikke at de booket KI-band: \u2013 Pinlig<\/a>&nbsp;&nbsp;Nationen<\/li>\n<\/ol>\n","protected":false},"excerpt":{"rendered":"Kunstig intelligens, Festivaler | Trollrock-Trond \u00f8nsker \u00abKI-band\u00bb velkommen: \u2013 Jeg forhandler gjerne med djevelen&nbsp;&nbsp;Oppland Arbeiderblad Festival avbooker AI-band&hellip;\n","protected":false},"author":2,"featured_media":132540,"comment_status":"","ping_status":"","sticky":false,"template":"","format":"standard","meta":{"footnotes":""},"categories":[58],"tags":[71,30,28,29,72],"class_list":{"0":"post-132539","1":"post","2":"type-post","3":"status-publish","4":"format-standard","5":"has-post-thumbnail","7":"category-underholdning","8":"tag-entertainment","9":"tag-no","10":"tag-norge","11":"tag-norway","12":"tag-underholdning"},"share_on_mastodon":{"url":"https:\/\/pubeurope.com\/@no\/115861798464075237","error":""},"_links":{"self":[{"href":"https:\/\/www.europesays.com\/no\/wp-json\/wp\/v2\/posts\/132539","targetHints":{"allow":["GET"]}}],"collection":[{"href":"https:\/\/www.europesays.com\/no\/wp-json\/wp\/v2\/posts"}],"about":[{"href":"https:\/\/www.europesays.com\/no\/wp-json\/wp\/v2\/types\/post"}],"author":[{"embeddable":true,"href":"https:\/\/www.europesays.com\/no\/wp-json\/wp\/v2\/users\/2"}],"replies":[{"embeddable":true,"href":"https:\/\/www.europesays.com\/no\/wp-json\/wp\/v2\/comments?post=132539"}],"version-history":[{"count":0,"href":"https:\/\/www.europesays.com\/no\/wp-json\/wp\/v2\/posts\/132539\/revisions"}],"wp:featuredmedia":[{"embeddable":true,"href":"https:\/\/www.europesays.com\/no\/wp-json\/wp\/v2\/media\/132540"}],"wp:attachment":[{"href":"https:\/\/www.europesays.com\/no\/wp-json\/wp\/v2\/media?parent=132539"}],"wp:term":[{"taxonomy":"category","embeddable":true,"href":"https:\/\/www.europesays.com\/no\/wp-json\/wp\/v2\/categories?post=132539"},{"taxonomy":"post_tag","embeddable":true,"href":"https:\/\/www.europesays.com\/no\/wp-json\/wp\/v2\/tags?post=132539"}],"curies":[{"name":"wp","href":"https:\/\/api.w.org\/{rel}","templated":true}]}}