{"id":132543,"date":"2026-01-08T22:21:08","date_gmt":"2026-01-08T22:21:08","guid":{"rendered":"https:\/\/www.europesays.com\/no\/132543\/"},"modified":"2026-01-08T22:21:08","modified_gmt":"2026-01-08T22:21:08","slug":"pipebrann-vib-flere-pipebranner-de-siste-ukene-dette-bor-du-passe-pa","status":"publish","type":"post","link":"https:\/\/www.europesays.com\/no\/132543\/","title":{"rendered":"Pipebrann, VIB | Flere pipebranner de siste ukene \u2013 dette b\u00f8r du passe p\u00e5"},"content":{"rendered":"\n<p>\u2013 Vi har hatt syv utrykninger til pipebrann siden 2. juledag, sier feiermester Jan Espeseth p\u00e5 VIBs Facebook-side.<\/p>\n<p>Brannvesenet skriver at pipebrannene selvf\u00f8lgelig henger sammen med at kulda har sl\u00e5tt inn og at det dermed har blitt \u00f8kt fyring.<\/p>\n<p>Derfor g\u00e5r de n\u00e5 ut og minner om at fyring ikke bare handler om \u00e5 f\u00e5 varme \u2013 det handler ogs\u00e5 om sikkerhet.<\/p>\n<p><b>\u2013 Mange pipebranner starter fordi vi ikke kjenner ildstedet v\u00e5rt godt nok, sier Espeseth.<\/b><\/p>\n<p>  <a href=\"https:\/\/www.tb.no\/5-76-2762885\" class=\"related-teaser has-image default-story-teaser article--c-eRUmMG article--c-eRUmMG-jKCPdD-design-default\" rel=\"nofollow noopener\" target=\"_blank\"><\/p>\n<p>    <img decoding=\"async\" loading=\"lazy\"  src=\"https:\/\/www.europesays.com\/no\/wp-content\/uploads\/2026\/01\/blokkbrann+5.jpg\" alt=\"\" class=\"brick-c-cFOWSL\" style=\"\"\/><\/p>\n<p>\n            Les ogs\u00e5<\/p>\n<p>              Brannalarm sviktet under dramatisk boligbrann: \u2013 Jeg har ikke sovet i hele natt\n        <\/p>\n<p>  <\/a><br \/>\n  Her er brannvesenets gode r\u00e5d for riktig fyring:<\/p>\n<p><b>\u25a0 Bruk t\u00f8rr ved \u2013 alltid! <\/b><\/p>\n<p>Ved skal v\u00e6re godt t\u00f8rket, helst under 20 % fuktighet. Fuktig ved gir d\u00e5rlig varme, mye r\u00f8yk og kan gi sot i pipa. Legg kubber p\u00e5 st\u00f8rrelse ca 8-12 cm i bunn og sm\u00e5 p\u00e5 toppen, tenn opp fra toppen.<\/p>\n<p><b>\u25a0 Bruk nok ved n\u00e5r du skal tenne opp <\/b><\/p>\n<p>For lite ved gir lav temperatur og d\u00e5rlig forbrenning \u2013 da dannes mer sot som kan f\u00f8re til pipebrann. Legg inn tilstrekkelig mengde ved slik at du f\u00e5r friske, klare flammer.<\/p>\n<p><b>\u25a0 Sett deg inn i hvordan ildstedet ditt fungerer <\/b><\/p>\n<p>Ta deg tid til \u00e5 lese bruksanvisningen og forst\u00e5 trekk, spjeld og lufttilf\u00f8rsel. Hvert ildsted er litt forskjellig, og riktig bruk gir tryggere fyring.<\/p>\n<p><b>\u25a0 Test og l\u00e6r hvordan det oppf\u00f8rer seg <\/b><\/p>\n<p>Pr\u00f8v deg fram! Se hvordan flammene reagerer n\u00e5r du justerer lufttilf\u00f8rselen. Det gir deg kontroll og bedre forbrenning.<\/p>\n<p><b>\u25a0 Flammene skal v\u00e6re inne i ildstedet <\/b><\/p>\n<p>Det skal brenne godt, men ikke s\u00e5 kraftig at flammene sl\u00e5r ut av ildstedet. God forbrenning = mindre sot = mindre risiko<\/p>\n<p>  <a data-static=\"\" href=\"#skip-\" class=\"brick-c-fgNmNC\">Hopp over karusellen.<\/a><\/p>\n<p data-static=\"\" class=\"brick-c-fgNmNC\" id=\"carousel-title-\">Innholdskarusell med 20 artikler.<\/p>\n<p>Hvis du oppdager pipebrann:<\/p>\n<p>1. Steng trekkventilen umiddelbart.<\/p>\n<p>2. Ring 110 og meld fra til brannvesenet.<\/p>\n<p>Ikke fors\u00f8k \u00e5 slukke selv \u2013 det kan v\u00e6re farlig!<\/p>\n<p>\u2013 Husk: Riktig fyring gir mer varme, mindre sot og tryggere hjem. Del gjerne dette med venner og familie \u2013 sammen kan vi redusere antall pipebranner, skriver VIB.<\/p>\n<p>  <a data-static=\"\" href=\"#skip-\" class=\"brick-c-fgNmNC\">Hopp over karusellen.<\/a><\/p>\n<p data-static=\"\" class=\"brick-c-fgNmNC\" id=\"carousel-title-\">Innholdskarusell med 20 artikler.<\/p>\n","protected":false},"excerpt":{"rendered":"\u2013 Vi har hatt syv utrykninger til pipebrann siden 2. juledag, sier feiermester Jan Espeseth p\u00e5 VIBs Facebook-side.&hellip;\n","protected":false},"author":2,"featured_media":132544,"comment_status":"","ping_status":"","sticky":false,"template":"","format":"standard","meta":{"footnotes":""},"categories":[10],"tags":[36,367,20,21,962,24,25,15,22,23,13,30,28,29,14,16,15314,1510,26,27,431,15316,15315],"class_list":{"0":"post-132543","1":"post","2":"type-post","3":"status-publish","4":"format-standard","5":"has-post-thumbnail","7":"category-norge","8":"tag-art","9":"tag-brann","10":"tag-breaking-news","11":"tag-breakingnews","12":"tag-faerder","13":"tag-featured-news","14":"tag-featurednews","15":"tag-headlines","16":"tag-latest-news","17":"tag-latestnews","18":"tag-news","19":"tag-no","20":"tag-norge","21":"tag-norway","22":"tag-nyheter","23":"tag-overskrifter","24":"tag-pipebrann","25":"tag-story","26":"tag-top-stories","27":"tag-topstories","28":"tag-tonsberg","29":"tag-vestfold-interkommunale-brannvesen","30":"tag-vib"},"share_on_mastodon":{"url":"https:\/\/pubeurope.com\/@no\/115861814150236015","error":""},"_links":{"self":[{"href":"https:\/\/www.europesays.com\/no\/wp-json\/wp\/v2\/posts\/132543","targetHints":{"allow":["GET"]}}],"collection":[{"href":"https:\/\/www.europesays.com\/no\/wp-json\/wp\/v2\/posts"}],"about":[{"href":"https:\/\/www.europesays.com\/no\/wp-json\/wp\/v2\/types\/post"}],"author":[{"embeddable":true,"href":"https:\/\/www.europesays.com\/no\/wp-json\/wp\/v2\/users\/2"}],"replies":[{"embeddable":true,"href":"https:\/\/www.europesays.com\/no\/wp-json\/wp\/v2\/comments?post=132543"}],"version-history":[{"count":0,"href":"https:\/\/www.europesays.com\/no\/wp-json\/wp\/v2\/posts\/132543\/revisions"}],"wp:featuredmedia":[{"embeddable":true,"href":"https:\/\/www.europesays.com\/no\/wp-json\/wp\/v2\/media\/132544"}],"wp:attachment":[{"href":"https:\/\/www.europesays.com\/no\/wp-json\/wp\/v2\/media?parent=132543"}],"wp:term":[{"taxonomy":"category","embeddable":true,"href":"https:\/\/www.europesays.com\/no\/wp-json\/wp\/v2\/categories?post=132543"},{"taxonomy":"post_tag","embeddable":true,"href":"https:\/\/www.europesays.com\/no\/wp-json\/wp\/v2\/tags?post=132543"}],"curies":[{"name":"wp","href":"https:\/\/api.w.org\/{rel}","templated":true}]}}