{"id":132545,"date":"2026-01-08T22:24:40","date_gmt":"2026-01-08T22:24:40","guid":{"rendered":"https:\/\/www.europesays.com\/no\/132545\/"},"modified":"2026-01-08T22:24:40","modified_gmt":"2026-01-08T22:24:40","slug":"tre-fra-ottadalen-nominert-fjuken-no","status":"publish","type":"post","link":"https:\/\/www.europesays.com\/no\/132545\/","title":{"rendered":"Tre fr\u00e5 Ottadalen nominert &#8211; fjuken.no"},"content":{"rendered":"<ol>\n<li><a href=\"https:\/\/news.google.com\/rss\/articles\/CBMidkFVX3lxTE1vTUtYMkcyS25yWDNQSEc4Z1NzUkZRbjZhdmVtNGFYUFp3emZXN0xoRnZWOEpmOWxmS1hrZ0Z6dTRnVy1wLXVDQy0yMUJCb05taUxwZ2ZBNkdYM3gtbmpFTXJUZWhsVG5MSE9aV09RVEdNX05LTkE?oc=5\" target=\"_blank\" rel=\"nofollow noopener\">Tre fr\u00e5 Ottadalen nominert<\/a>&nbsp;&nbsp;fjuken.no<\/li>\n<li><a href=\"https:\/\/news.google.com\/rss\/articles\/CBMiiwFBVV95cUxQcUtsNFh2Qk5IMTAySFJxcF9KMGRURXdVX01sV0dndHZ6eFl1RXFDLTk2ZF9FY0RfNnVDaWM2TkV1TDNIcnRhSmlldnVzYlZLU3FHNjdkQUdRdlNYQXJiMHJkMFRMbzhMNjE2cGZ3OGt0MFV2U3UxUnRNWnVfNVAzMTJST2tMMlB2Wmxr?oc=5\" target=\"_blank\" rel=\"nofollow noopener\">Sju karm\u00f8ybuer nominert til Dr\u00f8mmestipendet!<\/a>&nbsp;&nbsp;Karm\u00f8ynytt<\/li>\n<li><a href=\"https:\/\/news.google.com\/rss\/articles\/CBMihwFBVV95cUxOUDlQSXVlNXphSFIwTHFGanB5a0k3aFE2eVFfZm9zc0ZwU04wZVhDMEpEVzRXc3lBclV1bml5MlV3UHNtYXNmM0M2cDJfanhFYnJTWEVhT1BWTENhbWZvY2hHS2x3YkFSZERHMXhJYWlvWXZiWTU1SWIybGNfNkRoUDBERlJTTkU?oc=5\" target=\"_blank\" rel=\"nofollow noopener\">Flere lokale nomi\u00adnert til Dr\u00f8mme\u00adstipendet: \u2013 Utrolig stas<\/a>&nbsp;&nbsp;lister24.no<\/li>\n<li><a href=\"https:\/\/news.google.com\/rss\/articles\/CBMimwFBVV95cUxPbGlCLUxMNlVhYlpWVXR0NTlEOHExdGNUNXNCTUR0aWtSREZlbC1hbURES1drejVwRkdrWFZsY1k4cFR0QnZMc3pvMVlJOVozRUtMNnlqM05CVHRDd2xPNXNNdUtPVUE4cnZIeklTX0l2WkdPbmw0NkVyTkQxdm5LYXV3Q0pkNVFXQkJPcFdaVnBrX2hmazBBOHF0MA?oc=5\" target=\"_blank\" rel=\"nofollow noopener\">Solveig: &#8211; Dr\u00f8mmestipendet kan finansiere debutalbumet<\/a>&nbsp;&nbsp;randaberg24.no<\/li>\n<li><a href=\"https:\/\/news.google.com\/rss\/articles\/CBMigwFBVV95cUxQcURYWk9XVGtMNGwxeEx0Q0xIZEhPMWVUbGJRT3AweW5xS1RDY2czcmE5Ukc1VThBWE1QX1NQTVBIYTU3MU9DSEdzcW9YelVpN3JPMzAzNEZlSjh3LUcxclVFRmxxUm1JTXZxdjJ1NWtFS2JMbzJTbWtGTUdsejFHNGExTQ?oc=5\" target=\"_blank\" rel=\"nofollow noopener\">Fremtidsdr\u00f8mmer og dr\u00f8mmestipend<\/a>&nbsp;&nbsp;randaberg24.no<\/li>\n<\/ol>\n","protected":false},"excerpt":{"rendered":"Tre fr\u00e5 Ottadalen nominert&nbsp;&nbsp;fjuken.no Sju karm\u00f8ybuer nominert til Dr\u00f8mmestipendet!&nbsp;&nbsp;Karm\u00f8ynytt Flere lokale nomi\u00adnert til Dr\u00f8mme\u00adstipendet: \u2013 Utrolig stas&nbsp;&nbsp;lister24.no Solveig:&hellip;\n","protected":false},"author":2,"featured_media":132546,"comment_status":"","ping_status":"","sticky":false,"template":"","format":"standard","meta":{"footnotes":""},"categories":[58],"tags":[71,30,28,29,72],"class_list":{"0":"post-132545","1":"post","2":"type-post","3":"status-publish","4":"format-standard","5":"has-post-thumbnail","7":"category-underholdning","8":"tag-entertainment","9":"tag-no","10":"tag-norge","11":"tag-norway","12":"tag-underholdning"},"share_on_mastodon":{"url":"https:\/\/pubeurope.com\/@no\/115861825907208752","error":""},"_links":{"self":[{"href":"https:\/\/www.europesays.com\/no\/wp-json\/wp\/v2\/posts\/132545","targetHints":{"allow":["GET"]}}],"collection":[{"href":"https:\/\/www.europesays.com\/no\/wp-json\/wp\/v2\/posts"}],"about":[{"href":"https:\/\/www.europesays.com\/no\/wp-json\/wp\/v2\/types\/post"}],"author":[{"embeddable":true,"href":"https:\/\/www.europesays.com\/no\/wp-json\/wp\/v2\/users\/2"}],"replies":[{"embeddable":true,"href":"https:\/\/www.europesays.com\/no\/wp-json\/wp\/v2\/comments?post=132545"}],"version-history":[{"count":0,"href":"https:\/\/www.europesays.com\/no\/wp-json\/wp\/v2\/posts\/132545\/revisions"}],"wp:featuredmedia":[{"embeddable":true,"href":"https:\/\/www.europesays.com\/no\/wp-json\/wp\/v2\/media\/132546"}],"wp:attachment":[{"href":"https:\/\/www.europesays.com\/no\/wp-json\/wp\/v2\/media?parent=132545"}],"wp:term":[{"taxonomy":"category","embeddable":true,"href":"https:\/\/www.europesays.com\/no\/wp-json\/wp\/v2\/categories?post=132545"},{"taxonomy":"post_tag","embeddable":true,"href":"https:\/\/www.europesays.com\/no\/wp-json\/wp\/v2\/tags?post=132545"}],"curies":[{"name":"wp","href":"https:\/\/api.w.org\/{rel}","templated":true}]}}