{"id":132547,"date":"2026-01-08T22:27:08","date_gmt":"2026-01-08T22:27:08","guid":{"rendered":"https:\/\/www.europesays.com\/no\/132547\/"},"modified":"2026-01-08T22:27:08","modified_gmt":"2026-01-08T22:27:08","slug":"venezuela-har-loslatt-et-stort-antall-fanger","status":"publish","type":"post","link":"https:\/\/www.europesays.com\/no\/132547\/","title":{"rendered":"Venezuela har l\u00f8slatt et stort antall fanger"},"content":{"rendered":"\n<p class=\"_lead_o9xde_2 _lead_xtcu6_50 layout-component text-serif-m layout-normal text-serif-l layout-component layout-wide layout-padded _wide_17hqh_1 layout-padded\">Den spansk-venezuelanske aktivisten Rocio San Miguel er blant dem.<\/p>\n<p><img alt=\"Den spansk-venezuelanske aktivisten Rocio San Miguel er l\u00f8slatt etter nesten to \u00e5r i fengsel i Venezuela.  Foto: AP \/ NTB\" class=\"_image_qp4xg_65 layout-component layout-wide\" data-fullscreen- data-track-element-type=\"Article image fullscreen\" data-track-name=\"ImageFullscreen\" fetchpriority=\"high\" decoding=\"sync\" loading=\"eager\" height=\"5760\" itemprop=\"image\"  src=\"https:\/\/www.europesays.com\/no\/wp-content\/uploads\/2026\/01\/5273c63a-b4c4-4806-83b3-afcc0056c145.png\"  style=\"object-position:0% 0%\" width=\"8640\"\/>Den spansk-venezuelanske aktivisten Rocio San Miguel er l\u00f8slatt etter nesten to \u00e5r i fengsel i Venezuela.  Foto: AP \/ NTB<\/p>\n<ul aria-hidden=\"true\" class=\"_images_ntbth_112\">\n<li><a class=\"_link_ntbth_117\" href=\"https:\/\/www.vg.no\/forfatter\/ntb\" style=\"z-index:1\" title=\"NTB\" rel=\"nofollow noopener\" target=\"_blank\"><img alt=\"Bilde av NTB\" class=\"_image_ntbth_93\" fetchpriority=\"low\" loading=\"lazy\" decoding=\"async\" itemprop=\"image\"  src=\"https:\/\/www.europesays.com\/no\/wp-content\/uploads\/2026\/01\/1767911228_833_c33980b0-5d07-4027-84a1-813f90a7c8d6.png\"  width=\"480\"\/><\/a><\/li>\n<\/ul>\n<p> Oppdatert torsdag 8. januar kl. 22:14     <\/p>\n<p class=\"_paragraph_o9xde_4 _paragraph_xtcu6_10 layout-component text-serif-m layout-normal text-serif-m layout-padded\">If\u00f8lge lederen i landets nasjonalforsamling, Jorge Rodriguez, er \u00abet betydelig antall venezuelanere og utenlandske statsborgere\u00bb l\u00f8slatt. <\/p>\n<p class=\"_paragraph_o9xde_4 _paragraph_xtcu6_10 layout-component text-serif-m layout-normal text-serif-m layout-padded\">\u2013 Anse dette som en gest fra regjeringen, som i stor grad s\u00f8ker fred, sa Rodr\u00edguez i en kunngj\u00f8ring som ble offentliggjort p\u00e5 TV. <\/p>\n<p class=\"_paragraph_o9xde_4 _paragraph_xtcu6_10 layout-component text-serif-m layout-normal text-serif-m layout-padded\">Rodriguez er broren til landets fungerende president Delcy Rodr\u00edguez.<\/p>\n<p class=\"_paragraph_o9xde_4 _paragraph_xtcu6_10 layout-component text-serif-m layout-normal text-serif-m layout-padded\">Kunngj\u00f8ringen kommer fem dager etter USAs angrep p\u00e5 landet, der president Nicol\u00e1s Maduro og kona Cilia Flores ble tatt til fange og fl\u00f8yet til USA.<\/p>\n<p class=\"_paragraph_o9xde_4 _paragraph_xtcu6_10 layout-component text-serif-m layout-normal text-serif-m layout-padded\">If\u00f8lge Spanias utenriksminister Jos\u00e9 Manuel Albares er det fem spanske statsborgere blant de l\u00f8slatte. <\/p>\n<p class=\"_paragraph_o9xde_4 _paragraph_xtcu6_10 layout-component text-serif-m layout-normal text-serif-m layout-padded\">Blant dem er den anerkjente spansk-venezuelanske aktivisten Rocio San Miguel, som har sittet fengslet i Caracas i nesten to \u00e5r, opplyser advokaten hennes, Theresly Malave.<\/p>\n<p class=\"_paragraph_o9xde_4 _paragraph_xtcu6_10 layout-component text-serif-m layout-normal text-serif-m layout-padded\">San Miguel ble p\u00e5grepet i februar 2024, anklaget for \u00e5 ha medvirket i et angivelig komplott for \u00e5 drepte Maduro. <\/p>\n<p class=\"_paragraph_o9xde_4 _paragraph_xtcu6_10 layout-component text-serif-m layout-normal text-serif-m layout-padded\">En rekke journalister, advokater og menneskerettsaktivister ble ogs\u00e5 l\u00f8slatt torsdag, men antallet er ikke kjent. <\/p>\n<p class=\"_paragraph_o9xde_4 _paragraph_xtcu6_10 layout-component text-serif-m layout-normal text-serif-m layout-padded\"> If\u00f8lge <a href=\"https:\/\/www.amnesty.org\/en\/documents\/amr53\/0225\/2025\/en\/\" class=\"_link_o9xde_39\" rel=\"nofollow noopener\" target=\"_blank\">Amnesty International <\/a>har det sittet et stort antall politiske fanger i Venezuela under Maduro.<\/p>\n","protected":false},"excerpt":{"rendered":"Den spansk-venezuelanske aktivisten Rocio San Miguel er blant dem. Den spansk-venezuelanske aktivisten Rocio San Miguel er l\u00f8slatt etter&hellip;\n","protected":false},"author":2,"featured_media":132548,"comment_status":"","ping_status":"","sticky":false,"template":"","format":"standard","meta":{"footnotes":""},"categories":[12],"tags":[20,21,24,25,15,22,23,13,30,28,29,14,16,26,27,42,43,44,45],"class_list":{"0":"post-132547","1":"post","2":"type-post","3":"status-publish","4":"format-standard","5":"has-post-thumbnail","7":"category-verden","8":"tag-breaking-news","9":"tag-breakingnews","10":"tag-featured-news","11":"tag-featurednews","12":"tag-headlines","13":"tag-latest-news","14":"tag-latestnews","15":"tag-news","16":"tag-no","17":"tag-norge","18":"tag-norway","19":"tag-nyheter","20":"tag-overskrifter","21":"tag-top-stories","22":"tag-topstories","23":"tag-verden","24":"tag-world","25":"tag-world-news","26":"tag-worldnews"},"share_on_mastodon":{"url":"https:\/\/pubeurope.com\/@no\/115861837841844244","error":""},"_links":{"self":[{"href":"https:\/\/www.europesays.com\/no\/wp-json\/wp\/v2\/posts\/132547","targetHints":{"allow":["GET"]}}],"collection":[{"href":"https:\/\/www.europesays.com\/no\/wp-json\/wp\/v2\/posts"}],"about":[{"href":"https:\/\/www.europesays.com\/no\/wp-json\/wp\/v2\/types\/post"}],"author":[{"embeddable":true,"href":"https:\/\/www.europesays.com\/no\/wp-json\/wp\/v2\/users\/2"}],"replies":[{"embeddable":true,"href":"https:\/\/www.europesays.com\/no\/wp-json\/wp\/v2\/comments?post=132547"}],"version-history":[{"count":0,"href":"https:\/\/www.europesays.com\/no\/wp-json\/wp\/v2\/posts\/132547\/revisions"}],"wp:featuredmedia":[{"embeddable":true,"href":"https:\/\/www.europesays.com\/no\/wp-json\/wp\/v2\/media\/132548"}],"wp:attachment":[{"href":"https:\/\/www.europesays.com\/no\/wp-json\/wp\/v2\/media?parent=132547"}],"wp:term":[{"taxonomy":"category","embeddable":true,"href":"https:\/\/www.europesays.com\/no\/wp-json\/wp\/v2\/categories?post=132547"},{"taxonomy":"post_tag","embeddable":true,"href":"https:\/\/www.europesays.com\/no\/wp-json\/wp\/v2\/tags?post=132547"}],"curies":[{"name":"wp","href":"https:\/\/api.w.org\/{rel}","templated":true}]}}