{"id":132549,"date":"2026-01-08T22:28:07","date_gmt":"2026-01-08T22:28:07","guid":{"rendered":"https:\/\/www.europesays.com\/no\/132549\/"},"modified":"2026-01-08T22:28:07","modified_gmt":"2026-01-08T22:28:07","slug":"helsevesenet-pa-sitt-beste-rbnett-no","status":"publish","type":"post","link":"https:\/\/www.europesays.com\/no\/132549\/","title":{"rendered":"Helsevesenet p\u00e5 sitt beste &#8211; rbnett.no"},"content":{"rendered":"<p data-testid=\"textWithMarkup-text\" data-v-81d7dc2b=\"\" data-v-62d58f52=\"\">I g\u00e5r var det min tur til \u00e5 komme over d\u00f8rstokken hos dere for \u00e5 f\u00e5 utf\u00f8rt et inngrep.<\/p>\n<p data-testid=\"textWithMarkup-text\" data-v-81d7dc2b=\"\" data-v-62d58f52=\"\">Og for noen fantastiske folk som jobber der p\u00e5 sykehuset!\u00a0<\/p>\n<p data-testid=\"textWithMarkup-text\" data-v-81d7dc2b=\"\" data-v-62d58f52=\"\">Alle som var der for at jeg skulle f\u00f8le meg trygg og ivaretatt ,viste en enest\u00e5ende omsorg og hjelpsomhet !\u00a0 Dette er Norge p\u00e5 sitt beste som har slike dedikerte medarbeidere som tilfellet er ved Ny-sykehuset v\u00e5rt p\u00e5 Hjelset!<\/p>\n<p data-testid=\"textWithMarkup-text\" data-v-81d7dc2b=\"\" data-v-62d58f52=\"\">S\u00e5 tusen takk for et fint opphold for min del!<\/p>\n","protected":false},"excerpt":{"rendered":"I g\u00e5r var det min tur til \u00e5 komme over d\u00f8rstokken hos dere for \u00e5 f\u00e5 utf\u00f8rt et&hellip;\n","protected":false},"author":2,"featured_media":132550,"comment_status":"","ping_status":"","sticky":false,"template":"","format":"standard","meta":{"footnotes":""},"categories":[10],"tags":[20,21,24,25,15,22,23,13,30,28,29,14,16,26,27],"class_list":{"0":"post-132549","1":"post","2":"type-post","3":"status-publish","4":"format-standard","5":"has-post-thumbnail","7":"category-norge","8":"tag-breaking-news","9":"tag-breakingnews","10":"tag-featured-news","11":"tag-featurednews","12":"tag-headlines","13":"tag-latest-news","14":"tag-latestnews","15":"tag-news","16":"tag-no","17":"tag-norge","18":"tag-norway","19":"tag-nyheter","20":"tag-overskrifter","21":"tag-top-stories","22":"tag-topstories"},"share_on_mastodon":{"url":"https:\/\/pubeurope.com\/@no\/115861841772374738","error":""},"_links":{"self":[{"href":"https:\/\/www.europesays.com\/no\/wp-json\/wp\/v2\/posts\/132549","targetHints":{"allow":["GET"]}}],"collection":[{"href":"https:\/\/www.europesays.com\/no\/wp-json\/wp\/v2\/posts"}],"about":[{"href":"https:\/\/www.europesays.com\/no\/wp-json\/wp\/v2\/types\/post"}],"author":[{"embeddable":true,"href":"https:\/\/www.europesays.com\/no\/wp-json\/wp\/v2\/users\/2"}],"replies":[{"embeddable":true,"href":"https:\/\/www.europesays.com\/no\/wp-json\/wp\/v2\/comments?post=132549"}],"version-history":[{"count":0,"href":"https:\/\/www.europesays.com\/no\/wp-json\/wp\/v2\/posts\/132549\/revisions"}],"wp:featuredmedia":[{"embeddable":true,"href":"https:\/\/www.europesays.com\/no\/wp-json\/wp\/v2\/media\/132550"}],"wp:attachment":[{"href":"https:\/\/www.europesays.com\/no\/wp-json\/wp\/v2\/media?parent=132549"}],"wp:term":[{"taxonomy":"category","embeddable":true,"href":"https:\/\/www.europesays.com\/no\/wp-json\/wp\/v2\/categories?post=132549"},{"taxonomy":"post_tag","embeddable":true,"href":"https:\/\/www.europesays.com\/no\/wp-json\/wp\/v2\/tags?post=132549"}],"curies":[{"name":"wp","href":"https:\/\/api.w.org\/{rel}","templated":true}]}}