{"id":132551,"date":"2026-01-08T22:29:07","date_gmt":"2026-01-08T22:29:07","guid":{"rendered":"https:\/\/www.europesays.com\/no\/132551\/"},"modified":"2026-01-08T22:29:07","modified_gmt":"2026-01-08T22:29:07","slug":"helt-vanvittig-idiotisk-nrk-sport-sportsnyheter-resultater-og-sendeplan","status":"publish","type":"post","link":"https:\/\/www.europesays.com\/no\/132551\/","title":{"rendered":"\u2013 Helt vanvittig idiotisk \u2013 NRK Sport \u2013 Sportsnyheter, resultater og sendeplan"},"content":{"rendered":"<p>Gabriel Martinelli fikk overtenning p\u00e5 overtid av toppoppgj\u00f8ret mellom Arsenal og Liverpool.<\/p>\n<p>Helt p\u00e5 tampen var Arsenals brasilianer og Liverpools Conor Bradley i kamp om ballen, da nordiren tr\u00e5kket kraftig over og ble liggende og vri seg i smerte p\u00e5 gresset.<\/p>\n<p>Da kokte det fullstendig over for innbytter Martinelli.<\/p>\n<p><img decoding=\"async\"   src=\"data:image\/gif;base64,R0lGODlhAQABAIAAAAAAAP\/\/\/yH5BAEAAAAALAAAAAABAAEAAAIBRAA7\" loading=\"eager\" alt=\"Bilde viser flere fotballspillere som interagerer p\u00e5 banen under en kamp. En spiller i hvit drakt er involvert i en h\u00e5nds\u00f8kning med en annen spiller i r\u00f8d drakt. Dommeren, if\u00f8rt bl\u00e5 drakt, er til stede for \u00e5 vurdere situasjonen. Bakgrunnen viser en del av stadion, med tilskuere i m\u00f8rket. (Bildebeskrivelsen er laget av en KI-tjeneste)\" title=\"Foto: Paul Childs \/ Reuters \/ NTB\"\/><\/p>\n<p class=\"\">TUMULTER: Det ble s\u00e6rdeles d\u00e5rlig stemning da Martinelli dyttet en skadet Bradley \u2013 som allerede l\u00e5 nede.<\/p>\n<p>Foto: Paul Childs \/ Reuters \/ NTB<\/p>\n<ul>\n<li>F\u00f8rst gikk han helt oppi Bradley og leverte noen gloser.<\/li>\n<li>S\u00e5 kastet han ballen p\u00e5 backen.<\/li>\n<li>Deretter skubbet han til Bradley med kneet, samtidig som Liverpool-spilleren. fikk hjelp av det medisinske apparatet.<\/li>\n<li>Til slutt tok Martinelli et godt tak i drakten og dyttet Bradley over ende. Han hadde s\u00e5 store smerter at han m\u00e5tte bli b\u00e5ret av banen.<\/li>\n<\/ul>\n<p>\u2013 Total hodemist av Martinelli. Fullstendig usportslig opptreden og den blir jo ekstra synlig n\u00e5r Bradley b\u00e6res ut p\u00e5 b\u00e5re, sier NRKs fotballekspert Carl-Erik Torp.<\/p>\n<p><img decoding=\"async\"   src=\"data:image\/gif;base64,R0lGODlhAQABAIAAAAAAAP\/\/\/yH5BAEAAAAALAAAAAABAAEAAAIBRAA7\" loading=\"eager\" alt=\"Et fotballspill stoppes p\u00e5 grunn av en spiller som ligger p\u00e5 bakken og f\u00e5r hjelp av medisinske ansatte. Flere spillere fra begge lag observerer situasjonen, mens dommeren er til stede. Omgivelsene viser en stadionarena med tilskuere i bakgrunnen. Spillerne bruker klubbdresser fra Arsenal og det andre laget. (Bildebeskrivelsen er laget av en KI-tjeneste)\" title=\"Foto: Ian Walton \/ AP \/ NTB\"\/><\/p>\n<p class=\"\">BEHANDLING: Bradley m\u00e5tte f\u00e5 medisinsk hjelp f\u00f8r han ble b\u00e5ret av banen<\/p>\n<p>Foto: Ian Walton \/ AP \/ NTB<\/p>\n<p>Han f\u00e5r st\u00f8tte av en rekke andre eksperter.<\/p>\n<p><strong>\u2013 Helt vanvittig idiotisk gjort, sier Viaplays Nils Johan Semb om Martinelli.<\/strong><\/p>\n<p>\u2013 Du kan ikke dytte han av banen! Du kan ikke gj\u00f8re det. Det er s\u00e5 d\u00e5rlig. Jeg synes en unnskyldning er p\u00e5 sin plass, raser Gary Neville hos Sky Sport.<\/p>\n<p>\u2013 Det Martinelli gj\u00f8r her, det er skammelig. Helt skammelig. Vi vil ikke se dette. Han pr\u00f8ver til og med \u00e5 sparke ham ut og kaster ballen p\u00e5 ham, sier Peter Smeichel p\u00e5 Viapalys sending etter kampen.<br \/>\u2013 Han har ingen rett til \u00e5 gj\u00f8re det. Jeg h\u00e5per dommerne ser p\u00e5 det og sier at de skal straffe det, for vi vil ikke se det, fortsetter den gamle keeperen.<\/p>\n<p><img decoding=\"async\"   src=\"data:image\/gif;base64,R0lGODlhAQABAIAAAAAAAP\/\/\/yH5BAEAAAAALAAAAAABAAEAAAIBRAA7\" loading=\"eager\" alt=\"Medisinsk personale frakter en spiller p\u00e5 b\u00e5re etter en skade under en fotballkamp. Flere personer i sorte jakker bidrar til transporten, mens publikum i bakgrunnen ser p\u00e5. Omgivelsene er stadion, og det er et variert publikum til stede. Det er tydelig at situasjonen er alvorlig, og det er fokus p\u00e5 forsyning av hjelp til spilleren. (Bildebeskrivelsen er laget av en KI-tjeneste)\" title=\"Foto: Ian Walton \/ AP \/ NTB\"\/><\/p>\n<p class=\"\">HJELP: Conor Bradley klarte ikke forlate banen for egen maskin.<\/p>\n<p>Foto: Ian Walton \/ AP \/ NTB<\/p>\n<p>\u2013 Jeg vet hva han tenker \u2013 at Bradley bare kaster bort tid. Men du m\u00e5 se p\u00e5 hva som skjer. N\u00e5r Gabriel Martinelli ser dette i kveld, s\u00e5 h\u00e5per jeg han ringer Bradley i morgen og beklager, for det er ikke ok p\u00e5 noen m\u00e5te, sier Fredrik Ljungberg hos Viaplay.<\/p>\n<p>Martinelli fikk gult kort for opptredenen av dommer Anthony Taylor.<\/p>\n<p>Liverpool fikk ros<\/p>\n<p>F\u00f8r kampen var det ingen tvil om at serieleder Arsenal var de store favorittene mot et Liverpool-lag som ikke har f\u00e5tt det til \u00e5 svinge den siste tiden.<\/p>\n<p>I \u00e5pningsminuttene s\u00e5 det ogs\u00e5 ut til at den sp\u00e5dommen skulle stemme, men utover i 1. omgang \u2013 og s\u00e6rlig 2. omgang \u2013 tok gjestene mer og mer over p\u00e5 fremmed gress.<\/p>\n<p>I lange perioder etter hvilen ble Arsenal spilt dype, spilte bort ballen og ble stresset.<\/p>\n<p><strong>\u2013 Kveldens sture overraskelse var m\u00e5ten Liverpool snudde f\u00f8r 2. omgang. Men en frustrerende kveld for Mikel Arteta. De var langt unna, sa Sky Sports&#8217; Neville.<\/strong><\/p>\n<p><strong>\u2013 Jeg tror Arne Slot (Liverpools manager) vil v\u00e6re str\u00e5lende forn\u00f8yd med utf\u00f8relsen til spillerne. Man m\u00e5 gi han ros for kampplanen, sier tidligere Liverpool-, Chelsea- og Manchester City-spiller Daniel Sturridge hos samme kanal.<\/strong><\/p>\n<p><img decoding=\"async\"   src=\"data:image\/gif;base64,R0lGODlhAQABAIAAAAAAAP\/\/\/yH5BAEAAAAALAAAAAABAAEAAAIBRAA7\" loading=\"eager\" alt=\"To spillere fra Arsenal spiller fotball p\u00e5 en stadion, med en ball som er i lufta. Den ene spilleren er i ferd med \u00e5 skyte, mens den andre l\u00f8per for \u00e5 blokkere. I bakgrunnen er en stor tilhengerskare med mange tilskuere. Stemningen virker intens og fokusert. (Bildebeskrivelsen er laget av en KI-tjeneste)\" title=\"Foto: Paul Childs \/ Reuters \/ NTB\"\/><\/p>\n<p class=\"\">NESTEN: Conor Bradley (i hvitt) var centimeter fra \u00e5 lobbe Liverpool i ledelsen.<\/p>\n<p>Foto: Paul Childs \/ Reuters \/ NTB<\/p>\n<p>Arsenal leder fremdeles Premier League, men klarte ikke \u00f8ke forspranget til mer enn seks poeng ned til serietoer Manchester City, som ogs\u00e5 spilte uavgjort i midtuken.<\/p>\n<p>\u2013 Resultatet er ikke verdens ende for Arsenal. Det de b\u00f8r bekymre seg over er at Liverpool dominerte kampen s\u00e5 mye, sa Roy Keane hos Sky Sports.<\/p>\n<p>Publisert<\/p>\n<p>08.01.2026, kl. 22.57<\/p>\n<p>Oppdatert<\/p>\n<p>08.01.2026, kl. 23.27<\/p>\n","protected":false},"excerpt":{"rendered":"Gabriel Martinelli fikk overtenning p\u00e5 overtid av toppoppgj\u00f8ret mellom Arsenal og Liverpool. Helt p\u00e5 tampen var Arsenals brasilianer&hellip;\n","protected":false},"author":2,"featured_media":132552,"comment_status":"","ping_status":"","sticky":false,"template":"","format":"standard","meta":{"footnotes":""},"categories":[5],"tags":[20,21,24,25,15,19,22,23,17,18,13,30,28,29,14,16,26,27],"class_list":{"0":"post-132551","1":"post","2":"type-post","3":"status-publish","4":"format-standard","5":"has-post-thumbnail","7":"category-overskrifter","8":"tag-breaking-news","9":"tag-breakingnews","10":"tag-featured-news","11":"tag-featurednews","12":"tag-headlines","13":"tag-hovedoppslag","14":"tag-latest-news","15":"tag-latestnews","16":"tag-main-news","17":"tag-mainnews","18":"tag-news","19":"tag-no","20":"tag-norge","21":"tag-norway","22":"tag-nyheter","23":"tag-overskrifter","24":"tag-top-stories","25":"tag-topstories"},"share_on_mastodon":{"url":"https:\/\/pubeurope.com\/@no\/115861845606320486","error":""},"_links":{"self":[{"href":"https:\/\/www.europesays.com\/no\/wp-json\/wp\/v2\/posts\/132551","targetHints":{"allow":["GET"]}}],"collection":[{"href":"https:\/\/www.europesays.com\/no\/wp-json\/wp\/v2\/posts"}],"about":[{"href":"https:\/\/www.europesays.com\/no\/wp-json\/wp\/v2\/types\/post"}],"author":[{"embeddable":true,"href":"https:\/\/www.europesays.com\/no\/wp-json\/wp\/v2\/users\/2"}],"replies":[{"embeddable":true,"href":"https:\/\/www.europesays.com\/no\/wp-json\/wp\/v2\/comments?post=132551"}],"version-history":[{"count":0,"href":"https:\/\/www.europesays.com\/no\/wp-json\/wp\/v2\/posts\/132551\/revisions"}],"wp:featuredmedia":[{"embeddable":true,"href":"https:\/\/www.europesays.com\/no\/wp-json\/wp\/v2\/media\/132552"}],"wp:attachment":[{"href":"https:\/\/www.europesays.com\/no\/wp-json\/wp\/v2\/media?parent=132551"}],"wp:term":[{"taxonomy":"category","embeddable":true,"href":"https:\/\/www.europesays.com\/no\/wp-json\/wp\/v2\/categories?post=132551"},{"taxonomy":"post_tag","embeddable":true,"href":"https:\/\/www.europesays.com\/no\/wp-json\/wp\/v2\/tags?post=132551"}],"curies":[{"name":"wp","href":"https:\/\/api.w.org\/{rel}","templated":true}]}}