{"id":132555,"date":"2026-01-08T22:34:23","date_gmt":"2026-01-08T22:34:23","guid":{"rendered":"https:\/\/www.europesays.com\/no\/132555\/"},"modified":"2026-01-08T22:34:23","modified_gmt":"2026-01-08T22:34:23","slug":"skole-oppvekst-hoyre-vil-erstatte-digitale-ferdigheter-i-skolen-med-konsentrasjon","status":"publish","type":"post","link":"https:\/\/www.europesays.com\/no\/132555\/","title":{"rendered":"Skole, Oppvekst | H\u00f8yre vil erstatte \u00abdigitale ferdigheter\u00bb i skolen med \u00abkonsentrasjon\u00bb"},"content":{"rendered":"\n<p>\u2013 Jeg er sv\u00e6rt bekymret for samfunnstrendene som skyller innover norsk skole. Vi har en mer mangfoldig elevgruppe der flere elever sliter og trenger tilpasset undervisning. Elever tilbringer timevis p\u00e5 skjerm hver dag, er mer stillesittende enn tidligere, og mange bruker KI som en snarvei uten \u00e5 l\u00e6re det grunnleggende.<\/p>\n<p>Det sier Mathilde Tybring-Gjedde i en pressemelding fra H\u00f8yre. Hun er leder i Stortingets utdannings- og forskningskomite og presenteres i <a href=\"https:\/\/www.vg.no\/nyheter\/i\/aJ2mB5\/mathilde-tybring-gjedde-hoeyre-skal-gjenskape-skolen-som-skolepartiet?fbclid=IwY2xjawPLYkJleHRuA2FlbQIxMABicmlkETBMTTExTmdweGt3R3pneUpSc3J0YwZhcHBfaWQQMjIyMDM5MTc4ODIwMDg5MgABHsoUuSYCWFiTh3onRdWgF419SComdSvZlJ8kdeIgU91G-zqS-LTYnpQS1I9G_aem_BpguKmcRBJ3zugmnJKk71w\" rel=\"nofollow noopener\" target=\"_blank\">VG <\/a> som H\u00f8yres nye skolesjef.<\/p>\n<p>  <a href=\"https:\/\/www.nationen.no\/5-148-844190\" class=\"related-teaser has-image default-story-teaser article--c-eRUmMG article--c-eRUmMG-jKCPdD-design-default\" rel=\"nofollow noopener\" target=\"_blank\"><\/p>\n<p>    <img decoding=\"async\" loading=\"lazy\"  src=\"https:\/\/www.europesays.com\/no\/wp-content\/uploads\/2026\/01\/1767904880_398_NTB_dOGiX-5v_k8.jpg\" alt=\"\" class=\"brick-c-cFOWSL\" style=\"\"\/><\/p>\n<p>\n            Les ogs\u00e5<\/p>\n<p>              Klar beskjed til minst effektive kommuner: \u2013 B\u00f8r skjerpe seg\n        <\/p>\n<p>  <\/a><\/p>\n<p>I pressemeldingen varsler H\u00f8yre blant annet at de \u00f8nsker \u00e5 erstatte \u00abdigitale ferdigheter\u00bb med \u00abkonsentrasjon og utholdenhet\u00bb som en grunnleggende ferdighet som skal trenes i alle fag. Forslagene skal legges fram for landsm\u00f8tet om en m\u00e5ned.<\/p>\n<p>Dette er ikke eneste m\u00e5ten det digitale prioriteres ned. Elevene skal ogs\u00e5 f\u00e5 fysiske l\u00e6reb\u00f8ker gjennom hele skolel\u00f8pet.<\/p>\n<p>Skoleelevene skal dessuten bevege mer p\u00e5 seg ved at det frigj\u00f8res tid i timeplanen til minst en halv time fysisk aktivitet hver dag p\u00e5 ungdomstrinnet.<\/p>\n<p>  <a href=\"https:\/\/www.nationen.no\/5-148-841273\" class=\"related-teaser has-image default-story-teaser article--c-eRUmMG article--c-eRUmMG-jKCPdD-design-default\" rel=\"nofollow noopener\" target=\"_blank\"><\/p>\n<p>    <img decoding=\"async\" loading=\"lazy\"  src=\"https:\/\/www.europesays.com\/no\/wp-content\/uploads\/2026\/01\/NTB_7HnGCqaM17s.jpg\" alt=\"\" class=\"brick-c-cFOWSL\" style=\"\"\/><\/p>\n<p>\n            Les ogs\u00e5<\/p>\n<p>              Skj\u00e6ran vurderer nye gulr\u00f8tter for kommunesammensl\u00e5ing\n        <\/p>\n<p>  <\/a><\/p>\n<p>H\u00f8yre \u00f8nsker dessuten \u00e5 \u00abstyrke laget rundt elevene\u00bb med flere yrkesgrupper i tverrfaglige team, slik at elevene f\u00e5r st\u00f8tte og l\u00e6rerne f\u00e5r tid til undervisning.<\/p>\n<p>Partiet vil endre oppl\u00e6ringsloven slik at fleksibel niv\u00e5deling i kortere perioder skal tas i bruk for \u00e5 oppfylle kravet til tilpasset undervisning i fellesfag.<\/p>\n<p>Videre skal elever som sliter i lesing og regning f\u00e5 intensiv undervisning.<\/p>\n<p>\u2013 Elever som ikke klarer \u00e5 lese lange tekster, fordype seg eller holde konsentrasjonen, stiller svakere i alle fag. Det er helt avgj\u00f8rende at skolen trener elevene p\u00e5 utholdenhet. Elever m\u00e5 rett og slett l\u00e6re seg \u00e5 t\u00e5le litt ubehag, og klare \u00e5 jobbe forbi kjedsomhets\u00f8yeblikket. Skolen skal bli mer praktisk, men skolen kan aldri bli en underholdningsmaskin, sier Tybring-Gjedde.<\/p>\n<p>(\u00a9NTB)<\/p>\n","protected":false},"excerpt":{"rendered":"\u2013 Jeg er sv\u00e6rt bekymret for samfunnstrendene som skyller innover norsk skole. Vi har en mer mangfoldig elevgruppe&hellip;\n","protected":false},"author":2,"featured_media":132556,"comment_status":"","ping_status":"","sticky":false,"template":"","format":"standard","meta":{"footnotes":""},"categories":[12],"tags":[36,20,21,24,25,15,762,2895,22,23,13,30,28,29,14,2208,16,41,804,1510,26,27,132,42,43,44,45],"class_list":{"0":"post-132555","1":"post","2":"type-post","3":"status-publish","4":"format-standard","5":"has-post-thumbnail","7":"category-verden","8":"tag-art","9":"tag-breaking-news","10":"tag-breakingnews","11":"tag-featured-news","12":"tag-featurednews","13":"tag-headlines","14":"tag-hoyre","15":"tag-ki","16":"tag-latest-news","17":"tag-latestnews","18":"tag-news","19":"tag-no","20":"tag-norge","21":"tag-norway","22":"tag-nyheter","23":"tag-oppvekst","24":"tag-overskrifter","25":"tag-politikk","26":"tag-skole","27":"tag-story","28":"tag-top-stories","29":"tag-topstories","30":"tag-utdanning","31":"tag-verden","32":"tag-world","33":"tag-world-news","34":"tag-worldnews"},"share_on_mastodon":{"url":"https:\/\/pubeurope.com\/@no\/115861865430487970","error":""},"_links":{"self":[{"href":"https:\/\/www.europesays.com\/no\/wp-json\/wp\/v2\/posts\/132555","targetHints":{"allow":["GET"]}}],"collection":[{"href":"https:\/\/www.europesays.com\/no\/wp-json\/wp\/v2\/posts"}],"about":[{"href":"https:\/\/www.europesays.com\/no\/wp-json\/wp\/v2\/types\/post"}],"author":[{"embeddable":true,"href":"https:\/\/www.europesays.com\/no\/wp-json\/wp\/v2\/users\/2"}],"replies":[{"embeddable":true,"href":"https:\/\/www.europesays.com\/no\/wp-json\/wp\/v2\/comments?post=132555"}],"version-history":[{"count":0,"href":"https:\/\/www.europesays.com\/no\/wp-json\/wp\/v2\/posts\/132555\/revisions"}],"wp:featuredmedia":[{"embeddable":true,"href":"https:\/\/www.europesays.com\/no\/wp-json\/wp\/v2\/media\/132556"}],"wp:attachment":[{"href":"https:\/\/www.europesays.com\/no\/wp-json\/wp\/v2\/media?parent=132555"}],"wp:term":[{"taxonomy":"category","embeddable":true,"href":"https:\/\/www.europesays.com\/no\/wp-json\/wp\/v2\/categories?post=132555"},{"taxonomy":"post_tag","embeddable":true,"href":"https:\/\/www.europesays.com\/no\/wp-json\/wp\/v2\/tags?post=132555"}],"curies":[{"name":"wp","href":"https:\/\/api.w.org\/{rel}","templated":true}]}}