{"id":132561,"date":"2026-01-08T22:38:19","date_gmt":"2026-01-08T22:38:19","guid":{"rendered":"https:\/\/www.europesays.com\/no\/132561\/"},"modified":"2026-01-08T22:38:19","modified_gmt":"2026-01-08T22:38:19","slug":"snorre-klanderud-avslorer-bitterhet-etter-tv-2-programmet-2","status":"publish","type":"post","link":"https:\/\/www.europesays.com\/no\/132561\/","title":{"rendered":"Snorre Klanderud avsl\u00f8rer bitterhet etter TV 2-programmet"},"content":{"rendered":"<p class=\"kicker t20\" style=\"\">Snorre Klanderud:\u00a0<\/p>\n<p>    Influenseren deler \u00e6rlig om sin opplevelse i \u00abVokteren\u00bb og avsl\u00f8rer at han ikke har planer om \u00e5 se programmet.<\/p>\n<p>\n    BITTER: Snorre Klanderud er deltaker i sesong 2 av \u00abVokteren\u00bb, men noe fin opplevelse var det ikke, if\u00f8lge han selv. Foto: Shad Madian \/ Se og H\u00f8r\n  <\/p>\n<p>TV 2-programmet \u00abVokteren\u00bb ble en seersuksess da f\u00f8rste sesong rullet over skjermen i fjor.\u00a0<\/p>\n<p>    <a itemprop=\"url\" href=\"https:\/\/www.seher.no\/kjendis\/finaletallene-er-klare\/84019781\" rel=\"nofollow noopener\" target=\"_blank\"><\/p>\n<p>        <img loading=\"lazy\" decoding=\"async\" src=\"https:\/\/www.europesays.com\/no\/wp-content\/uploads\/2026\/01\/84018789.webp.webp\" width=\"980\" height=\"441\" title=\"Finaletallene er klare\" alt=\"\" class=\"lazyload\" style=\"--aspect-ratio-image: 2.22; \"\/><\/p>\n<p>        Finaletallene er klare<\/p>\n<p>    <\/a><\/p>\n<p>\u00abGodmorgen Norge\u00bb-programleder Desta Beeder (37) dro i land den st\u00f8rste premien og tok med seg hele\u00a0538.300 kr hjem. Resterende vinnere var Anders Hoff (49) og Sebastian Solberg (34 )som fikk meg seg henholdsvis\u00a0 455.900 k og\u00a0 305.800 kr.<\/p>\n<p class=\"font-weight-bold m-font-weight-bold\" data-lab-font_weight=\"font-weight-bold\">N\u00e5 gj\u00f8r serien comeback med en helt ny cast, og den skuffer ikke:\u00a0<\/p>\n<p>        <img loading=\"lazy\" decoding=\"async\" src=\"https:\/\/www.europesays.com\/no\/wp-content\/uploads\/2026\/01\/1767911896_681_84020708.webp.webp\" width=\"686\" height=\"474\" title=\"\u00c5RETS DELTAKERE: Disse skal kjempe om seieren i sesong 2 av \u00abVokteren\u00bb Foto: Haakon Lundkvist\/TV 2\" alt=\"\" class=\"\" style=\"--aspect-ratio-image: 1.45; \"\/><\/p>\n<p>\n        \u00c5RETS DELTAKERE: Disse skal kjempe om seieren i sesong 2 av \u00abVokteren\u00bb Foto: Haakon Lundkvist\/TV 2\n    <\/p>\n<ul>\n<li>Mona Grudt (modell og seremonimester)<\/li>\n<li>Snorre Klanderud (innholdsskaper)<\/li>\n<li>Cengiz Al (skuespiller)<\/li>\n<li>Christopher Robin Omdahl (programleder og youtuber)<\/li>\n<li>Simen Agdestein (sjakktrener)<\/li>\n<li>Mariann Thomassen (artist og DJ)<\/li>\n<li>Isak Dreyer (fisker og snekker)<\/li>\n<li>Malene Elfrid Ingebrigtsen (influenser)<\/li>\n<li>Yasmin Mehmood (programleder)<\/li>\n<li>Kristine Thybo Hansen (jakt- og fiskeinfluenser)<\/li>\n<li>V\u00e5r Staude (programleder)<\/li>\n<li>Alex Ros\u00e9n (sj\u00f8mann og oppdager)<\/li>\n<li>Louise Angelica Riise (innholdsskaper)<\/li>\n<li>Henrik Farley (komiker)<\/li>\n<\/ul>\n<p>        \u00abSKAL VI DANSE\u00bb: Vi sprer litt julekj\u00e6rlighet p\u00e5 \u00abSkal vi danse\u00bb. Video: Thea Hope\/Nora Skavhaug\/R\u00f8d L\u00f8per<\/p>\n<p> Blant de nye deltakerne som skal kjempe om premiene, er Snorre Klanderud (30), kanskje bedre kjent som Snorrepus.<\/p>\n<p> Da Se og H\u00f8r m\u00f8ter influenseren p\u00e5 pressetreffet for programmet, er han tydelig p\u00e5 \u00e9n ting: han har ingen planer om \u00e5 se det selv:\u00a0<\/p>\n<p class=\"italic m-italic\" data-lab-italic=\"italic\">&#8211; S\u00e5 g\u00f8y med \u00abVokteren\u00bb da!<\/p>\n<p class=\"no_italic m-no_italic\" data-lab-italic=\"\">&#8211; Nei. Det var helt forferdelig, svarer Snorre.\u00a0<\/p>\n<p class=\"no_italic m-no_italic\" data-lab-italic=\"\">\u00a0Han fortsetter:\u00a0<\/p>\n<p class=\"no_italic m-no_italic\" data-lab-italic=\"\">&#8211; Det er jeg som ryker f\u00f8rst. Jeg blir stemt ut, s\u00e5 jeg kommer ikke til \u00e5 se p\u00e5 \u00abVokteren\u00bb, sl\u00e5r han fast.\u00a0<\/p>\n<p>    <a itemprop=\"url\" href=\"https:\/\/www.seher.no\/kjendis\/na-gjor-hun-comeback\/84019620\" rel=\"nofollow noopener\" target=\"_blank\"><\/p>\n<p>        <img loading=\"lazy\" decoding=\"async\" src=\"https:\/\/www.europesays.com\/no\/wp-content\/uploads\/2026\/01\/84019394.webp.webp\" width=\"980\" height=\"441\" title=\"N\u00e5 gj\u00f8r hun comeback\" alt=\"\" class=\"lazyload\" style=\"--aspect-ratio-image: 2.22; \"\/><\/p>\n<p>        N\u00e5 gj\u00f8r hun comeback<\/p>\n<p>    <\/a><\/p>\n<p class=\"no_italic m-no_italic\" data-lab-italic=\"\">&#8211; Jeg er veldig bitter. Jeg syns det var ordentlig dritt. Men jeg er ikke bitter p\u00e5 noen av deltakerne, men p\u00e5 hele opplegget. Litt forbanna, frustret og skuffa, forteller han.<\/p>\n<p class=\"italic m-italic\" data-lab-italic=\"italic\">&#8211; Handler frustrasjonen om at du taper p\u00e5 det \u00f8konomisk?<\/p>\n<p class=\"no_italic m-no_italic\" data-lab-italic=\"\">&#8211; Nei, jeg fikk veldig godt timesbetalt. Det ble ingen vinnerpremiere, men jeg fikk sinnsykt bra betalt, avslutter han smilende.\u00a0<\/p>\n<p>Han legger til:\u00a0<\/p>\n<p>        <img loading=\"lazy\" decoding=\"async\" src=\"https:\/\/www.europesays.com\/no\/wp-content\/uploads\/2026\/01\/1767911899_162_84020764.webp.webp\" width=\"686\" height=\"467\" title=\"GODE KOMPISER: Snorre Klanderud og Oskar Westerlin er gode kompiser og produserer innhold sammen. Foto: Andreas Fadum \/ Se og H\u00f8r\" alt=\"\" class=\"\" style=\"--aspect-ratio-image: 1.47; \"\/><\/p>\n<p>\n        GODE KOMPISER: Snorre Klanderud og Oskar Westerlin er gode kompiser og produserer innhold sammen. Foto: Andreas Fadum \/ Se og H\u00f8r\n    <\/p>\n<p>\u00a0&#8211; Folk var veldig reserverte med hvem de slapp innp\u00e5 seg. Bare kalde skuldre, ingen var s\u00e6rlig \u00e5pne. Og s\u00e5 m\u00e5tte man satse ganske hardt p\u00e5 enkelte allianser for \u00e5 komme deg langt. Og det var ikke jeg god nok p\u00e5.<\/p>\n<p>Men det virket som om det \u00e5 g\u00e5 glipp av naturen er det som plager ham mest:<\/p>\n<p>&#8211; Jeg h\u00e5pet noen skulle bli slitne og n\u00e6rmest trekke seg eller ikke klare mer. Men det skjedde jo ikke, s\u00e5 det var utelukkende sosialt spill. Jeg gledet meg veldig til naturen og har veldig lyst til \u00e5 se Norge. Jeg har et veldig nasjonalromantisk hjerte som banker for Vestlandet. Det er trist at jeg ikke fikk sett mer av det, avslutter han.<\/p>\n<p class=\"italic m-italic\" data-lab-italic=\"italic\">Vokteren har prmeiere p\u00e5 TV 2 1. januar 2026.\u00a0<\/p>\n<p class=\"no_italic m-no_italic\" data-lab-italic=\"\">\u00a0<\/p>\n","protected":false},"excerpt":{"rendered":"Snorre Klanderud:\u00a0 Influenseren deler \u00e6rlig om sin opplevelse i \u00abVokteren\u00bb og avsl\u00f8rer at han ikke har planer om&hellip;\n","protected":false},"author":2,"featured_media":132562,"comment_status":"","ping_status":"","sticky":false,"template":"","format":"standard","meta":{"footnotes":""},"categories":[58],"tags":[71,479,2543,30,28,29,5403,72,13220],"class_list":{"0":"post-132561","1":"post","2":"type-post","3":"status-publish","4":"format-standard","5":"has-post-thumbnail","7":"category-underholdning","8":"tag-entertainment","9":"tag-kjendis","10":"tag-kjendisdesken","11":"tag-no","12":"tag-norge","13":"tag-norway","14":"tag-snorre-klanderud","15":"tag-underholdning","16":"tag-vokteren"},"share_on_mastodon":{"url":"https:\/\/pubeurope.com\/@no\/115861881024290258","error":""},"_links":{"self":[{"href":"https:\/\/www.europesays.com\/no\/wp-json\/wp\/v2\/posts\/132561","targetHints":{"allow":["GET"]}}],"collection":[{"href":"https:\/\/www.europesays.com\/no\/wp-json\/wp\/v2\/posts"}],"about":[{"href":"https:\/\/www.europesays.com\/no\/wp-json\/wp\/v2\/types\/post"}],"author":[{"embeddable":true,"href":"https:\/\/www.europesays.com\/no\/wp-json\/wp\/v2\/users\/2"}],"replies":[{"embeddable":true,"href":"https:\/\/www.europesays.com\/no\/wp-json\/wp\/v2\/comments?post=132561"}],"version-history":[{"count":0,"href":"https:\/\/www.europesays.com\/no\/wp-json\/wp\/v2\/posts\/132561\/revisions"}],"wp:featuredmedia":[{"embeddable":true,"href":"https:\/\/www.europesays.com\/no\/wp-json\/wp\/v2\/media\/132562"}],"wp:attachment":[{"href":"https:\/\/www.europesays.com\/no\/wp-json\/wp\/v2\/media?parent=132561"}],"wp:term":[{"taxonomy":"category","embeddable":true,"href":"https:\/\/www.europesays.com\/no\/wp-json\/wp\/v2\/categories?post=132561"},{"taxonomy":"post_tag","embeddable":true,"href":"https:\/\/www.europesays.com\/no\/wp-json\/wp\/v2\/tags?post=132561"}],"curies":[{"name":"wp","href":"https:\/\/api.w.org\/{rel}","templated":true}]}}