{"id":132565,"date":"2026-01-08T22:44:18","date_gmt":"2026-01-08T22:44:18","guid":{"rendered":"https:\/\/www.europesays.com\/no\/132565\/"},"modified":"2026-01-08T22:44:18","modified_gmt":"2026-01-08T22:44:18","slug":"donald-trump-fredsprisen-store-donald-trump-har-tatt-opp-fredsprisen-med-meg-mange-ganger","status":"publish","type":"post","link":"https:\/\/www.europesays.com\/no\/132565\/","title":{"rendered":"Donald Trump, Fredsprisen | St\u00f8re: \u2013 Donald Trump har tatt opp fredsprisen med meg mange ganger"},"content":{"rendered":"\n<p>OSLO SENTRUM (Nettavisen): USA-president Donald Trump langet ut mot Norge i en lang Truth Social-melding onsdag.<\/p>\n<p>\u2013 Norge, et Nato-medlem, valgte t\u00e5pelig nok \u00e5 ikke gi meg Nobels fredspris. Men det betyr ingenting! Det som betyr noe, er at jeg reddet millioner av liv, skrev Trump.<\/p>\n<p>   <img decoding=\"async\" width=\"581\" height=\"700\" fetchpriority=\"low\"  loading=\"lazy\"  src=\"https:\/\/www.europesays.com\/no\/wp-content\/uploads\/2026\/01\/trump+melding+norge_1.jpg\" alt=\"\" class=\"brick-c-cFOWSL\" style=\"--brick-image-ratio: 581 \/ 700;\"\/><\/p>\n<p><b>Les mer: <a rel=\"Follow nofollow noopener\" href=\"https:\/\/www.nettavisen.no\/donald-trump\/nobels-fredspris\/nato\/trump-nato-medlem-norge-var-tapelig-da-de-valgte-a-ikke-gi-meg-nobels-fredspris\/s\/5-95-2813151\" target=\"_blank\">Trump langer ut mot Norge: \u2013 T\u00e5pelig \u00e5 ikke gi meg fredsprisen<\/a><\/b><\/p>\n<p>Presidenten gjentok ogs\u00e5 p\u00e5standen om at han har \u00abavsluttet \u00e5tte kriger\u00bb. USA har bidratt til v\u00e5penhvile flere steder i verden, men mange av konfliktene Trump skryter av \u00e5 ha avsluttet har blusset opp igjen senere, blant andre Thailand mot Kambodsja og Kongo mot Rwanda. Begge disse konfliktene <a rel=\"Follow nofollow noopener\" href=\"https:\/\/www.nettavisen.no\/nyheter\/gaza-nedslaende-nobel-fredspris-tall-for-donald-trump\/s\/5-95-2659266\" target=\"_blank\">inng\u00e5r i de \u00e5tte krigene Trump hevder han har avsluttet<\/a>.<\/p>\n<p>    Vil du se neste video?<\/p>\n<p>    <a href=\"https:\/\/www.nettavisen.no\/nyheter\/ukrainsk-jagerfly-odelegger-for-vladimir-putin-i-pokrovsk\/v\/5-95-2807927\" class=\"recommend-poster\" data-adp-clicklabel=\"video-recommend\" data-adp-clickvalue=\"poster\" rel=\"nofollow noopener\" target=\"_blank\"><br \/>\n      <img decoding=\"async\" width=\"200\" height=\"200\" loading=\"lazy\" src=\"https:\/\/www.europesays.com\/no\/wp-content\/uploads\/2026\/01\/JAGERFLY+BREDDE.jpg\" alt=\"\" class=\"brick-c-cFOWSL\" style=\"--brick-image-ratio: 200 \/ 200;\"\/><\/p>\n<p>Nye bilder: Rammer Putin hardt0:41<\/p>\n<p>    <\/a><\/p>\n<p>St\u00f8re: \u2013 Trump er veldig opptatt av fredsprisen<\/p>\n<p>Onsdag kveld m\u00f8tte Nettavisen statsminister Jonas Gahr St\u00f8re (Ap) p\u00e5 den bl\u00e5 l\u00f8peren til NHOs gallamiddag. Her ble statsministeren spurt om hva han tenker om Trumps fredsprismelding:<\/p>\n<p>\u2013 Jeg har skj\u00f8nt etter hvert at han er veldig opptatt av den fredsprisen. Han har tatt den opp med meg mange ganger, men han vet veldig godt hvordan dette fungerer, sier St\u00f8re til Nettavisens reporter.<\/p>\n<p>Trump \u00abtvitrer det han tenker\u00bb, sier statsministeren.<\/p>\n<p>\u2013 Men at en politiker er veldig opptatt av \u00e5 f\u00e5 fredsprisen, det er jo ikke en d\u00e5rlig motivasjon. Han pr\u00f8ver \u00e5 f\u00e5 anerkjennelse for noe som er bra, sier St\u00f8re.<\/p>\n<p>Han understreker at hvem som f\u00e5r fredsprisen er Nobel-komiteens avgj\u00f8relse, og ikke statsministerens.<\/p>\n<p>N\u00e5r St\u00f8re og Trump diskuterer fredsprisen blir samtalen en blanding av hum\u00f8r og saklighet, avsl\u00f8rer han.<\/p>\n<p>\u2013 Han har jo sagt til meg at han vet at det ikke er jeg som avgj\u00f8r dette, mens andre ganger er han opptatt av \u00e5 markere seg, sier statsministeren.<\/p>\n<p>    Vil du se neste video?<\/p>\n<p>    <a href=\"https:\/\/www.nettavisen.no\/nyheter\/ukrainsk-jagerfly-odelegger-for-vladimir-putin-i-pokrovsk\/v\/5-95-2807927\" class=\"recommend-poster\" data-adp-clicklabel=\"video-recommend\" data-adp-clickvalue=\"poster\" rel=\"nofollow noopener\" target=\"_blank\"><br \/>\n      <img decoding=\"async\" width=\"200\" height=\"200\" loading=\"lazy\" src=\"https:\/\/www.europesays.com\/no\/wp-content\/uploads\/2026\/01\/JAGERFLY+BREDDE.jpg\" alt=\"\" class=\"brick-c-cFOWSL\" style=\"--brick-image-ratio: 200 \/ 200;\"\/><\/p>\n<p>Nye bilder: Rammer Putin hardt0:41<\/p>\n<p>    <\/a><\/p>\n<p>Pratet sammen om Ukraina<\/p>\n<p>De to statslederne pratet sammen s\u00e5 sent som forrige s\u00f8ndag, sier St\u00f8re til Nettavisen.<\/p>\n<p>\u2013 Hva pratet dere om da?<\/p>\n<p>\u2013 Ukraina, i all hovedsak. Sammen med andre europeiske ledere snakket vi om \u00e5 f\u00e5 til sikkerhetsgarantier og en gjenoppbyggingsplan for Ukraina.<\/p>\n<p>N\u00e5r Nettavisen treffer statsministeren, er det kun f\u00e5 timer siden <a rel=\"Follow nofollow noopener\" href=\"https:\/\/www.nettavisen.no\/nyheter\/den-russiske-marinen-sendes-mot-den-amerikanske-kystvakten\/s\/5-95-2811745\" target=\"_blank\">USAs marine tok kontroll over to tankskip<\/a>, som begge er en del av den russiske skyggefl\u00e5ten.<\/p>\n<p>St\u00f8re sier Russlands skyggefl\u00e5te er et stort problem:<\/p>\n<p>\u2013 Dette er en skyggefl\u00e5te som skifter flagg underveis p\u00e5 havet. Det er et veldig stort problem. Det er ogs\u00e5 et stort problem at sanksjonsregler omg\u00e5s, sier St\u00f8re til Nettavisen.<\/p>\n<p>  <a data-static=\"\" href=\"#skip-\" class=\"brick-c-fgNmNC\">Hopp over karusellen.<\/a><\/p>\n<p data-static=\"\" class=\"brick-c-fgNmNC\" id=\"carousel-title-\">Innholdskarusell med 20 artikler.<\/p>\n<p>Ulovlig bording<\/p>\n<p>Bordingen av tankskipene er kontroversiell.<\/p>\n<p>Skipene er med p\u00e5 \u00e5 finansiere Russlands invasjon av Ukraina, men Nettavisen har onsdag ogs\u00e5 pratet med Tor Ivar Str\u00f8mmen, orlogskaptein og forsker ved Sj\u00f8krigsskolen. Han <a rel=\"Follow nofollow noopener\" href=\"https:\/\/www.nettavisen.no\/nyheter\/den-russiske-marinen-sendes-mot-den-amerikanske-kystvakten\/s\/5-95-2811745\" target=\"_blank\">sier bordingen, som er basert p\u00e5 en amerikansk arrestordre, i internasjonalt farvann er ulovlig<\/a> etter havrettskommisjonen.<\/p>\n<p>Dette skjer kun dager etter at USA gikk inn i Venezuela og bortf\u00f8rte dav\u00e6rende president Nicolas Maduro \u2013 en aksjon i strid med folkeretten.<\/p>\n<p>Stoler p\u00e5 Trump<\/p>\n<p>Selv om USA noen ganger fatter politiske vedtak som ligger langt unna norsk tankegang, mener St\u00f8re at vi fremdeles kan ha tillit til USA som alliert:<\/p>\n<p>\u2013 Vi m\u00e5 legge det til grunn, at vi er enige om de fundamentale tingene, men det betyr ikke at vi er enige om all politikk. Det er ikke det samme som \u00e5 ha tillit. Men vi utgj\u00f8r en sikkerhet for hverandre, det fikk vi bekreftet p\u00e5 Nato-toppm\u00f8tet i fjor, sier St\u00f8re.<\/p>\n<p>\u2013 Samtidig er dette en amerikansk administrasjon som p\u00e5 mange omr\u00e5der driver politikk som er veldig fjernt for Norge, legger statsministeren til.<\/p>\n<p>P\u00e5 sp\u00f8rsm\u00e5l om hva han er mest urolig for fremover, svarer St\u00f8re at han tenker mye p\u00e5 folkeretten.<\/p>\n<p>\u2013 Den er et gode, fordi den gir trygghet og forutsigbarhet, s\u00e6rlig for mindre land. Den skal hindre store land i \u00e5 ta seg til rette. Hver gang den svekkes ett sted, s\u00e5 overf\u00f8res det til andre steder, fordi terskelen for makt utenfor regelverket g\u00e5r ned. Det er ikke en spesiell trussel for Norges del, men det er i v\u00e5r interesse at folkeretten blir respektert.<\/p>\n<p>Han er urolig for at svekket internasjonalt samarbeid gj\u00f8r det vanskeligere \u00e5 l\u00f8se utfordringer som klima, kunstig intelligens og andre omr\u00e5der.<\/p>\n<p>\u2013 Skal vi gj\u00f8re ting hver for oss, blir det vanskelig \u00e5 l\u00f8se slike oppgaver. Det at USA trekker seg ut av klimaavtaler og Verdens helseorganisasjon, det er d\u00e5rlige nyheter, sier St\u00f8re til Nettavisen.<\/p>\n","protected":false},"excerpt":{"rendered":"OSLO SENTRUM (Nettavisen): USA-president Donald Trump langet ut mot Norge i en lang Truth Social-melding onsdag. \u2013 Norge,&hellip;\n","protected":false},"author":2,"featured_media":132566,"comment_status":"","ping_status":"","sticky":false,"template":"","format":"standard","meta":{"footnotes":""},"categories":[5],"tags":[20,21,24,25,15,19,22,23,17,18,13,30,28,29,14,16,26,27],"class_list":{"0":"post-132565","1":"post","2":"type-post","3":"status-publish","4":"format-standard","5":"has-post-thumbnail","7":"category-overskrifter","8":"tag-breaking-news","9":"tag-breakingnews","10":"tag-featured-news","11":"tag-featurednews","12":"tag-headlines","13":"tag-hovedoppslag","14":"tag-latest-news","15":"tag-latestnews","16":"tag-main-news","17":"tag-mainnews","18":"tag-news","19":"tag-no","20":"tag-norge","21":"tag-norway","22":"tag-nyheter","23":"tag-overskrifter","24":"tag-top-stories","25":"tag-topstories"},"share_on_mastodon":{"url":"https:\/\/pubeurope.com\/@no\/115861904777177544","error":""},"_links":{"self":[{"href":"https:\/\/www.europesays.com\/no\/wp-json\/wp\/v2\/posts\/132565","targetHints":{"allow":["GET"]}}],"collection":[{"href":"https:\/\/www.europesays.com\/no\/wp-json\/wp\/v2\/posts"}],"about":[{"href":"https:\/\/www.europesays.com\/no\/wp-json\/wp\/v2\/types\/post"}],"author":[{"embeddable":true,"href":"https:\/\/www.europesays.com\/no\/wp-json\/wp\/v2\/users\/2"}],"replies":[{"embeddable":true,"href":"https:\/\/www.europesays.com\/no\/wp-json\/wp\/v2\/comments?post=132565"}],"version-history":[{"count":0,"href":"https:\/\/www.europesays.com\/no\/wp-json\/wp\/v2\/posts\/132565\/revisions"}],"wp:featuredmedia":[{"embeddable":true,"href":"https:\/\/www.europesays.com\/no\/wp-json\/wp\/v2\/media\/132566"}],"wp:attachment":[{"href":"https:\/\/www.europesays.com\/no\/wp-json\/wp\/v2\/media?parent=132565"}],"wp:term":[{"taxonomy":"category","embeddable":true,"href":"https:\/\/www.europesays.com\/no\/wp-json\/wp\/v2\/categories?post=132565"},{"taxonomy":"post_tag","embeddable":true,"href":"https:\/\/www.europesays.com\/no\/wp-json\/wp\/v2\/tags?post=132565"}],"curies":[{"name":"wp","href":"https:\/\/api.w.org\/{rel}","templated":true}]}}