{"id":132573,"date":"2026-01-08T23:26:07","date_gmt":"2026-01-08T23:26:07","guid":{"rendered":"https:\/\/www.europesays.com\/no\/132573\/"},"modified":"2026-01-08T23:26:07","modified_gmt":"2026-01-08T23:26:07","slug":"debatten-asa-vartdal-snork-jeg-savner-fredrik-solvang-allerede","status":"publish","type":"post","link":"https:\/\/www.europesays.com\/no\/132573\/","title":{"rendered":"Debatten, \u00c5sa Vartdal | Snork! Jeg savner Fredrik Solvang allerede"},"content":{"rendered":"\n<p>Det blir ingen debatt hvis alle er enige. NRK-debatten om USA og Gr\u00f8nland var bare nyanser over samme tema: \u00abS\u00e5nn som Trump kan man ikke oppf\u00f8re seg\u00bb.<\/p>\n<p>Snork. Dette har vi h\u00f8rt f\u00f8r. Hver eneste dag kan vi lese disse standpunktene i norske aviser. Castingen var virkelig d\u00f8nn kjedelig i NRKs \u00abDebatten\u00bb. Det var jo ingen reell uenighet!<\/p>\n<p>Programlederne var dyktige i selve avviklingen av sendingen. De fyrte av det ene friske sp\u00f8rsm\u00e5let etter det andre. At de var godt p\u00e5lest overrasket ikke. Men at disse to ogs\u00e5 var t\u00f8ffe nok til \u00e5 stille skikkelig friske sp\u00f8rsm\u00e5l, det var en positiv overraskelse.<\/p>\n<p>Men det hjelper ikke \u00e5 v\u00e6re en god debattleder hvis debattantene er for kjedelige.<\/p>\n<p><b>Les ogs\u00e5: <a class=\"simple-relation related-teaser article--c-eRUmMG article--c-eRUmMG-fZoQSp-design-nettavisen article--c-eRUmMG-gwthdJ-cv\" href=\"https:\/\/www.nettavisen.no\/mener-norge-kan-bli-okkupert-stormakter-kan-bruke-militarmakt-mot-oss\/s\/5-95-2815541\" rel=\"nofollow noopener\" target=\"_blank\">Mener Norge kan bli okkupert: \u2013 Stormakter kan bruke milit\u00e6rmakt mot oss<\/a><\/b><\/p>\n<p>\u00abS\u00e5nn snakker man ikke\u00bb, sa Espen Barth Eide om president Trump. Men vi vet jo fra f\u00f8r at norske og europeiske politikere ikke liker talem\u00e5tene til Trump. Jeg gidder ikke skru p\u00e5 TV-en for \u00e5 h\u00f8re dette om igjen.<\/p>\n<p>            Elin \u00d8rjas\u00e6ter<\/p>\n<p><a href=\"https:\/\/elni.mailmojo.no\/forms\/subscribe\/4527\/?pk_vid=b2f2fee6e723133e1701531336c8838a\" target=\"_self\" rel=\"Follow nofollow noopener\">\u00d8nsker du Elins saker rett i innboksen? Klikk her!<\/a><\/p>\n<p>Elin \u00d8rjas\u00e6ter er dosent i HR og arbeidsliv ved H\u00f8yskolen Kristiania, og har skrevet en rekke b\u00f8ker om personalledelse og arbeidsrett. Hun er aktiv som foredragsholder og har hatt en rekke opptredener i NRK og TV2, s\u00e5 vel i debatt- og nyhetsprogram &#8211; som i reality og underholdning.<\/p>\n<p>  Dr\u00f8mmetema som skusles vekk<\/p>\n<p>Trump og Gr\u00f8nland burde v\u00e6rt et dr\u00f8mmetema for debuten til Espen Aas og \u00c5sa Vartdal. Men var valgene deres av debattanter s\u00e6rlig modig? Hvorfor var det ingen motstemmer i panelet? Det finnes faktisk folk p\u00e5 sosiale medier med mye kunnskap som mener at USAs overtakelse av Gr\u00f8nland er \u00f8nskelig, sett med norske sikkerhetspolitiske briller.<\/p>\n<p>For ikke \u00e5 snakke om alle de oppeg\u00e5ende kommentatorene du kan finne i amerikanske finansmedier som Wall Street Journal, CNBC og annen amerikansk finanspresse. De ville jeg gjerne hatt p\u00e5 linje inn i Debatten-studioet.<\/p>\n<p>S\u00e5 hvorfor i i all verden trakk Espen Aas fram mosegrodde Carl Bildt for \u00e5 forklare oss verden? N\u00e5r de f\u00f8rst skal ha folk p\u00e5 linje fra utlandet s\u00e5 henter de alts\u00e5 Carl Bildt!?<\/p>\n<p>I tillegg m\u00e5tte vi se Iver B. Neumann, if\u00f8rt gr\u00f8nlender, st\u00e5 i lutrygget slendrian-stil og gjenta kjente standpunkter. En god gammeldags 68-er som trolig mente \u00e5 solidarisere seg med gr\u00f8nlenderne ved p\u00e5kledningen. Heia verden av i g\u00e5r! Skal Debatten fortsette \u00e5 v\u00e6re like kjedelig framover?<\/p>\n<p>\u00c5sa Vartdal og Espen Aas som programledere var NRKs aller tryggeste valg. Men akillesh\u00e6len deres ble kanskje synlig allerede i g\u00e5r: De er ikke modige nok i valget av debattanter.<\/p>\n<p>S\u00e5 hvordan blir Debatten framover? Det handler ikke bare om programlederne.<\/p>\n<p>M\u00e5 t\u00f8rre \u00e5 ta sjanser<\/p>\n<p>Arnhild Myklebust og Fredrik Lauritzen fortsetter som vaktsjefer, og de to researcherne fortsetter ogs\u00e5. Det er denne gjengen som l\u00f8ftet Fredrik Solvang opp til de store h\u00f8yder av popularitet. Men teamet rundt programlederen vil ikke fungere dersom Aas og Vartdal ikke er villig til \u00e5 ta sjanser. Solvang tok sjanser, hele tiden, ble utskjelt, og elsket.<\/p>\n<p>Redaksjonsm\u00f8tene i Solvang-tiden m\u00e5 tidvis ha v\u00e6rt som boksekamper, fordi Solvang er uredd, p\u00e5st\u00e5elig og emosjonell. Jeg frykter at redaksjonsm\u00f8tene med Vartdal og Aas vil b\u00e6re mer preg av seminar: \u00abHvilke eksperter vet mest om dette i Norge, og helst p\u00e5 en helt uangripelig m\u00e5te? Hvem har best CV p\u00e5 feltet? Hvem mener det alle mener man skal mene? Fint, ham m\u00e5 vi f\u00e5 i studio!\u00bb<\/p>\n<p>Fredrik Solvang vant respekt i alle politiske leire. \u00abTil og med ko-ko-H\u00f8yre liker jo Fredrik Solvang\u00bb, sa en journalist-venninne til meg. Samtidig var Solvang akkurat passe uforutsigelig. Han kunne overraske. Han bygget en enorm profil p\u00e5 sosiale medier, nettopp fordi han var full av f\u00f8lelser.<\/p>\n<p>Bare de som elsker uenighet fortjener \u00e5 lede \u00abDebatten\u00bb<\/p>\n<p>N\u00e5r Fredrik Solvang tr\u00e5kket over, som han iblant gjorde p\u00e5 sosiale medier, m\u00e5tte han st\u00e5 i det alene. Han fikk i de situasjonene liten st\u00f8tte hos arbeidsgiver. N\u00e5 har Solvang vokst ut av hele NRK og er sin egen merkevare, og jeg savner ham allerede.<\/p>\n<p>Ville han godkjent et s\u00e5 d\u00f8rgende kjedelig panel som det vi fikk i g\u00e5r kveld? Det tror jeg ikke.<\/p>\n<p>NRK Debattens m\u00e5l for 2026 m\u00e5 v\u00e6re \u00e5 bli en enda bedre utgave av seg selv. Da m\u00e5 Aas og Vartdal til sammen v\u00e6re enda bedre enn Solvang.<\/p>\n<p>Det er et h\u00e5rete m\u00e5l. De to er oppleste som bare fanden, de er drevne og rutinerte i direktesendinger, de trenger ikke bli enda flinkere til noe av dette.<\/p>\n<p>Det de m\u00e5 jobbe med er f\u00f8lgende: De m\u00e5 t\u00f8rre \u00e5 ta inn folk som mener noe annet enn den meningseliten vi kjenner fra f\u00f8r. De m\u00e5 t\u00f8rre \u00e5 ta inn outsidere. De m\u00e5 t\u00f8rre \u00e5 ta inn folk som aldri har v\u00e6rt p\u00e5 TV f\u00f8r. De m\u00e5 ta sjansen p\u00e5 \u00e5 gj\u00f8re ting som gir dem kjeft, ikke ros, fra egne kolleger.<\/p>\n<p>Bare debattledere som elsker uenighet fortjener \u00e5 lede Norges st\u00f8rste debattarena.<\/p>\n","protected":false},"excerpt":{"rendered":"Det blir ingen debatt hvis alle er enige. NRK-debatten om USA og Gr\u00f8nland var bare nyanser over samme&hellip;\n","protected":false},"author":2,"featured_media":132574,"comment_status":"","ping_status":"","sticky":false,"template":"","format":"standard","meta":{"footnotes":""},"categories":[12],"tags":[20,21,24,25,15,22,23,13,30,28,29,14,16,26,27,42,43,44,45],"class_list":{"0":"post-132573","1":"post","2":"type-post","3":"status-publish","4":"format-standard","5":"has-post-thumbnail","7":"category-verden","8":"tag-breaking-news","9":"tag-breakingnews","10":"tag-featured-news","11":"tag-featurednews","12":"tag-headlines","13":"tag-latest-news","14":"tag-latestnews","15":"tag-news","16":"tag-no","17":"tag-norge","18":"tag-norway","19":"tag-nyheter","20":"tag-overskrifter","21":"tag-top-stories","22":"tag-topstories","23":"tag-verden","24":"tag-world","25":"tag-world-news","26":"tag-worldnews"},"share_on_mastodon":{"url":"https:\/\/pubeurope.com\/@no\/115862069706431407","error":""},"_links":{"self":[{"href":"https:\/\/www.europesays.com\/no\/wp-json\/wp\/v2\/posts\/132573","targetHints":{"allow":["GET"]}}],"collection":[{"href":"https:\/\/www.europesays.com\/no\/wp-json\/wp\/v2\/posts"}],"about":[{"href":"https:\/\/www.europesays.com\/no\/wp-json\/wp\/v2\/types\/post"}],"author":[{"embeddable":true,"href":"https:\/\/www.europesays.com\/no\/wp-json\/wp\/v2\/users\/2"}],"replies":[{"embeddable":true,"href":"https:\/\/www.europesays.com\/no\/wp-json\/wp\/v2\/comments?post=132573"}],"version-history":[{"count":0,"href":"https:\/\/www.europesays.com\/no\/wp-json\/wp\/v2\/posts\/132573\/revisions"}],"wp:featuredmedia":[{"embeddable":true,"href":"https:\/\/www.europesays.com\/no\/wp-json\/wp\/v2\/media\/132574"}],"wp:attachment":[{"href":"https:\/\/www.europesays.com\/no\/wp-json\/wp\/v2\/media?parent=132573"}],"wp:term":[{"taxonomy":"category","embeddable":true,"href":"https:\/\/www.europesays.com\/no\/wp-json\/wp\/v2\/categories?post=132573"},{"taxonomy":"post_tag","embeddable":true,"href":"https:\/\/www.europesays.com\/no\/wp-json\/wp\/v2\/tags?post=132573"}],"curies":[{"name":"wp","href":"https:\/\/api.w.org\/{rel}","templated":true}]}}