{"id":132577,"date":"2026-01-08T23:45:07","date_gmt":"2026-01-08T23:45:07","guid":{"rendered":"https:\/\/www.europesays.com\/no\/132577\/"},"modified":"2026-01-08T23:45:07","modified_gmt":"2026-01-08T23:45:07","slug":"trafikk-politi-rykket-ut-til-trafikkulykke-oppland-arbeiderblad","status":"publish","type":"post","link":"https:\/\/www.europesays.com\/no\/132577\/","title":{"rendered":"Trafikk, Politi | Rykket ut til trafikkulykke &#8211; Oppland Arbeiderblad"},"content":{"rendered":"<ol>\n<li><a href=\"https:\/\/news.google.com\/rss\/articles\/CBMibEFVX3lxTE1DaUZYLW5fMjVXQ2czQkcycy1OdUFIZTdFWTF4LUllTVZ2WVVQcTNReHB4aXpBTmpWTGdQcVlPMHNUNmE3MEFOME0xTHNTMjFySVZLXzNCZXNobndFbEFMQ254c1ViZ3VsbUZWVA?oc=5\" target=\"_blank\" rel=\"nofollow noopener\">Trafikk, Politi | Rykket ut til trafikkulykke<\/a>&nbsp;&nbsp;Oppland Arbeiderblad<\/li>\n<li><a href=\"https:\/\/news.google.com\/rss\/articles\/CBMie0FVX3lxTE5RQ3RJRThWaVVVc25kSlYwdThxMnUyQ01ZRHRxRFcwdWh3SExvZW5Fb2xVSWx3QlBOT0xRQzFYOFM3R3kzcU0yT21sLUItU1VUWjgwTGk4UEl2VEtqWTFIcjgzTXFGc1ZoNnNyaDhUWE9YYkRpMnpYSWx3bw?oc=5\" target=\"_blank\" rel=\"nofollow noopener\">Trafikk, E6 | To biler skapte k\u00f8 p\u00e5 E6<\/a>&nbsp;&nbsp;Gudbrandsd\u00f8len Dagningen<\/li>\n<li><a href=\"https:\/\/news.google.com\/rss\/articles\/CBMifEFVX3lxTE56MFpNZ1V1Qnlxb0F6MDFJSl9LUVl4Q0VZTkNTZnIwZlh1NE9tNnJvdFFHZFFVU0t1eUxWa0tUdnF6QzdScGlITF91bTd2RjZqamNrSmhYMXNGSzhWWUdlaVBuYm1QM05tLWItT09tRVU3MDhGT1d2cVNObW0?oc=5\" target=\"_blank\" rel=\"nofollow noopener\">Trafikk, Politi | Rykker ut til trafikkulykke<\/a>&nbsp;&nbsp;Ringsaker Blad<\/li>\n<li><a href=\"https:\/\/news.google.com\/rss\/articles\/CBMiaEFVX3lxTE05cWZhOXZ1X0xlRUJycXRudjZXMHpuSmg5cEVQNi01cjNhTHJ2bjNvV2pGSTM2N3B4MEtXVFV0YWJ4cjBiRUZwdzNzNnNzVkpicVRiUmxVTUg4QmdHd21BRlN3UHZHcTRG?oc=5\" target=\"_blank\" rel=\"nofollow noopener\">Trafikk, E6 | Flere biler i trafikkuhell p\u00e5 E6<\/a>&nbsp;&nbsp;Oppland Arbeiderblad<\/li>\n<li><a href=\"https:\/\/news.google.com\/rss\/articles\/CBMieEFVX3lxTFB4ME5hTWxvRTBLWXFKVGVxaUJ3bVVTMXZpWnQ2MHFZb0Nrd1lhSWxjZl8xLU92LUdzNWd0NUlYUHYtcS1yTlZYSWUxNnYwMTJaMjhCTnRud1MyeGlQNGEtSS1XVU90VzZwSlR5RlFXcC1sT2xTTkF3RA?oc=5\" target=\"_blank\" rel=\"nofollow noopener\">Trafikk, V\u00e6r | Trafikkuhell ved Biri<\/a>&nbsp;&nbsp;Ringsaker Blad<\/li>\n<\/ol>\n","protected":false},"excerpt":{"rendered":"Trafikk, Politi | Rykket ut til trafikkulykke&nbsp;&nbsp;Oppland Arbeiderblad Trafikk, E6 | To biler skapte k\u00f8 p\u00e5 E6&nbsp;&nbsp;Gudbrandsd\u00f8len Dagningen&hellip;\n","protected":false},"author":2,"featured_media":132578,"comment_status":"","ping_status":"","sticky":false,"template":"","format":"standard","meta":{"footnotes":""},"categories":[10],"tags":[20,21,24,25,15,22,23,13,30,28,29,14,16,26,27],"class_list":{"0":"post-132577","1":"post","2":"type-post","3":"status-publish","4":"format-standard","5":"has-post-thumbnail","7":"category-norge","8":"tag-breaking-news","9":"tag-breakingnews","10":"tag-featured-news","11":"tag-featurednews","12":"tag-headlines","13":"tag-latest-news","14":"tag-latestnews","15":"tag-news","16":"tag-no","17":"tag-norge","18":"tag-norway","19":"tag-nyheter","20":"tag-overskrifter","21":"tag-top-stories","22":"tag-topstories"},"share_on_mastodon":{"url":"https:\/\/pubeurope.com\/@no\/115862144552496707","error":""},"_links":{"self":[{"href":"https:\/\/www.europesays.com\/no\/wp-json\/wp\/v2\/posts\/132577","targetHints":{"allow":["GET"]}}],"collection":[{"href":"https:\/\/www.europesays.com\/no\/wp-json\/wp\/v2\/posts"}],"about":[{"href":"https:\/\/www.europesays.com\/no\/wp-json\/wp\/v2\/types\/post"}],"author":[{"embeddable":true,"href":"https:\/\/www.europesays.com\/no\/wp-json\/wp\/v2\/users\/2"}],"replies":[{"embeddable":true,"href":"https:\/\/www.europesays.com\/no\/wp-json\/wp\/v2\/comments?post=132577"}],"version-history":[{"count":0,"href":"https:\/\/www.europesays.com\/no\/wp-json\/wp\/v2\/posts\/132577\/revisions"}],"wp:featuredmedia":[{"embeddable":true,"href":"https:\/\/www.europesays.com\/no\/wp-json\/wp\/v2\/media\/132578"}],"wp:attachment":[{"href":"https:\/\/www.europesays.com\/no\/wp-json\/wp\/v2\/media?parent=132577"}],"wp:term":[{"taxonomy":"category","embeddable":true,"href":"https:\/\/www.europesays.com\/no\/wp-json\/wp\/v2\/categories?post=132577"},{"taxonomy":"post_tag","embeddable":true,"href":"https:\/\/www.europesays.com\/no\/wp-json\/wp\/v2\/tags?post=132577"}],"curies":[{"name":"wp","href":"https:\/\/api.w.org\/{rel}","templated":true}]}}