{"id":132583,"date":"2026-01-08T23:52:07","date_gmt":"2026-01-08T23:52:07","guid":{"rendered":"https:\/\/www.europesays.com\/no\/132583\/"},"modified":"2026-01-08T23:52:07","modified_gmt":"2026-01-08T23:52:07","slug":"betydelig-snoskredfare-i-nordland-og-troms-gult-farevarsel-i-resten-av-landet-nrk-nordland","status":"publish","type":"post","link":"https:\/\/www.europesays.com\/no\/132583\/","title":{"rendered":"Betydelig sn\u00f8skredfare i Nordland og Troms \u2013 gult farevarsel i resten av landet \u2013 NRK Nordland"},"content":{"rendered":"<p>En kald og stabil januarvinter frister mange skientusiaster ut i naturen.<\/p>\n<p>Men det betyr ikke at du n\u00f8dvendigvis kan vandre bekymringsl\u00f8st rundt omkring.<\/p>\n<p><a href=\"https:\/\/www.varsom.no\/snoskred\/varsling\/\" ec-id=\"https:\/\/www.varsom.no\/snoskred\/varsling\/\" ec-name=\"Varsom.no\" rel=\"nofollow noopener\" target=\"_blank\">Varsom.no<\/a> melder om sn\u00f8skredfare i store deler av landet.<\/p>\n<p>Men hvor farlig er det egentlig \u00e5 ferdes? <\/p>\n<p><img decoding=\"async\"   src=\"data:image\/gif;base64,R0lGODlhAQABAIAAAAAAAP\/\/\/yH5BAEAAAAALAAAAAABAAEAAAIBRAA7\" loading=\"eager\" alt=\"En person som g\u00e5r p\u00e5 ski i sn\u00f8en (Bildebeskrivelsen er laget av en KI-tjeneste)\" title=\"Foto: Lars Petter Kalkenberg \/ NRK\"\/><\/p>\n<p class=\"\">G\u00f8ran Nordeng er p\u00e5 vei opp til Bomfjellet i Storforshei for \u00e5 sjekke vindforholdene der.<\/p>\n<p>Foto: Lars Petter Kalkenberg \/ NRK<\/p>\n<p>Det er det blant annet G\u00f8ran Nordeng sin jobb \u00e5 finne ut av.<\/p>\n<p>Han har polstra seg i ull og vindt\u00f8y, satt hodelykt p\u00e5 hodet, og har spent p\u00e5 seg skiene for \u00e5 ta fatt p\u00e5 veien opp til det 1200 meter h\u00f8ye Bomfjellet i Storforshei p\u00e5 Helgeland.<\/p>\n<p>Han har en viktig jobb foran seg.<\/p>\n<p>Sjekker hvor stabil sn\u00f8en er<\/p>\n<p>Nordeng er engasjert av Noregs vassdrags- og energidirektorat (NVE) til \u00e5 g\u00e5 tur noen ganger i uka i Rana f\u00e5 \u00e5 vurdere forholdene der.<\/p>\n<p>\u2013 Jeg pr\u00f8ver \u00e5 finne omr\u00e5der der det har lagt seg fokksn\u00f8 og pr\u00f8ver \u00e5 se hvordan den oppf\u00f8rer seg i terrenget, forteller han.<\/p>\n<p><img decoding=\"async\"   src=\"data:image\/gif;base64,R0lGODlhAQABAIAAAAAAAP\/\/\/yH5BAEAAAAALAAAAAABAAEAAAIBRAA7\" loading=\"eager\" alt=\"Et par personer som st\u00e5r p\u00e5 ski med hodelykter snakker sammen (Bildebeskrivelsen er laget av en KI-tjeneste)\" title=\"Foto: Lars Petter Kalkenberg \/ NRK\"\/><\/p>\n<p class=\"\">Folk som G\u00f8ran Nordeng sender inn vurderinger av sn\u00f8forholdene i sine regioner f\u00f8r varsom sender ut farevarsel og f\u00f8r farevarslene blir oppdatert.<\/p>\n<p>Foto: Lars Petter Kalkenberg \/ NRK<\/p>\n<p>M\u00e5let er \u00e5 finne ut om sn\u00f8en har bundet seg til underlaget, eller om det l\u00f8sner og sprekker opp lett. Dersom han finner det, melder han ifra til sin region av NVE som lager varslet for alle.<\/p>\n<p>\u2013 Jeg har med spade for \u00e5 ta b\u00e5de en sn\u00f8profil og en stabilitetstest.<\/p>\n<p>Det er i Nordland og deler av Nord-Troms og Lyngen at sn\u00f8skredfaren er st\u00f8rst n\u00e5, med faregrad 3.<\/p>\n<p><strong>Denne gangen kom sn\u00f8skredvarslet plutselig, forteller Nordeng. Lite sn\u00f8 i regionen i vinter, med et plutselig sn\u00f8fall rundt nytt\u00e5rshelga satt fart p\u00e5 sakene. S\u00e5 kom vinden.<\/strong><\/p>\n<p><img decoding=\"async\"   src=\"data:image\/gif;base64,R0lGODlhAQABAIAAAAAAAP\/\/\/yH5BAEAAAAALAAAAAABAAEAAAIBRAA7\" loading=\"eager\" alt=\"Det har g\u00e5tt et sn\u00f8skred over veien og brua p\u00e5 Svartisdalveien ved Sagrabben.\" title=\"Foto: Politiet\"\/><\/p>\n<p class=\"\">3. januar gikk det et sn\u00f8skred over veien og brua p\u00e5 Svartisdalveien ved Sagrabben. Da var det bare gult farevarsel for sn\u00f8skred i omr\u00e5det. N\u00e5 er det \u00f8kt til oransje.<\/p>\n<p>Foto: Politiet<\/p>\n<p>\u2013 P\u00e5 den faregraden vi har n\u00e5, er det lett \u00e5 l\u00f8se ut skred. Det har dannet fokksn\u00f8flak i lesidene av fjellet. Det utgj\u00f8r et sn\u00f8skredproblem, sier eksperten.<\/p>\n<p>Men det er ikke bare i omr\u00e5der med faregrad tre man m\u00e5 v\u00e6re forsiktig.<\/p>\n<p>\u2013 Uberegnelig<\/p>\n<p>Sn\u00f8skredfaren gjelder ogs\u00e5 s\u00f8rover i landet.<\/p>\n<p>I fjellomr\u00e5det Trollheimen, som strekker seg gjennom M\u00f8re og Romsdal og Innlandet fylke, er det moderat sn\u00f8skredfare. Det vil si faregrad to, eller gult varsel.<\/p>\n<p>Det samme gjelder for blant annet Sunnm\u00f8re, Romsdal, Indre Fjordane, Voss og Hardanger.<\/p>\n<p><img decoding=\"async\"   src=\"data:image\/gif;base64,R0lGODlhAQABAIAAAAAAAP\/\/\/yH5BAEAAAAALAAAAAABAAEAAAIBRAA7\" loading=\"eager\" alt=\"en hanskekledd h\u00e5nd som tar borti sn\u00f8en\" title=\"Foto: Lars Petter Kalkenberg \/ NRK\"\/><\/p>\n<p class=\"\">For \u00e5 vurdere hvor stor fare det er for sn\u00f8skred m\u00e5 man ta en sn\u00f8profil og se p\u00e5 de ulike lagene i sn\u00f8en. <\/p>\n<p>Foto: Lars Petter Kalkenberg \/ NRK<\/p>\n<p>Skredobservat\u00f8r for Varsom, Bj\u00f8rnar Hovland har torsdag sjekket sn\u00f8en ved fjellet Sandegga i Volda p\u00e5 Sunnm\u00f8re.<\/p>\n<p>P\u00e5 rundt 1200 meters h\u00f8yde fant han igjen det svake sn\u00f8laget som f\u00f8rte til flere skred for en ukes tid siden. Dette er sn\u00f8 som falt allerede i november.<\/p>\n<p>\u2013 Det har n\u00e5 roet seg, men det er fremdeles regnet som et vedvarende svakt lag som man m\u00e5 ta hensyn til i den h\u00f8gden det gjelder.<\/p>\n<p>Hovland mener dette sn\u00f8laget er uberegnelig. Vind fra nordvest har f\u00f8rt til med seg mye nysn\u00f8 til omr\u00e5det torsdag. Fredag er det meldt mye vind. Det kan bygge opp nye uberegnelige flak.<\/p>\n<p><img decoding=\"async\"   src=\"data:image\/gif;base64,R0lGODlhAQABAIAAAAAAAP\/\/\/yH5BAEAAAAALAAAAAABAAEAAAIBRAA7\" loading=\"eager\" alt=\"Det gjekk eit sn\u00f8skred i Sykkylven for nokre dagar sidan. \" title=\"Foto: \u00d8ystein Uglum Henkum \/ RegObs\"\/><\/p>\n<p class=\"\">Det gikk et sn\u00f8skred p\u00e5 Sunnavindsnipa i Sykkylven p\u00e5 Sunnm\u00f8re for noen dager siden. Observert av luftambulansepilot \u00d8ystein Uglum Henjum.<\/p>\n<p>Foto: \u00d8ystein Uglum Henkum \/ RegObs<\/p>\n<p>En kombinasjon av vind og nysn\u00f8<\/p>\n<p>P\u00e5 l\u00f8rdag er det forventet at sn\u00f8en skal stabilisere seg litt og faregrad tre skal nedjusteres til faregrad to i regionene Svartisen, Ofoten og Salten.<\/p>\n<p>Sn\u00f8skredvarsler i NVE, Markus Lander\u00f8, forteller at v\u00e6ret som har v\u00e6rt, har mye \u00e5 si for hvorfor det blir betydelig fare for sn\u00f8skred. Denne gang skyldes det mye vind fra s\u00f8r og \u00f8st.<\/p>\n<p>    \u2190<\/p>\n<ul data-scroll-container=\"\" role=\"list\">\n<li><img alt=\"Det har g\u00e5tt et sn\u00f8skred over veien og brua p\u00e5 Svartisdalveien ved Sagrabben.\"  width=\"3840\" height=\"2160\" loading=\"lazy\"\/>\n<p>\n        Politiet\n      <\/p>\n<p>Femtrinns skala<\/p>\n<p>NVE opperer med en femtrinnsskala, der \u00e9n er liten og fem er sv\u00e6rt stor. Ved faregrad tre, oransje varsel, forventer de enkelte store naturlig utl\u00f8ste skred<\/p>\n<\/li>\n<li><img alt=\"Luftambulansen over Strandafjellet etter sn\u00f8skred.\"  width=\"3840\" height=\"2160\" loading=\"lazy\"\/>\n<p>\n        Tipser\n      <\/p>\n<p>Tre elementer i varslinga<\/p>\n<p>Faregraden best\u00e5r av tre elementer: Hvor store skredene blir, hvor mange steder den typen skred kan l\u00f8sne og hvor lett skredene er \u00e5 l\u00f8se ut.<\/p>\n<\/li>\n<li><img alt=\"Et sn\u00f8skred er i ferd med \u00e5 rulle nedover en skr\u00e5ning i et fjellandskap. I forgrunnen sees en vei som f\u00f8rer mot en liten, r\u00f8d hytte og en bygning i hvitt, omringet av sn\u00f8dekt mark. Bakgrunnen viser ski- og fjellomr\u00e5der dekket av sn\u00f8, mens skyer henger lavt. Det er stille, men skredet skaper store mengder sn\u00f8 og rusk som fyker nedover fjellene. (Bildebeskrivelsen er laget av en KI-tjeneste)\"  width=\"3840\" height=\"2160\" loading=\"lazy\"\/>\n<p>\n        Ukjent\n      <\/p>\n<p>Ulik hyppighet<\/p>\n<p>Faregrad to er ganske vanlig i Norge. Faregrad tre melder NVE flere ganger i l\u00f8pet av en sesong, men faregrad fire er langt sjeldnere. Faregrad fem har blitt varslet bare en h\u00e5ndfull ganger.<\/p>\n<\/li>\n<li><img alt=\"Sn\u00f8skred ved Gudvangen.\"  width=\"3840\" height=\"2157\" loading=\"lazy\"\/>\n<p>\n        Georg Hansen\n      <\/p>\n<p>24 regioner i Norge<\/p>\n<p>NVE publiserer sn\u00f8skredvarsel for 24 regioner p\u00e5 fastlandet og Svalbard hver dag i vinterhalv\u00e5ret.<\/p>\n<\/li>\n<li><img alt=\"Illustrasjonsbilde av Varsom Regobs app.\"  width=\"3840\" height=\"2158\" loading=\"lazy\"\/>\n<p>\n        Ukjent\n      <\/p>\n<p>Kan dele informasjon selv<\/p>\n<p>Du kan selv dele informasjon om sn\u00f8, skredforhold og hendinger, og lese andre sine observasjoner med\u00a0Varsom sin egen app.<\/p>\n<\/li>\n<\/ul>\n<p>\u2192<\/p>\n<p>\u2013 Det betyr at sn\u00f8en som har kommet i l\u00f8pet av siste uke blir flyttet. N\u00e5r nysn\u00f8 fraktes av vinden knuses krystallene og bindes tettere sammen, forklarer han.<\/p>\n<p>N\u00e5r det da legges ny sn\u00f8 over der blir det l\u00f8s sn\u00f8. S\u00e5 legger vinden hardere sn\u00f8 opp\u00e5 den l\u00f8se sn\u00f8en.<\/p>\n<p>\u2013 Da kan den l\u00f8se sn\u00f8en kollapse. S\u00e5 sklir den hardere sn\u00f8en p\u00e5 det l\u00f8sere sn\u00f8laget.<\/p>\n<p>Anbefaler \u00e5 unng\u00e5 skredterreng<\/p>\n<p>B\u00e5de i Rana, der G\u00f8ran Nordeng holder til, og i andre deler av landet, er det aktive toppturmilj\u00f8er p\u00e5 denne tiden av \u00e5ret.<\/p>\n<p><img decoding=\"async\"   src=\"data:image\/gif;base64,R0lGODlhAQABAIAAAAAAAP\/\/\/yH5BAEAAAAALAAAAAABAAEAAAIBRAA7\" loading=\"eager\" alt=\"En kart over Nord-Norge med gule og oransje farger p\u00e5 omr\u00e5dene med gult og oransje farevarsel\" title=\"Foto: skjermdump \/ varsom\"\/><\/p>\n<p class=\"\">B\u00e5de i Nordland og Troms er det sendt ut oransje varsel for sn\u00f8skred. I store deler av landet er det gult farevarsel for sn\u00f8skred.<\/p>\n<p>Foto: skjermdump \/ varsom<\/p>\n<p>Sn\u00f8skredeksperten p\u00e5 Helgeland sier at det er sv\u00e6rt viktig n\u00e5 \u00e5 f\u00f8lge med p\u00e5 flak i terrenget, s\u00e6rlig p\u00e5 vestvendte sider. Disse kan l\u00f8sne lett.<\/p>\n<p><strong>Meteorologisk institutt anbefaler generelt \u00e5 unng\u00e5 skredterreng.<\/strong><\/p>\n<p>\u2013 Ferdsel i skredterreng krever solid kunnskap, erfaring i rutevalg og evne til \u00e5 identifisere skredproblem, skriver de p\u00e5 sine nettsider.<\/p>\n<p><img decoding=\"async\"   src=\"data:image\/gif;base64,R0lGODlhAQABAIAAAAAAAP\/\/\/yH5BAEAAAAALAAAAAABAAEAAAIBRAA7\" loading=\"eager\" alt=\"Skitur i p\u00e5ska p\u00e5 Beiarfjellet\" title=\"Foto: Sunniva Grimstad Hestenes \/ NRK\"\/><\/p>\n<p class=\"\">Flere steder i landet er det fine skiforhold n\u00e5. Men den som skal p\u00e5 topptur m\u00e5 vite hva den holder p\u00e5 med.<\/p>\n<p>Foto: Sunniva Grimstad Hestenes \/ NRK<\/p>\n<p>\u2013 I tillegg til at vi har ganske lave temperaturer n\u00e5, vil det ta tid f\u00f8r fokksn\u00f8en stabiliserer seg, sier Nordeng.<\/p>\n<p>Men i det gule farevarselet som gjelder for M\u00f8re og Romsdal tror Hovland man likevel kan g\u00e5 trygt p\u00e5 tur.<\/p>\n<p>\u2013 Men man m\u00e5 se etter klassiske faretegn som oppsprekking og ferske skred og ta hensyn til det.<\/p>\n<p>Ekspertene r\u00e5der turfolk til \u00e5 lese ferdselsr\u00e5dene p\u00e5 skredvarselet som er lagt inn i <a href=\"https:\/\/www.varsom.no\/\" ec-id=\"https:\/\/www.varsom.no\/\" ec-name=\"varsom.no\" rel=\"nofollow noopener\" target=\"_blank\">varsom.no<\/a>, dersom de begir seg ut.<\/p>\n<p>Publisert<\/p>\n<p>08.01.2026, kl. 22.07<\/p>\n","protected":false},"excerpt":{"rendered":"En kald og stabil januarvinter frister mange skientusiaster ut i naturen. Men det betyr ikke at du n\u00f8dvendigvis&hellip;\n","protected":false},"author":2,"featured_media":132584,"comment_status":"","ping_status":"","sticky":false,"template":"","format":"standard","meta":{"footnotes":""},"categories":[10],"tags":[20,21,24,25,15,22,23,13,30,28,29,14,16,26,27],"class_list":{"0":"post-132583","1":"post","2":"type-post","3":"status-publish","4":"format-standard","5":"has-post-thumbnail","7":"category-norge","8":"tag-breaking-news","9":"tag-breakingnews","10":"tag-featured-news","11":"tag-featurednews","12":"tag-headlines","13":"tag-latest-news","14":"tag-latestnews","15":"tag-news","16":"tag-no","17":"tag-norge","18":"tag-norway","19":"tag-nyheter","20":"tag-overskrifter","21":"tag-top-stories","22":"tag-topstories"},"share_on_mastodon":{"url":"https:\/\/pubeurope.com\/@no\/115862172089454620","error":""},"_links":{"self":[{"href":"https:\/\/www.europesays.com\/no\/wp-json\/wp\/v2\/posts\/132583","targetHints":{"allow":["GET"]}}],"collection":[{"href":"https:\/\/www.europesays.com\/no\/wp-json\/wp\/v2\/posts"}],"about":[{"href":"https:\/\/www.europesays.com\/no\/wp-json\/wp\/v2\/types\/post"}],"author":[{"embeddable":true,"href":"https:\/\/www.europesays.com\/no\/wp-json\/wp\/v2\/users\/2"}],"replies":[{"embeddable":true,"href":"https:\/\/www.europesays.com\/no\/wp-json\/wp\/v2\/comments?post=132583"}],"version-history":[{"count":0,"href":"https:\/\/www.europesays.com\/no\/wp-json\/wp\/v2\/posts\/132583\/revisions"}],"wp:featuredmedia":[{"embeddable":true,"href":"https:\/\/www.europesays.com\/no\/wp-json\/wp\/v2\/media\/132584"}],"wp:attachment":[{"href":"https:\/\/www.europesays.com\/no\/wp-json\/wp\/v2\/media?parent=132583"}],"wp:term":[{"taxonomy":"category","embeddable":true,"href":"https:\/\/www.europesays.com\/no\/wp-json\/wp\/v2\/categories?post=132583"},{"taxonomy":"post_tag","embeddable":true,"href":"https:\/\/www.europesays.com\/no\/wp-json\/wp\/v2\/tags?post=132583"}],"curies":[{"name":"wp","href":"https:\/\/api.w.org\/{rel}","templated":true}]}}