{"id":132587,"date":"2026-01-09T00:00:08","date_gmt":"2026-01-09T00:00:08","guid":{"rendered":"https:\/\/www.europesays.com\/no\/132587\/"},"modified":"2026-01-09T00:00:08","modified_gmt":"2026-01-09T00:00:08","slug":"trafikkmeldinger-saltfjellet-e6-kan-bli-stengt-bade-sor-og-nord-for-mo-i-rana","status":"publish","type":"post","link":"https:\/\/www.europesays.com\/no\/132587\/","title":{"rendered":"Trafikkmeldinger, Saltfjellet | E6 kan bli stengt b\u00e5de s\u00f8r og nord for Mo i Rana"},"content":{"rendered":"\n<p>Det bl\u00e5ser godt p\u00e5 Helgeland torsdag kveld. Allerede er det ute et gult farevarsel om kraftige vindkast som gjelder frem til i morgen, og n\u00e5 i kveld ser det ut til at det kan bli stengt p\u00e5 E6 grunnet sn\u00f8fokk. <\/p>\n<p>Veitrafikksentralen har ute en melding om at det kan bli stengt p\u00e5 kort varsel ved Mj\u00e5vatnet p\u00e5 E6 i Vefsn grunnet sn\u00f8fokk. <\/p>\n<p>E6 over Saltfjellet er forel\u00f8pig \u00e5pent, men det bl\u00e5ser godt p\u00e5 fjellet og p\u00e5 Vegvesenets oversikt er det n\u00e5 H\u00f8y sannsynlighet for at det blir stengt i l\u00f8pet av de neste timene. <\/p>\n<p><b>OPPDATERT: Mens undertegnede skrev dette ble Saltfjellet stengt. Forel\u00f8pig er det satt beregnet sluttid til 2300, men det kan nok endre seg. <\/b><\/p>\n<p><b>OPPDATERT: Litt etter klokken 2100 melder VTS at det er kolonnekj\u00f8ring p\u00e5 Saltfjellet. Litt senere &#8211; klokken 2140 &#8211; melder VTS at Saltfjellet kan bli stengt p\u00e5 kort varsel. <\/b><\/p>\n<p>Ellers er det fergesambandet Jektvik &#8211; Kilboghamn innstilt ut kvelden i dag grunnet sterk vind. <\/p>\n<p>P\u00e5 sambandet Nesna-Nesna\u00f8yene er det innstilt avganger fra Vilkholmen til Tomma ut dagen. Det er v\u00e6rforbehold og muligheter for kansellering p\u00e5 kort varsel ved anl\u00f8p Handnes\u00f8ya. <\/p>\n<p>P\u00e5 sambandet Stokkv\u00e5gen &#8211; On\u00f8y &#8211; Sleneset &#8211; Lovund er alt av avganger i A-ruta kansellert ut dagen. For B-ruta tas det v\u00e6rforbehold for alle anl\u00f8pssteder i morgen grunnet sterk vind. <\/p>\n<p>P\u00e5 sambandet R\u00f8d\u00f8ybassenget har anl\u00f8p R\u00f8d\u00f8ya blitt kansellert 1905. Resten av ruta tas med forbehold og kan bli kansellert p\u00e5 kort varsel.<\/p>\n<p>Ogs\u00e5 i flytrafikken er det utfordringer. Fly fra Trondheim som skulle lande like over klokken 2300 p\u00e5 R\u00f8ssvoll er kansellert.<\/p>\n<p>Fly fra Bod\u00f8, som skulle lande litt over klokken 2000 p\u00e5 R\u00f8ssvoll er utsatt. Ny tid er klokken 2048. <\/p>\n","protected":false},"excerpt":{"rendered":"Det bl\u00e5ser godt p\u00e5 Helgeland torsdag kveld. Allerede er det ute et gult farevarsel om kraftige vindkast som&hellip;\n","protected":false},"author":2,"featured_media":5826,"comment_status":"","ping_status":"","sticky":false,"template":"","format":"standard","meta":{"footnotes":""},"categories":[10],"tags":[36,20,21,24,25,15,3413,22,23,1782,1781,13,30,28,29,14,16,1360,1783,6526,1510,26,27,665],"class_list":{"0":"post-132587","1":"post","2":"type-post","3":"status-publish","4":"format-standard","5":"has-post-thumbnail","7":"category-norge","8":"tag-art","9":"tag-breaking-news","10":"tag-breakingnews","11":"tag-featured-news","12":"tag-featurednews","13":"tag-headlines","14":"tag-hemnes","15":"tag-latest-news","16":"tag-latestnews","17":"tag-luroy","18":"tag-nesna","19":"tag-news","20":"tag-no","21":"tag-norge","22":"tag-norway","23":"tag-nyheter","24":"tag-overskrifter","25":"tag-rana","26":"tag-rodoy","27":"tag-saltfjellet","28":"tag-story","29":"tag-top-stories","30":"tag-topstories","31":"tag-trafikkmeldinger"},"share_on_mastodon":{"url":"https:\/\/pubeurope.com\/@no\/115862203507155971","error":""},"_links":{"self":[{"href":"https:\/\/www.europesays.com\/no\/wp-json\/wp\/v2\/posts\/132587","targetHints":{"allow":["GET"]}}],"collection":[{"href":"https:\/\/www.europesays.com\/no\/wp-json\/wp\/v2\/posts"}],"about":[{"href":"https:\/\/www.europesays.com\/no\/wp-json\/wp\/v2\/types\/post"}],"author":[{"embeddable":true,"href":"https:\/\/www.europesays.com\/no\/wp-json\/wp\/v2\/users\/2"}],"replies":[{"embeddable":true,"href":"https:\/\/www.europesays.com\/no\/wp-json\/wp\/v2\/comments?post=132587"}],"version-history":[{"count":0,"href":"https:\/\/www.europesays.com\/no\/wp-json\/wp\/v2\/posts\/132587\/revisions"}],"wp:featuredmedia":[{"embeddable":true,"href":"https:\/\/www.europesays.com\/no\/wp-json\/wp\/v2\/media\/5826"}],"wp:attachment":[{"href":"https:\/\/www.europesays.com\/no\/wp-json\/wp\/v2\/media?parent=132587"}],"wp:term":[{"taxonomy":"category","embeddable":true,"href":"https:\/\/www.europesays.com\/no\/wp-json\/wp\/v2\/categories?post=132587"},{"taxonomy":"post_tag","embeddable":true,"href":"https:\/\/www.europesays.com\/no\/wp-json\/wp\/v2\/tags?post=132587"}],"curies":[{"name":"wp","href":"https:\/\/api.w.org\/{rel}","templated":true}]}}