{"id":132588,"date":"2026-01-09T00:01:17","date_gmt":"2026-01-09T00:01:17","guid":{"rendered":"https:\/\/www.europesays.com\/no\/132588\/"},"modified":"2026-01-09T00:01:17","modified_gmt":"2026-01-09T00:01:17","slug":"kan-russland-ta-svalbard-nrk-radio","status":"publish","type":"post","link":"https:\/\/www.europesays.com\/no\/132588\/","title":{"rendered":"Kan Russland ta Svalbard? &#8211; NRK Radio"},"content":{"rendered":"<ol>\n<li><a href=\"https:\/\/news.google.com\/rss\/articles\/CBMihAFBVV95cUxNSVVWX0ZzVXVRRWVSNVkxVlF1SUlkZlg5aWUzOEg0QldCeEd0aDZqdUpieHh1TzJudVlfUkp4eUFsZW1jY0dIQ1BLc0JvYUxLOE5aMy1ZWWxsWEhCeE1QRDN4cU1XamJPQzI1QnE3X1VDdUhvS2VneEdNaFdncl9UVlVJeEs?oc=5\" target=\"_blank\" rel=\"nofollow noopener\">Kan Russland ta Svalbard?<\/a>&nbsp;&nbsp;NRK Radio<\/li>\n<li><a href=\"https:\/\/news.google.com\/rss\/articles\/CBMilwFBVV95cUxNQTZWVWVWQWpWb3dxRE81NFVsUGlzWWhOMWhKa3RxZVZVTHl0SWRISlRFXzRuV3F6V0M0OERRUkVPMzctaUpjd3N1dWVHNlBzU2RwMndaVldmZldlX01YTlBxQXZRbFdWWUhORWtKc0gxUmlGTkZSTDNDN3hIVkdna043dzFlUWdacUdfdGsyakZkMndiRUVn?oc=5\" target=\"_blank\" rel=\"nofollow noopener\">Rapport: \u2013 Russerne tester Norges grenser p\u00e5 Svalbard<\/a>&nbsp;&nbsp;adressa.no<\/li>\n<li><a href=\"https:\/\/news.google.com\/rss\/articles\/CBMilAFBVV95cUxOT0NVVUFvTDF1TjVaZmNwc053Qi16a3NlWGd0cmtLQ0lvV3gxVFF4aUdZeHBRVjJSQ3NlazQ2SWM4WF9XN2JvRm9qM2doWHl4UUlMc1VxcjFncmdtYTRnZ0x3TkRFZU8zLW9HRVJQQWx4SU9DM3diZ3ZqMUZrZ2phYmhWV09DNXZTT19iQnY3TFU3cjg2?oc=5\" target=\"_blank\" rel=\"nofollow noopener\">Trump-frykt p\u00e5 Stortinget: Ber St\u00f8re svare om Svalbard<\/a>&nbsp;&nbsp;NRK<\/li>\n<li><a href=\"https:\/\/news.google.com\/rss\/articles\/CBMipgFBVV95cUxPRFF5WENLRmFXb1JPZ2k0b3JIQTZDVHNBZTdiS3dVZVp6U2lhbmVHZzFzdkl3WDJnVjRXTUI0cGFpcGFUNFdOWDNzems2bXB6OW11T1dQRUJNNVVlMXBNWTZQSnBHU0FqQmYzRmhTSWJ3NFZFYTZ6cm9Kbk5uZTZUSjNReDFyblJiRG9wSUxFREE4VkRmSkxVZ1pJRGFZT0g2c09ockpn?oc=5\" target=\"_blank\" rel=\"nofollow noopener\">SV vil ha Svalbard-svar fra statsministeren<\/a>&nbsp;&nbsp;forsvaretsforum<\/li>\n<li><a href=\"https:\/\/news.google.com\/rss\/articles\/CBMiqgFBVV95cUxOMkdPVl9lVloxSlFSNVRicS0yUFNnSWM0N0trRWFCWlgtQVgtTXFNNUVzbDZZWFJkWGVxVUlpejVLUHNKV05UWEJIeldpUmxKWGNmbTZQNkp1cHh5ODFLdnc2dlFuOTRUaE5yN1JQWkhBb0w0OXVMMjh0OUoxNk5sejZ2S25hWmhvdG1hdVVCeFNwSlVueXlmXzZZT09rcGxBQ0JGMVQtcWxiZw?oc=5\" target=\"_blank\" rel=\"nofollow noopener\">St\u00f8re: Gir ikke mening \u00e5 snakke om russiske trusler mot Svalbard<\/a>&nbsp;&nbsp;lister24.no<\/li>\n<\/ol>\n","protected":false},"excerpt":{"rendered":"Kan Russland ta Svalbard?&nbsp;&nbsp;NRK Radio Rapport: \u2013 Russerne tester Norges grenser p\u00e5 Svalbard&nbsp;&nbsp;adressa.no Trump-frykt p\u00e5 Stortinget: Ber St\u00f8re&hellip;\n","protected":false},"author":2,"featured_media":132589,"comment_status":"","ping_status":"","sticky":false,"template":"","format":"standard","meta":{"footnotes":""},"categories":[5],"tags":[20,21,24,25,15,19,22,23,17,18,13,30,28,29,14,16,26,27],"class_list":{"0":"post-132588","1":"post","2":"type-post","3":"status-publish","4":"format-standard","5":"has-post-thumbnail","7":"category-overskrifter","8":"tag-breaking-news","9":"tag-breakingnews","10":"tag-featured-news","11":"tag-featurednews","12":"tag-headlines","13":"tag-hovedoppslag","14":"tag-latest-news","15":"tag-latestnews","16":"tag-main-news","17":"tag-mainnews","18":"tag-news","19":"tag-no","20":"tag-norge","21":"tag-norway","22":"tag-nyheter","23":"tag-overskrifter","24":"tag-top-stories","25":"tag-topstories"},"share_on_mastodon":{"url":"https:\/\/pubeurope.com\/@no\/115862207379746357","error":""},"_links":{"self":[{"href":"https:\/\/www.europesays.com\/no\/wp-json\/wp\/v2\/posts\/132588","targetHints":{"allow":["GET"]}}],"collection":[{"href":"https:\/\/www.europesays.com\/no\/wp-json\/wp\/v2\/posts"}],"about":[{"href":"https:\/\/www.europesays.com\/no\/wp-json\/wp\/v2\/types\/post"}],"author":[{"embeddable":true,"href":"https:\/\/www.europesays.com\/no\/wp-json\/wp\/v2\/users\/2"}],"replies":[{"embeddable":true,"href":"https:\/\/www.europesays.com\/no\/wp-json\/wp\/v2\/comments?post=132588"}],"version-history":[{"count":0,"href":"https:\/\/www.europesays.com\/no\/wp-json\/wp\/v2\/posts\/132588\/revisions"}],"wp:featuredmedia":[{"embeddable":true,"href":"https:\/\/www.europesays.com\/no\/wp-json\/wp\/v2\/media\/132589"}],"wp:attachment":[{"href":"https:\/\/www.europesays.com\/no\/wp-json\/wp\/v2\/media?parent=132588"}],"wp:term":[{"taxonomy":"category","embeddable":true,"href":"https:\/\/www.europesays.com\/no\/wp-json\/wp\/v2\/categories?post=132588"},{"taxonomy":"post_tag","embeddable":true,"href":"https:\/\/www.europesays.com\/no\/wp-json\/wp\/v2\/tags?post=132588"}],"curies":[{"name":"wp","href":"https:\/\/api.w.org\/{rel}","templated":true}]}}