{"id":132590,"date":"2026-01-09T00:06:12","date_gmt":"2026-01-09T00:06:12","guid":{"rendered":"https:\/\/www.europesays.com\/no\/132590\/"},"modified":"2026-01-09T00:06:12","modified_gmt":"2026-01-09T00:06:12","slug":"rykket-med-mye-ressurser-fant-ingenting","status":"publish","type":"post","link":"https:\/\/www.europesays.com\/no\/132590\/","title":{"rendered":"Rykket med mye ressurser: Fant ingenting"},"content":{"rendered":"\n<p>N\u00f8detatene rykket ut til Bogstadvannet etter melding om mulig person gjennom isen, torsdag kveld. <\/p>\n<p>\u2013 Ikke sett personer p\u00e5 stedet. Vi har per n\u00e5 ingen ytterligere informasjon, skrev operasjonsleder Per-Ivar Iversen i politiloggen. <\/p>\n<p>Det ble sendt politihelikopter til stedet. <\/p>\n<p>\u2013 Det er fortsatt uklart hva som faktisk har skjedd. Det er sett en sn\u00f8scooter ute p\u00e5 vannet. Ingen personer sett ved denne scooteren, skrev Iversen videre. <\/p>\n<p>Noen minutter senere kom det en ny oppdatering:<\/p>\n<p><b>\u2013 Politihelikopteret har avs\u00f8kt hele Bogstadvannet. Ikke funnet verken sn\u00f8scooter eller spor etter dette.<\/b><\/p>\n<p>Det er heller ikke funnet noen hull i isen.<\/p>\n<p>&#8211; Alt tyder p\u00e5 at det ikke har skjedd noe som helst p\u00e5 Bogstadvannet. Innsats p\u00e5 stedet legges ned, avslutter Iversen med. <\/p>\n","protected":false},"excerpt":{"rendered":"N\u00f8detatene rykket ut til Bogstadvannet etter melding om mulig person gjennom isen, torsdag kveld. \u2013 Ikke sett personer&hellip;\n","protected":false},"author":2,"featured_media":132591,"comment_status":"","ping_status":"","sticky":false,"template":"","format":"standard","meta":{"footnotes":""},"categories":[12],"tags":[36,20,21,24,25,15,22,23,13,30,28,29,14,16,1510,26,27,42,43,44,45],"class_list":{"0":"post-132590","1":"post","2":"type-post","3":"status-publish","4":"format-standard","5":"has-post-thumbnail","7":"category-verden","8":"tag-art","9":"tag-breaking-news","10":"tag-breakingnews","11":"tag-featured-news","12":"tag-featurednews","13":"tag-headlines","14":"tag-latest-news","15":"tag-latestnews","16":"tag-news","17":"tag-no","18":"tag-norge","19":"tag-norway","20":"tag-nyheter","21":"tag-overskrifter","22":"tag-story","23":"tag-top-stories","24":"tag-topstories","25":"tag-verden","26":"tag-world","27":"tag-world-news","28":"tag-worldnews"},"share_on_mastodon":{"url":"https:\/\/pubeurope.com\/@no\/115862227207572026","error":""},"_links":{"self":[{"href":"https:\/\/www.europesays.com\/no\/wp-json\/wp\/v2\/posts\/132590","targetHints":{"allow":["GET"]}}],"collection":[{"href":"https:\/\/www.europesays.com\/no\/wp-json\/wp\/v2\/posts"}],"about":[{"href":"https:\/\/www.europesays.com\/no\/wp-json\/wp\/v2\/types\/post"}],"author":[{"embeddable":true,"href":"https:\/\/www.europesays.com\/no\/wp-json\/wp\/v2\/users\/2"}],"replies":[{"embeddable":true,"href":"https:\/\/www.europesays.com\/no\/wp-json\/wp\/v2\/comments?post=132590"}],"version-history":[{"count":0,"href":"https:\/\/www.europesays.com\/no\/wp-json\/wp\/v2\/posts\/132590\/revisions"}],"wp:featuredmedia":[{"embeddable":true,"href":"https:\/\/www.europesays.com\/no\/wp-json\/wp\/v2\/media\/132591"}],"wp:attachment":[{"href":"https:\/\/www.europesays.com\/no\/wp-json\/wp\/v2\/media?parent=132590"}],"wp:term":[{"taxonomy":"category","embeddable":true,"href":"https:\/\/www.europesays.com\/no\/wp-json\/wp\/v2\/categories?post=132590"},{"taxonomy":"post_tag","embeddable":true,"href":"https:\/\/www.europesays.com\/no\/wp-json\/wp\/v2\/tags?post=132590"}],"curies":[{"name":"wp","href":"https:\/\/api.w.org\/{rel}","templated":true}]}}